{"id":20194,"date":"2023-05-13T21:23:22","date_gmt":"2023-05-13T21:23:22","guid":{"rendered":"https:\/\/www.salvatorianas.org.br\/blog\/?p=20194"},"modified":"2023-05-13T21:23:24","modified_gmt":"2023-05-13T21:23:24","slug":"comunicado-de-falecimento-41","status":"publish","type":"post","link":"https:\/\/www.salvatorianas.org.br\/blog\/comunicado-de-falecimento-41\/","title":{"rendered":"COMUNICADO DE FALECIMENTO"},"content":{"rendered":"\n<figure class=\"wp-block-image size-large\"><img decoding=\"async\" loading=\"lazy\" width=\"1019\" height=\"1024\" src=\"https:\/\/www.salvatorianas.org.br\/blog\/wp-content\/uploads\/2023\/05\/ANNA-CARLOTA-2-1-1019x1024.jpeg\" alt=\"\" class=\"wp-image-20205\" srcset=\"https:\/\/www.salvatorianas.org.br\/blog\/wp-content\/uploads\/2023\/05\/ANNA-CARLOTA-2-1-1019x1024.jpeg 1019w, https:\/\/www.salvatorianas.org.br\/blog\/wp-content\/uploads\/2023\/05\/ANNA-CARLOTA-2-1-300x300.jpeg 300w, https:\/\/www.salvatorianas.org.br\/blog\/wp-content\/uploads\/2023\/05\/ANNA-CARLOTA-2-1-150x150.jpeg 150w, https:\/\/www.salvatorianas.org.br\/blog\/wp-content\/uploads\/2023\/05\/ANNA-CARLOTA-2-1-768x772.jpeg 768w, https:\/\/www.salvatorianas.org.br\/blog\/wp-content\/uploads\/2023\/05\/ANNA-CARLOTA-2-1-1528x1536.jpeg 1528w, https:\/\/www.salvatorianas.org.br\/blog\/wp-content\/uploads\/2023\/05\/ANNA-CARLOTA-2-1.jpeg 1592w\" sizes=\"(max-width: 1019px) 100vw, 1019px\" \/><\/figure>\n\n\n\n<p><strong>\u201c<em>Existem muitas moradas na casa de meu Pai. Se n\u00e3o fosse assim, eu lhes teria dito, porque vou preparar um lugar para voc\u00eas. E quando eu for e lhes tiver preparado um lugar, voltarei e levarei voc\u00eas comigo, para que onde eu estiver, estejam voc\u00eas tamb\u00e9m\u201d. (Jo\u00e3o 14, 2-3)<\/em><\/strong><\/p>\n\n\n\n<p>Ir Anna Carlota Berton com 86 anos de idade e 67 anos como Irm\u00e3 Salvatoriana recebe o \u00faltimo chamado de Deus para o encontro definitivo com Ele<em>.<\/em><\/p>\n\n\n\n<p>Comunicamos o seu falecimento ocorrido hoje, dia 13 de &nbsp;Maio de 2023 em Passo Fundo\/RS.<\/p>\n\n\n\n<p>N\u00f3s, Im\u00e3s Salvatorianas e familiares compartilhamos esse momento de f\u00e9, de entrega e louvor a Deus Salvador pela vida dessa nossa querida irm\u00e3.<\/p>\n\n\n\n<p>&nbsp;Seu vel\u00f3rio acontecer\u00e1 em Passo Fundo\/RS onde tamb\u00e9m ser\u00e1 o seu sepultamento dia 14 de maio, com hor\u00e1rio a ser definido.<\/p>\n\n\n\n<p>Nossa f\u00e9 est\u00e1 fundamentada, alicer\u00e7ada na ressurrei\u00e7\u00e3o porque Deus nos criou \u00e0 sua imagem para algo al\u00e9m do que n\u00f3s podemos experimentar aqui e agora. Descanse em paz, Ir. Anna &nbsp;Carlota. Obrigada por sua vida doada na miss\u00e3o salvatoriana.<\/p>\n","protected":false},"excerpt":{"rendered":"<p>\u201cExistem muitas moradas na casa de meu Pai. Se n\u00e3o fosse assim, eu lhes teria dito, porque vou preparar um lugar para voc\u00eas. E quando eu for e lhes tiver preparado um lugar,&#8230;<\/p>\n","protected":false},"author":2,"featured_media":0,"comment_status":"open","ping_status":"open","sticky":true,"template":"","format":"standard","meta":[],"categories":[1],"tags":[],"_links":{"self":[{"href":"https:\/\/www.salvatorianas.org.br\/blog\/wp-json\/wp\/v2\/posts\/20194"}],"collection":[{"href":"https:\/\/www.salvatorianas.org.br\/blog\/wp-json\/wp\/v2\/posts"}],"about":[{"href":"https:\/\/www.salvatorianas.org.br\/blog\/wp-json\/wp\/v2\/types\/post"}],"author":[{"embeddable":true,"href":"https:\/\/www.salvatorianas.org.br\/blog\/wp-json\/wp\/v2\/users\/2"}],"replies":[{"embeddable":true,"href":"https:\/\/www.salvatorianas.org.br\/blog\/wp-json\/wp\/v2\/comments?post=20194"}],"version-history":[{"count":3,"href":"https:\/\/www.salvatorianas.org.br\/blog\/wp-json\/wp\/v2\/posts\/20194\/revisions"}],"predecessor-version":[{"id":20206,"href":"https:\/\/www.salvatorianas.org.br\/blog\/wp-json\/wp\/v2\/posts\/20194\/revisions\/20206"}],"wp:attachment":[{"href":"https:\/\/www.salvatorianas.org.br\/blog\/wp-json\/wp\/v2\/media?parent=20194"}],"wp:term":[{"taxonomy":"category","embeddable":true,"href":"https:\/\/www.salvatorianas.org.br\/blog\/wp-json\/wp\/v2\/categories?post=20194"},{"taxonomy":"post_tag","embeddable":true,"href":"https:\/\/www.salvatorianas.org.br\/blog\/wp-json\/wp\/v2\/tags?post=20194"}],"curies":[{"name":"wp","href":"https:\/\/api.w.org\/{rel}","templated":true}]}}