{"id":20176,"date":"2023-05-06T09:42:40","date_gmt":"2023-05-06T09:42:40","guid":{"rendered":"https:\/\/www.salvatorianas.org.br\/blog\/?p=20176"},"modified":"2023-05-06T09:42:41","modified_gmt":"2023-05-06T09:42:41","slug":"4a-semana-da-pascoa-sabado","status":"publish","type":"post","link":"https:\/\/www.salvatorianas.org.br\/blog\/4a-semana-da-pascoa-sabado\/","title":{"rendered":"4\u00aa Semana da P\u00e1scoa | S\u00e1bado"},"content":{"rendered":"\n<p>Povo resgatado por Deus, proclamai suas maravilhas: ele vos chamou das trevas \u00e0 sua luz admir\u00e1vel, aleluia! (1Pd 2,9)<\/p>\n\n\n\n<p><em>Diante dos obst\u00e1culos, cabe ao agente de pastoral manter a coragem e permanecer fiel aos sempre novos apelos do Senhor. A liturgia nos anima a realizar as mesmas obras de Cristo, prestando aten\u00e7\u00e3o nos sinais dos tempos.<\/em><\/p>\n\n\n\n<p>Primeira Leitura:&nbsp;<strong>Atos 13,44-52<\/strong><\/p>\n\n\n\n<p>Leitura dos Atos dos Ap\u00f3stolos \u2013&nbsp;<sup>44<\/sup>No s\u00e1bado seguinte, quase toda a cidade se reuniu para ouvir a Palavra de Deus.&nbsp;<sup>45<\/sup>Ao verem aquela multid\u00e3o, os judeus ficaram cheios de inveja e, com blasf\u00eamias, opunham-se ao que Paulo dizia.&nbsp;<sup>46<\/sup>Ent\u00e3o, com muita coragem, Paulo e Barnab\u00e9 declararam: \u201cEra preciso anunciar a Palavra de Deus primeiro a v\u00f3s. Mas, como a rejeitais e vos considerais indignos da vida eterna, sabei que nos vamos dirigir aos pag\u00e3os.&nbsp;<sup>47<\/sup>Porque esta \u00e9 a ordem que o Senhor nos deu: \u2018Eu te coloquei como luz para as na\u00e7\u00f5es, para que leves a salva\u00e7\u00e3o at\u00e9 os confins da terra&#8217;\u201d.&nbsp;<sup>48<\/sup>Os pag\u00e3os ficaram muito contentes quando ouviram isso e glorificavam a Palavra do Senhor. Todos os que eram destinados \u00e0 vida eterna abra\u00e7aram a f\u00e9.&nbsp;<sup>49<\/sup>Desse modo, a Palavra do Senhor espalhava-se por toda a regi\u00e3o.&nbsp;<sup>50<\/sup>Mas os judeus instigaram as mulheres ricas e religiosas, assim como os homens influentes da cidade, provocaram uma persegui\u00e7\u00e3o contra Paulo e Barnab\u00e9 e expulsaram-nos do seu territ\u00f3rio.&nbsp;<sup>51<\/sup>Ent\u00e3o os ap\u00f3stolos sacudiram contra eles a poeira dos p\u00e9s e foram para a cidade de Ic\u00f4nio.&nbsp;<sup>52<\/sup>Os disc\u00edpulos, por\u00e9m, ficaram cheios de alegria e do Esp\u00edrito Santo. \u2013 Palavra do Senhor.<\/p>\n\n\n\n<p>Salmo Responsorial:&nbsp;<strong>97(98)<\/strong><\/p>\n\n\n\n<p><em><strong>Os confins do universo contemplaram&nbsp;\/&nbsp;a salva\u00e7\u00e3o do nosso Deus.<\/strong><\/em><\/p>\n\n\n\n<p>1. Cantai ao Senhor Deus um canto novo,&nbsp;\/&nbsp;porque ele fez prod\u00edgios!&nbsp;\/&nbsp;Sua m\u00e3o e o seu bra\u00e7o forte e santo&nbsp;\/&nbsp;alcan\u00e7aram-lhe a vit\u00f3ria.&nbsp;\u2013 R.<\/p>\n\n\n\n<p>2. O Senhor fez conhecer a salva\u00e7\u00e3o,&nbsp;\/&nbsp;e \u00e0s na\u00e7\u00f5es, sua justi\u00e7a;&nbsp;\/&nbsp;recordou o seu amor sempre fiel&nbsp;\/&nbsp;pela casa de Israel.&nbsp;\u2013 R.<\/p>\n\n\n\n<p>3. Os confins do universo contemplaram&nbsp;\/&nbsp;a salva\u00e7\u00e3o do nosso Deus.&nbsp;\/&nbsp;Aclamai o Senhor Deus, \u00f3 terra inteira,&nbsp;\/&nbsp;alegrai-vos e exultai!&nbsp;\u2013 R.<\/p>\n\n\n\n<p>Evangelho:&nbsp;<strong>Jo\u00e3o 14,7-14<\/strong><\/p>\n\n\n\n<p><strong><em>Aleluia<\/em><em>, aleluia, aleluia.<\/em><\/strong><\/p>\n\n\n\n<p><strong>Se guardais minha Palavra, diz Jesus,&nbsp;\/&nbsp;realmente v\u00f3s sereis os meus disc\u00edpulos (Jo 8,31s).&nbsp;\u2013 R.<\/strong><\/p>\n\n\n\n<p>Proclama\u00e7\u00e3o do Evangelho de Jesus Cristo segundo Jo\u00e3o \u2013 Naquele tempo, disse Jesus a seus disc\u00edpulos:&nbsp;<sup>7<\/sup>\u201cSe v\u00f3s me conhec\u00easseis, conhecer\u00edeis tamb\u00e9m o meu Pai. E desde agora o conheceis e o vistes\u201d.&nbsp;<sup>8<\/sup>Disse Filipe: \u201cSenhor, mostra-nos o Pai, isso nos basta!\u201d&nbsp;<sup>9<\/sup>Jesus respondeu: \u201cH\u00e1 tanto tempo estou convosco e n\u00e3o me conheces, Filipe? Quem me viu, viu o Pai. Como \u00e9 que tu dizes: \u2018Mostra-nos o Pai\u2019?&nbsp;<sup>10<\/sup>N\u00e3o acreditas que eu estou no Pai e o Pai est\u00e1 em mim? As palavras que eu vos digo, n\u00e3o as digo por mim mesmo, mas \u00e9 o Pai que, permanecendo em mim, realiza as suas obras.&nbsp;<sup>11<\/sup>Acreditai-me, eu estou no Pai, e o Pai est\u00e1 em mim. Acreditai, ao menos, por causa dessas mesmas obras.&nbsp;<sup>12<\/sup>Em verdade, em verdade vos digo, quem acredita em mim far\u00e1 as obras que eu fa\u00e7o e far\u00e1 ainda maiores do que estas. Pois eu vou para o Pai,&nbsp;<sup>13<\/sup>e o que pedirdes em meu nome, eu o realizarei, a fim de que o Pai seja glorificado no Filho.&nbsp;<sup>14<\/sup>Se pedirdes algo em meu nome, eu o realizarei\u201d. \u2013 Palavra da salva\u00e7\u00e3o.<\/p>\n\n\n\n<p>Reflex\u00e3o:<\/p>\n\n\n\n<p><em>Pai e Filho n\u00e3o andam por caminhos opostos; ao contr\u00e1rio, h\u00e1 perfeita sintonia entre eles. O que o Pai quer \u00e9 o que o Filho executa; o que o Pai manda dizer \u00e9 o que o Filho diz. Jesus tem circula\u00e7\u00e3o livre na esfera de Deus, ou seja, tem o poder de conceder ao disc\u00edpulo o que este, em seu nome, pedir ao Pai. O Pai haver\u00e1 de atender seus filhos e filhas espalhados pelo mundo. E neles Deus manifestar\u00e1 a mesma gl\u00f3ria que fez resplandecer no Filho Jesus. Em comunh\u00e3o com o Pai, Jesus poder\u00e1 dar aos disc\u00edpulos a capacidade de realizarem obras ainda maiores do que as que Jesus fez durante sua miss\u00e3o terrena. A partir da ades\u00e3o sincera e fiel ao projeto do Pai e do Filho, que traz vida em abund\u00e2ncia, os crist\u00e3os poder\u00e3o realizar coisas admir\u00e1veis em suas comunidades.<\/em><\/p>\n","protected":false},"excerpt":{"rendered":"<p>Povo resgatado por Deus, proclamai suas maravilhas: ele vos chamou das trevas \u00e0 sua luz admir\u00e1vel, aleluia! (1Pd 2,9) Diante dos obst\u00e1culos, cabe ao agente de pastoral manter a coragem e permanecer fiel&#8230;<\/p>\n","protected":false},"author":2,"featured_media":20177,"comment_status":"open","ping_status":"open","sticky":false,"template":"","format":"standard","meta":[],"categories":[7],"tags":[],"_links":{"self":[{"href":"https:\/\/www.salvatorianas.org.br\/blog\/wp-json\/wp\/v2\/posts\/20176"}],"collection":[{"href":"https:\/\/www.salvatorianas.org.br\/blog\/wp-json\/wp\/v2\/posts"}],"about":[{"href":"https:\/\/www.salvatorianas.org.br\/blog\/wp-json\/wp\/v2\/types\/post"}],"author":[{"embeddable":true,"href":"https:\/\/www.salvatorianas.org.br\/blog\/wp-json\/wp\/v2\/users\/2"}],"replies":[{"embeddable":true,"href":"https:\/\/www.salvatorianas.org.br\/blog\/wp-json\/wp\/v2\/comments?post=20176"}],"version-history":[{"count":1,"href":"https:\/\/www.salvatorianas.org.br\/blog\/wp-json\/wp\/v2\/posts\/20176\/revisions"}],"predecessor-version":[{"id":20178,"href":"https:\/\/www.salvatorianas.org.br\/blog\/wp-json\/wp\/v2\/posts\/20176\/revisions\/20178"}],"wp:featuredmedia":[{"embeddable":true,"href":"https:\/\/www.salvatorianas.org.br\/blog\/wp-json\/wp\/v2\/media\/20177"}],"wp:attachment":[{"href":"https:\/\/www.salvatorianas.org.br\/blog\/wp-json\/wp\/v2\/media?parent=20176"}],"wp:term":[{"taxonomy":"category","embeddable":true,"href":"https:\/\/www.salvatorianas.org.br\/blog\/wp-json\/wp\/v2\/categories?post=20176"},{"taxonomy":"post_tag","embeddable":true,"href":"https:\/\/www.salvatorianas.org.br\/blog\/wp-json\/wp\/v2\/tags?post=20176"}],"curies":[{"name":"wp","href":"https:\/\/api.w.org\/{rel}","templated":true}]}}