{"id":20167,"date":"2023-04-30T01:00:00","date_gmt":"2023-04-30T01:00:00","guid":{"rendered":"https:\/\/www.salvatorianas.org.br\/blog\/?p=20167"},"modified":"2023-04-29T13:24:02","modified_gmt":"2023-04-29T13:24:02","slug":"4o-domingo-da-pascoa","status":"publish","type":"post","link":"https:\/\/www.salvatorianas.org.br\/blog\/4o-domingo-da-pascoa\/","title":{"rendered":"4\u00ba Domingo da P\u00e1scoa"},"content":{"rendered":"\n<p>A terra est\u00e1 repleta do amor de Deus; por sua palavra foram feitos os c\u00e9us, aleluia! (Sl 32,5s)<\/p>\n\n\n\n<p><em>Estamos reunidos em torno de Jesus, o Pastor que nos conduz nos caminhos da felicidade e da vida plena e a Porta que nos possibilita a passagem para a verdadeira liberdade. Ele nos conhece pelo nome, manifesta sua ternura para conosco e caminha \u00e0 nossa frente. Curados e guiados por seu amor, rezemos, nesta liturgia eucar\u00edstica, pelas voca\u00e7\u00f5es religiosas e presbiterais e por todas as que se p\u00f5em a servi\u00e7o do Reino de Deus.<\/em><\/p>\n\n\n\n<p>Primeira Leitura:&nbsp;<strong>Atos 2,14.36-41<\/strong><\/p>\n\n\n\n<p>Leitura dos Atos dos Ap\u00f3stolos \u2013 No dia de Pentecostes,&nbsp;<sup>14<\/sup>Pedro, de p\u00e9, no meio dos onze ap\u00f3stolos, levantou a voz e falou \u00e0 multid\u00e3o.&nbsp;<sup>36<\/sup>\u201cQue todo o povo de Israel reconhe\u00e7a com plena certeza: Deus constituiu Senhor e Cristo a este Jesus que v\u00f3s crucificastes\u201d.&nbsp;<sup>37<\/sup>Quando ouviram isso, eles ficaram com o cora\u00e7\u00e3o aflito e perguntaram a Pedro e aos outros ap\u00f3stolos: \u201cIrm\u00e3os, o que devemos fazer?\u201d&nbsp;<sup>38<\/sup>Pedro respondeu: \u201cConvertei-vos e cada um de v\u00f3s seja batizado em nome de Jesus Cristo, para o perd\u00e3o dos vossos pecados. E v\u00f3s recebereis o dom do Esp\u00edrito Santo.&nbsp;<sup>39<\/sup>Pois a promessa \u00e9 para v\u00f3s e vossos filhos, e para todos aqueles que est\u00e3o longe, todos aqueles que o Senhor nosso Deus chamar para si\u201d.&nbsp;<sup>40<\/sup>Com muitas outras palavras, Pedro lhes dava testemunho e os exortava, dizendo: \u201cSalvai-vos dessa gente corrompida!\u201d&nbsp;<sup>41<\/sup>Os que aceitaram as palavras de Pedro receberam o batismo. Naquele dia, mais ou menos tr\u00eas mil pessoas se uniram a eles. \u2013 Palavra do Senhor.<\/p>\n\n\n\n<p>Salmo Responsorial:&nbsp;<strong>22(23)<\/strong><\/p>\n\n\n\n<p><em><strong>O Senhor \u00e9 o pastor que me conduz;&nbsp;\/&nbsp;para as \u00e1guas repousantes me encaminha.<\/strong><\/em><\/p>\n\n\n\n<p>1. O Senhor \u00e9 o pastor que me conduz;&nbsp;\/&nbsp;n\u00e3o me falta coisa alguma.&nbsp;\/&nbsp;Pelos prados e campinas verdejantes&nbsp;\/&nbsp;ele me leva a descansar.&nbsp;\/&nbsp;Para as \u00e1guas repousantes me encaminha&nbsp;\/&nbsp;e restaura as minhas for\u00e7as.&nbsp;\u2013 R.<\/p>\n\n\n\n<p>2. Ele me guia no caminho mais seguro,&nbsp;\/&nbsp;pela honra do seu nome.&nbsp;\/&nbsp;Mesmo que eu passe pelo vale tenebroso,&nbsp;\/&nbsp;nenhum mal eu temerei;&nbsp;\/&nbsp;estais comigo com bast\u00e3o e com cajado:&nbsp;\/&nbsp;eles me d\u00e3o a seguran\u00e7a!&nbsp;\u2013 R.<\/p>\n\n\n\n<p>3. Preparais \u00e0 minha frente uma mesa,&nbsp;\/&nbsp;bem \u00e0 vista do inimigo,&nbsp;\/&nbsp;e com \u00f3leo v\u00f3s ungis minha cabe\u00e7a;&nbsp;\/&nbsp;o meu c\u00e1lice transborda.&nbsp;\u2013 R.<\/p>\n\n\n\n<p>4. Felicidade e todo bem h\u00e3o de seguir-me&nbsp;\/&nbsp;por toda a minha vida;&nbsp;\/&nbsp;e na casa do Senhor habitarei&nbsp;\/&nbsp;pelos tempos infinitos.&nbsp;\u2013 R.<\/p>\n\n\n\n<p>Segunda Leitura:&nbsp;<strong>1 Pedro 2,20-25<\/strong><\/p>\n\n\n\n<p>Leitura da primeira carta de S\u00e3o Pedro \u2013 Car\u00edssimos,&nbsp;<sup>20<\/sup>se suportais com paci\u00eancia aquilo que sofreis por ter feito o bem, isso vos torna agrad\u00e1veis diante de Deus.&nbsp;<sup>21<\/sup>De fato, para isso fostes chamados. Tamb\u00e9m Cristo sofreu por v\u00f3s, deixando-vos um exemplo, a fim de que sigais os seus passos.&nbsp;<sup>22<\/sup>Ele n\u00e3o cometeu pecado algum, mentira nenhuma foi encontrada em sua boca.&nbsp;<sup>23<\/sup>Quando injuriado, n\u00e3o retribu\u00eda as inj\u00farias; atormentado, n\u00e3o amea\u00e7ava; antes, colocava a sua causa nas m\u00e3os daquele que julga com justi\u00e7a.&nbsp;<sup>24<\/sup>Sobre a cruz, carregou nossos pecados em seu pr\u00f3prio corpo, a fim de que, mortos para os pecados, vivamos para a justi\u00e7a. Por suas feridas fostes curados.&nbsp;<sup>25<\/sup>And\u00e1veis como ovelhas desgarradas, mas agora voltastes ao pastor e guarda de vossas vidas. \u2013 Palavra do Senhor.<\/p>\n\n\n\n<p>Evangelho:&nbsp;<strong>Jo\u00e3o 10,1-10<\/strong><\/p>\n\n\n\n<p><strong><em>Aleluia, aleluia, aleluia.<\/em><\/strong><\/p>\n\n\n\n<p><strong>Eu sou o bom pastor, diz o Senhor;&nbsp;\/&nbsp;eu conhe\u00e7o as minhas ovelhas e elas me conhecem a mim (Jo 10,14).&nbsp;\u2013 R.<\/strong><\/p>\n\n\n\n<p>Proclama\u00e7\u00e3o do Evangelho de Jesus Cristo segundo Jo\u00e3o \u2013 Naquele tempo, disse Jesus:&nbsp;<sup>1<\/sup>\u201cEm verdade, em verdade vos digo, quem n\u00e3o entra no redil das ovelhas pela porta, mas sobe por outro lugar, \u00e9 ladr\u00e3o e assaltante.&nbsp;<sup>2<\/sup>Quem entra pela porta \u00e9 o pastor das ovelhas.&nbsp;<sup>3<\/sup>A esse o porteiro abre, e as ovelhas escutam a sua voz; ele chama as ovelhas pelo nome e as conduz para fora.&nbsp;<sup>4<\/sup>E, depois de fazer sair todas as que s\u00e3o suas, caminha \u00e0 sua frente, e as ovelhas o seguem, porque conhecem a sua voz.&nbsp;<sup>5<\/sup>Mas n\u00e3o seguem um estranho, antes fogem dele, porque n\u00e3o conhecem a voz dos estranhos\u201d.&nbsp;<sup>6<\/sup>Jesus contou-lhes essa par\u00e1bola, mas eles n\u00e3o entenderam o que ele queria dizer.&nbsp;<sup>7<\/sup>Ent\u00e3o Jesus continuou: \u201cEm verdade, em verdade vos digo, eu sou a porta das ovelhas.&nbsp;<sup>8<\/sup>Todos aqueles que vieram antes de mim s\u00e3o ladr\u00f5es e assaltantes, mas as ovelhas n\u00e3o os escutaram.&nbsp;<sup>9<\/sup>Eu sou a porta. Quem entrar por mim ser\u00e1 salvo; entrar\u00e1 e sair\u00e1 e encontrar\u00e1 pastagem.&nbsp;<sup>10<\/sup>O ladr\u00e3o s\u00f3 vem para roubar, matar e destruir. Eu vim para que tenham vida e a tenham em abund\u00e2ncia\u201d. \u2013 Palavra da salva\u00e7\u00e3o.<\/p>\n\n\n\n<p>Reflex\u00e3o:<\/p>\n\n\n\n<p><em>Os dirigentes de Israel exploravam o povo e o deixavam na mis\u00e9ria. Em vez de dar a vida, eles a destru\u00edam. Seguindo seus interesses ego\u00edstas, destru\u00edram o \u201crebanho\u201d de Deus. Por isso Jesus os chama de ladr\u00f5es e assaltantes. Em contrapartida, Jesus se apresenta como o pastor segundo o cora\u00e7\u00e3o de Deus, aquele que foi anunciado pelos profetas. Ele \u00e9 a \u201cporta\u201d, o mediador. Conduz o povo com a autoridade de quem ama e doa vida. Aqueles que se tornam seus disc\u00edpulos escutam sua voz e o seguem. Jesus convida as lideran\u00e7as pol\u00edtico-religiosas a passarem por ele, \u201ca porta das ovelhas\u201d, assumindo a sua pr\u00e1tica libertadora, empenhando-se eficazmente para que todos \u201ctenham vida, e a tenham em abund\u00e2ncia\u201d. \u00c0 semelhan\u00e7a do bom Pastor, a Igreja \u00e9 continuamente solicitada a assumir a causa dos mais fracos.<\/em><\/p>\n","protected":false},"excerpt":{"rendered":"<p>A terra est\u00e1 repleta do amor de Deus; por sua palavra foram feitos os c\u00e9us, aleluia! (Sl 32,5s) Estamos reunidos em torno de Jesus, o Pastor que nos conduz nos caminhos da felicidade&#8230;<\/p>\n","protected":false},"author":2,"featured_media":20168,"comment_status":"open","ping_status":"open","sticky":false,"template":"","format":"standard","meta":[],"categories":[7],"tags":[],"_links":{"self":[{"href":"https:\/\/www.salvatorianas.org.br\/blog\/wp-json\/wp\/v2\/posts\/20167"}],"collection":[{"href":"https:\/\/www.salvatorianas.org.br\/blog\/wp-json\/wp\/v2\/posts"}],"about":[{"href":"https:\/\/www.salvatorianas.org.br\/blog\/wp-json\/wp\/v2\/types\/post"}],"author":[{"embeddable":true,"href":"https:\/\/www.salvatorianas.org.br\/blog\/wp-json\/wp\/v2\/users\/2"}],"replies":[{"embeddable":true,"href":"https:\/\/www.salvatorianas.org.br\/blog\/wp-json\/wp\/v2\/comments?post=20167"}],"version-history":[{"count":1,"href":"https:\/\/www.salvatorianas.org.br\/blog\/wp-json\/wp\/v2\/posts\/20167\/revisions"}],"predecessor-version":[{"id":20169,"href":"https:\/\/www.salvatorianas.org.br\/blog\/wp-json\/wp\/v2\/posts\/20167\/revisions\/20169"}],"wp:featuredmedia":[{"embeddable":true,"href":"https:\/\/www.salvatorianas.org.br\/blog\/wp-json\/wp\/v2\/media\/20168"}],"wp:attachment":[{"href":"https:\/\/www.salvatorianas.org.br\/blog\/wp-json\/wp\/v2\/media?parent=20167"}],"wp:term":[{"taxonomy":"category","embeddable":true,"href":"https:\/\/www.salvatorianas.org.br\/blog\/wp-json\/wp\/v2\/categories?post=20167"},{"taxonomy":"post_tag","embeddable":true,"href":"https:\/\/www.salvatorianas.org.br\/blog\/wp-json\/wp\/v2\/tags?post=20167"}],"curies":[{"name":"wp","href":"https:\/\/api.w.org\/{rel}","templated":true}]}}