{"id":20164,"date":"2023-04-29T12:48:53","date_gmt":"2023-04-29T12:48:53","guid":{"rendered":"https:\/\/www.salvatorianas.org.br\/blog\/?p=20164"},"modified":"2023-04-29T12:48:54","modified_gmt":"2023-04-29T12:48:54","slug":"santa-catarina-de-sena-memoria-sabado","status":"publish","type":"post","link":"https:\/\/www.salvatorianas.org.br\/blog\/santa-catarina-de-sena-memoria-sabado\/","title":{"rendered":"Santa Catarina de Sena &#8211; Mem\u00f3ria | S\u00e1bado"},"content":{"rendered":"\n<p>Esta \u00e9 uma virgem s\u00e1bia, uma das jovens prudentes, que foi ao encontro de Cristo com sua l\u00e2mpada acesa, aleluia!<\/p>\n\n\n\n<p><em>Catarina, doutora da Igreja, nasceu na It\u00e1lia em 1347 e l\u00e1 faleceu em 1380. Pertenceu \u00e0 Ordem Terceira Dominicana, tendo conciliado vida contemplativa com intensa atividade junto aos doentes e encarcerados. Exerceu importante papel diplom\u00e1tico a favor da unidade da Igreja. Ditou in\u00fameras cartas, repletas de sabedoria espiritual. Seu exemplo nos impulsione a estarmos atentos aos sinais dos tempos e realizar a vontade de Deus.<\/em><\/p>\n\n\n\n<p>Primeira Leitura:&nbsp;<strong>Atos 9,31-42<\/strong><\/p>\n\n\n\n<p>Leitura dos Atos dos Ap\u00f3stolos \u2013 Naqueles dias,&nbsp;<sup>31<\/sup>a Igreja vivia em paz em toda a Judeia, Galileia e Samaria. Ela consolidava-se e progredia no temor do Senhor e crescia em n\u00famero com a ajuda do Esp\u00edrito Santo.&nbsp;<sup>32<\/sup>Pedro percorria todos os lugares; e visitou tamb\u00e9m os fi\u00e9is que moravam em Lida.&nbsp;<sup>33<\/sup>Encontrou a\u00ed um homem chamado Eneias, que estava paral\u00edtico e h\u00e1 oito anos jazia numa cama.&nbsp;<sup>34<\/sup>Pedro disse-lhe: \u201cEneias, Jesus Cristo te cura! Levanta-te e arruma a tua cama!\u201d Imediatamente Eneias se levantou.&nbsp;<sup>35<\/sup>Todos os habitantes de Lida e da regi\u00e3o do Saron viram isso e se converteram ao Senhor.&nbsp;<sup>36<\/sup>Em Jope havia uma disc\u00edpula chamada Tabita, nome que quer dizer Gazela. Eram muitas as boas obras que fazia e as esmolas que dava.&nbsp;<sup>37<\/sup>Naqueles dias ela ficou doente e morreu. Ent\u00e3o lavaram seu corpo e o colocaram no andar superior da casa.&nbsp;<sup>38<\/sup>Como Lida ficava perto de Jope, e ouvindo dizer que Pedro estava l\u00e1, os disc\u00edpulos mandaram dois homens com um recado: \u201cVem depressa at\u00e9 n\u00f3s!\u201d&nbsp;<sup>39<\/sup>Pedro partiu imediatamente com eles. Assim que chegou, levaram-no ao andar superior, onde todas as vi\u00favas foram ao seu encontro. Chorando, elas mostravam a Pedro as t\u00fanicas e mantos que Tabita havia feito quando vivia com elas.&nbsp;<sup>40<\/sup>Pedro mandou que todos sa\u00edssem. Em seguida, p\u00f4s-se de joelhos e rezou. Depois, voltou-se para o corpo e disse: \u201cTabita, levanta-te!\u201d Ela ent\u00e3o abriu os olhos, viu Pedro e sentou-se.&nbsp;<sup>41<\/sup>Pedro deu-lhe a m\u00e3o e ajudou-a a levantar-se. Depois chamou os fi\u00e9is e as vi\u00favas e apresentou-lhes Tabita viva.&nbsp;<sup>42<\/sup>O fato ficou conhecido em toda a cidade de Jope, e muitos acreditaram no Senhor. \u2013 Palavra do Senhor.<\/p>\n\n\n\n<p>Salmo Responsorial:&nbsp;<strong>115(116B)<\/strong><\/p>\n\n\n\n<p><em><strong>Que poderei retribuir ao Senhor Deus&nbsp;\/&nbsp;por tudo aquilo que ele fez em meu favor?<\/strong><\/em><\/p>\n\n\n\n<p>1. Que poderei retribuir ao Senhor Deus&nbsp;\/&nbsp;por tudo aquilo que ele fez em meu favor?&nbsp;\/&nbsp;Elevo o c\u00e1lice da minha salva\u00e7\u00e3o,&nbsp;\/&nbsp;invocando o nome santo do Senhor.&nbsp;\u2013 R.<\/p>\n\n\n\n<p>2. Vou cumprir minhas promessas ao Senhor&nbsp;\/&nbsp;na presen\u00e7a de seu povo reunido.&nbsp;\/&nbsp;\u00c9 sentida por demais pelo Senhor&nbsp;\/&nbsp;a morte de seus santos, seus amigos.&nbsp;\u2013 R.<\/p>\n\n\n\n<p>3. Eis que sou o vosso servo, \u00f3 Senhor,&nbsp;\u2020&nbsp;vosso servo que nasceu de vossa serva;&nbsp;\/&nbsp;mas me quebrastes os grilh\u00f5es da escravid\u00e3o!&nbsp;\/&nbsp;Por isso oferto um sacrif\u00edcio de louvor,&nbsp;\/&nbsp;invocando o nome santo do Senhor.&nbsp;\u2013 R.<\/p>\n\n\n\n<p>Evangelho:&nbsp;<strong>Jo\u00e3o 6,60-69<\/strong><\/p>\n\n\n\n<p><strong><em>Aleluia<\/em><em>, aleluia, aleluia.&nbsp; &nbsp; &nbsp; &nbsp; &nbsp; &nbsp; &nbsp; &nbsp; &nbsp; &nbsp; &nbsp; &nbsp; &nbsp; &nbsp; &nbsp; &nbsp;<\/em><\/strong><\/p>\n\n\n\n<p><strong>Senhor, tuas palavras s\u00e3o esp\u00edrito, s\u00e3o vida;&nbsp;\/&nbsp;s\u00f3 tu tens palavras de vida eterna! (Jo 6,63.68)&nbsp;\u2013 R.<\/strong><\/p>\n\n\n\n<p>Proclama\u00e7\u00e3o do Evangelho de Jesus Cristo segundo Jo\u00e3o \u2013 Naquele tempo,&nbsp;<sup>60<\/sup>muitos dos disc\u00edpulos de Jesus que o escutaram, disseram: \u201cEsta palavra \u00e9 dura. Quem consegue escut\u00e1-la?\u201d&nbsp;<sup>61<\/sup>Sabendo que seus disc\u00edpulos estavam murmurando por causa disso mesmo, Jesus perguntou: \u201cIsso vos escandaliza?&nbsp;<sup>62<\/sup>E quando virdes o Filho do Homem subindo para onde estava antes?&nbsp;<sup>63<\/sup>O Esp\u00edrito \u00e9 que d\u00e1 vida, a carne n\u00e3o adianta nada. As palavras que vos falei s\u00e3o esp\u00edrito e vida.&nbsp;<sup>64<\/sup>Mas entre v\u00f3s h\u00e1 alguns que n\u00e3o creem\u201d. Jesus sabia, desde o in\u00edcio, quem eram os que n\u00e3o tinham f\u00e9 e quem havia de entreg\u00e1-lo.&nbsp;<sup>65<\/sup>E acrescentou: \u201c\u00c9 por isso que vos disse: ningu\u00e9m pode vir a mim, a n\u00e3o ser que lhe seja concedido pelo Pai\u201d.&nbsp;<sup>66<\/sup>A partir daquele momento, muitos disc\u00edpulos voltaram atr\u00e1s e n\u00e3o andavam mais com ele.&nbsp;<sup>67<\/sup>Ent\u00e3o, Jesus disse aos doze: \u201cV\u00f3s tamb\u00e9m quereis ir embora?\u201d&nbsp;<sup>68<\/sup>Sim\u00e3o Pedro respondeu: \u201cA quem iremos, Senhor? Tu tens palavras de vida eterna.&nbsp;<sup>69<\/sup>N\u00f3s cremos firmemente e reconhecemos que tu \u00e9s o santo de Deus\u201d. \u2013 Palavra da salva\u00e7\u00e3o.<\/p>\n\n\n\n<p>Reflex\u00e3o:<\/p>\n\n\n\n<p><em>O discurso sobre o p\u00e3o da vida chega ao ponto em que at\u00e9 os disc\u00edpulos de Jesus entram em crise. Incapazes de dar um passo na f\u00e9, afastam-se. Jesus n\u00e3o retira nenhuma palavra do seu discurso, nem procura adocicar o assunto para torn\u00e1-lo mais diger\u00edvel. Apesar das resist\u00eancias, Jesus exp\u00f5e abertamente sua verdade libertadora. Acrescenta que eles ficar\u00e3o ainda mais escandalizados quando virem o Filho do Homem voltar para onde estava antes, fazendo alus\u00e3o \u00e0 sua glorifica\u00e7\u00e3o atrav\u00e9s da morte. Aos Doze, que permanecem firmes e solid\u00e1rios, Jesus lhes questiona a f\u00e9 e ades\u00e3o. De que lado est\u00e3o eles? Por meio de Pedro, os ap\u00f3stolos reiteram sua f\u00e9 na pessoa de Jesus: \u201cS\u00f3 tu tens palavras de vida eterna\u201d. Esta solene profiss\u00e3o de f\u00e9 suaviza a inc\u00f4moda sombra da incredulidade dos outros disc\u00edpulos e da j\u00e1 projetada trai\u00e7\u00e3o de Judas.<\/em><\/p>\n","protected":false},"excerpt":{"rendered":"<p>Esta \u00e9 uma virgem s\u00e1bia, uma das jovens prudentes, que foi ao encontro de Cristo com sua l\u00e2mpada acesa, aleluia! Catarina, doutora da Igreja, nasceu na It\u00e1lia em 1347 e l\u00e1 faleceu em&#8230;<\/p>\n","protected":false},"author":2,"featured_media":20165,"comment_status":"open","ping_status":"open","sticky":false,"template":"","format":"standard","meta":[],"categories":[7],"tags":[],"_links":{"self":[{"href":"https:\/\/www.salvatorianas.org.br\/blog\/wp-json\/wp\/v2\/posts\/20164"}],"collection":[{"href":"https:\/\/www.salvatorianas.org.br\/blog\/wp-json\/wp\/v2\/posts"}],"about":[{"href":"https:\/\/www.salvatorianas.org.br\/blog\/wp-json\/wp\/v2\/types\/post"}],"author":[{"embeddable":true,"href":"https:\/\/www.salvatorianas.org.br\/blog\/wp-json\/wp\/v2\/users\/2"}],"replies":[{"embeddable":true,"href":"https:\/\/www.salvatorianas.org.br\/blog\/wp-json\/wp\/v2\/comments?post=20164"}],"version-history":[{"count":1,"href":"https:\/\/www.salvatorianas.org.br\/blog\/wp-json\/wp\/v2\/posts\/20164\/revisions"}],"predecessor-version":[{"id":20166,"href":"https:\/\/www.salvatorianas.org.br\/blog\/wp-json\/wp\/v2\/posts\/20164\/revisions\/20166"}],"wp:featuredmedia":[{"embeddable":true,"href":"https:\/\/www.salvatorianas.org.br\/blog\/wp-json\/wp\/v2\/media\/20165"}],"wp:attachment":[{"href":"https:\/\/www.salvatorianas.org.br\/blog\/wp-json\/wp\/v2\/media?parent=20164"}],"wp:term":[{"taxonomy":"category","embeddable":true,"href":"https:\/\/www.salvatorianas.org.br\/blog\/wp-json\/wp\/v2\/categories?post=20164"},{"taxonomy":"post_tag","embeddable":true,"href":"https:\/\/www.salvatorianas.org.br\/blog\/wp-json\/wp\/v2\/tags?post=20164"}],"curies":[{"name":"wp","href":"https:\/\/api.w.org\/{rel}","templated":true}]}}