{"id":20159,"date":"2023-04-27T12:10:41","date_gmt":"2023-04-27T12:10:41","guid":{"rendered":"https:\/\/www.salvatorianas.org.br\/blog\/?p=20159"},"modified":"2023-04-27T12:21:21","modified_gmt":"2023-04-27T12:21:21","slug":"3a-semana-da-pascoa-quinta-feira","status":"publish","type":"post","link":"https:\/\/www.salvatorianas.org.br\/blog\/3a-semana-da-pascoa-quinta-feira\/","title":{"rendered":"3\u00aa Semana da P\u00e1scoa | Quinta-feira"},"content":{"rendered":"\n<p>Cantemos ao Senhor, ele se cobriu de gl\u00f3ria. O Senhor \u00e9 a minha for\u00e7a e o meu c\u00e2ntico: foi para mim a salva\u00e7\u00e3o, aleluia! (Ex 15,1s)<\/p>\n\n\n\n<p><em>A inicia\u00e7\u00e3o \u00e0 vida crist\u00e3 passa por tr\u00eas etapas: a escuta da Palavra de Deus anunciada pela Igreja, o batismo e a alegria da vida renovada. Batizados em Cristo, somos impelidos a anunci\u00e1-lo por toda parte.<\/em><\/p>\n\n\n\n<p>Primeira Leitura:&nbsp;<strong>Atos 8,26-40<\/strong><\/p>\n\n\n\n<p>Leitura dos Atos dos Ap\u00f3stolos \u2013 Naqueles dias,&nbsp;<sup>26<\/sup>um anjo do Senhor falou a Filipe, dizendo: \u201cPrepara-te e vai para o sul, no caminho que desce de Jerusal\u00e9m a Gaza. O caminho \u00e9 deserto\u201d. Filipe levantou-se e foi.&nbsp;<sup>27<\/sup>Nisso apareceu um eunuco et\u00edope, ministro de Candace, rainha da Eti\u00f3pia, e administrador-geral do seu tesouro, que tinha ido em peregrina\u00e7\u00e3o a Jerusal\u00e9m.&nbsp;<sup>28<\/sup>Ele estava voltando para casa e vinha sentado no seu carro, lendo o profeta Isa\u00edas.&nbsp;<sup>29<\/sup>Ent\u00e3o o Esp\u00edrito disse a Filipe: \u201cAproxima-te desse carro e acompanha-o\u201d.&nbsp;<sup>30<\/sup>Filipe correu, ouviu o eunuco ler o profeta Isa\u00edas e perguntou: \u201cTu compreendes o que est\u00e1s lendo?\u201d&nbsp;<sup>31<\/sup>O eunuco respondeu: \u201cComo posso, se ningu\u00e9m mo explica?\u201d Ent\u00e3o convidou Filipe a subir e a sentar-se junto a ele.&nbsp;<sup>32<\/sup>A passagem da Escritura que o eunuco estava lendo era esta: \u201cEle foi levado como ovelha ao matadouro; e qual um cordeiro diante do seu tosquiador, ele emudeceu e n\u00e3o abriu a boca.&nbsp;<sup>33<\/sup>Eles o humilharam e lhe negaram justi\u00e7a; e seus descendentes, quem os poder\u00e1 enumerar? Pois sua vida foi arrancada da terra\u201d.&nbsp;<sup>34<\/sup>E o eunuco disse a Filipe: \u201cPe\u00e7o que me expliques de quem o profeta est\u00e1 dizendo isso. Ele fala de si mesmo ou se refere a algum outro?\u201d&nbsp;<sup>35<\/sup>Ent\u00e3o Filipe come\u00e7ou a falar e, partindo dessa passagem da Escritura, anunciou Jesus ao eunuco.&nbsp;<sup>36<\/sup>Eles prosseguiram o caminho e chegaram a um lugar onde havia \u00e1gua. Ent\u00e3o o eunuco disse a Filipe: \u201cAqui temos \u00e1gua. O que impede que eu seja batizado?\u201d<sup>(37)<\/sup>&nbsp;<sup>38<\/sup>O eunuco mandou parar o carro. Os dois desceram para a \u00e1gua, e Filipe batizou o eunuco.&nbsp;<sup>39<\/sup>Quando sa\u00edram da \u00e1gua, o Esp\u00edrito do Senhor arrebatou Filipe. O eunuco n\u00e3o o viu mais e prosseguiu sua viagem, cheio de alegria.&nbsp;<sup>40<\/sup>Filipe foi parar em Azoto. E, passando adiante, evangelizava todas as cidades at\u00e9 chegar a Cesareia. \u2013 Palavra do Senhor.<\/p>\n\n\n\n<p>Salmo Responsorial:&nbsp;<strong>65(66)<\/strong><\/p>\n\n\n\n<p><strong><em>Aclamai o Senhor Deus, \u00f3 terra inteira.<\/em><\/strong><\/p>\n\n\n\n<p>1. Na\u00e7\u00f5es, glorificai ao nosso Deus,&nbsp;\/&nbsp;anunciai em alta voz o seu louvor!&nbsp;\/&nbsp;\u00c9 ele quem d\u00e1 vida \u00e0 nossa vida&nbsp;\/&nbsp;e n\u00e3o permite que vacilem nossos p\u00e9s.&nbsp;\u2013 R.<\/p>\n\n\n\n<p>2. Todos v\u00f3s que a Deus temeis, vinde escutar:&nbsp;\/&nbsp;vou contar-vos todo bem que ele me fez!&nbsp;\/&nbsp;Quando a ele o meu grito se elevou,&nbsp;\/&nbsp;j\u00e1 havia gratid\u00e3o em minha boca!&nbsp;\u2013 R.<\/p>\n\n\n\n<p>3. Bendito seja o Senhor Deus, que me escutou,&nbsp;\u2020&nbsp;n\u00e3o rejeitou minha ora\u00e7\u00e3o e meu clamor&nbsp;\/&nbsp;nem afastou longe de mim o seu amor!&nbsp;\u2013 R.<\/p>\n\n\n\n<p>Evangelho:&nbsp;<strong>Jo\u00e3o 6,44-51<\/strong><\/p>\n\n\n\n<p><strong><em>Aleluia<\/em><em>, aleluia, aleluia.<\/em><\/strong><\/p>\n\n\n\n<p><strong>Eu sou o p\u00e3o vivo descido do c\u00e9u,&nbsp;\/&nbsp;quem deste p\u00e3o come, sempre h\u00e1 de viver (Jo 6,51).&nbsp;\u2013 R.<\/strong><\/p>\n\n\n\n<p>Proclama\u00e7\u00e3o do Evangelho de Jesus Cristo segundo Jo\u00e3o \u2013 Naquele tempo, disse Jesus \u00e0 multid\u00e3o:&nbsp;<sup>44<\/sup>\u201cNingu\u00e9m pode vir a mim se o Pai que me enviou n\u00e3o o atrai. E eu o ressuscitarei no \u00faltimo dia.&nbsp;<sup>45<\/sup>Est\u00e1 escrito nos Profetas: \u2018Todos ser\u00e3o disc\u00edpulos de Deus\u2019. Ora, todo aquele que escutou o Pai e por ele foi instru\u00eddo vem a mim.&nbsp;<sup>46<\/sup>N\u00e3o que algu\u00e9m j\u00e1 tenha visto o Pai. S\u00f3 aquele que vem de junto de Deus viu o Pai.&nbsp;<sup>47<\/sup>Em verdade, em verdade vos digo, quem cr\u00ea possui a vida eterna.&nbsp;<sup>48<\/sup>Eu sou o p\u00e3o da vida.&nbsp;<sup>49<\/sup>Os vossos pais comeram o man\u00e1 no deserto e, no entanto, morreram.&nbsp;<sup>50<\/sup>Eis aqui o p\u00e3o que desce do c\u00e9u: quem dele comer nunca morrer\u00e1.&nbsp;<sup>51<\/sup>Eu sou o p\u00e3o vivo descido do c\u00e9u. Quem comer deste p\u00e3o viver\u00e1 eternamente. E o p\u00e3o que eu darei \u00e9 a minha carne dada para a vida do mundo\u201d. \u2013 Palavra da salva\u00e7\u00e3o.<\/p>\n\n\n\n<p>Reflex\u00e3o:<\/p>\n\n\n\n<p><em>Pai e Filho trabalham em perfeita sintonia, com o mesmo objetivo: levar as pessoas a crer em Jesus para que tenham vida plena. N\u00e3o \u00e9 poss\u00edvel ao ser humano alcan\u00e7ar diretamente a Deus; o que dele temos \u00e9 uma vaga no\u00e7\u00e3o. Quem tem condi\u00e7\u00f5es de nos revelar o Pai \u00e9 seu Filho Jesus Cristo, que dele procede. Assim como o Pai apresenta ao mundo o Filho amado, do mesmo modo Jesus nos fala do Pai: \u201cS\u00f3 aquele que vem de Deus \u00e9 que viu o Pai\u201d. Prossegue o discurso sobre o p\u00e3o descido do c\u00e9u. Jesus d\u00e1 um passo a mais, dizendo que o p\u00e3o que ele dar\u00e1 \u00e9 sua carne. Na cultura b\u00edblica, carne \u00e9 o mesmo que a pessoa humana: \u201cO Verbo se fez carne\u201d. Ele \u00e9 o Cordeiro de Deus que vai se sacrificar por amor, morrendo na cruz. H\u00e1 aqui forte alus\u00e3o \u00e0 Eucaristia, alimento espiritual do crist\u00e3o.<\/em><\/p>\n","protected":false},"excerpt":{"rendered":"<p>Cantemos ao Senhor, ele se cobriu de gl\u00f3ria. O Senhor \u00e9 a minha for\u00e7a e o meu c\u00e2ntico: foi para mim a salva\u00e7\u00e3o, aleluia! (Ex 15,1s) A inicia\u00e7\u00e3o \u00e0 vida crist\u00e3 passa por&#8230;<\/p>\n","protected":false},"author":2,"featured_media":20160,"comment_status":"open","ping_status":"open","sticky":false,"template":"","format":"standard","meta":[],"categories":[7],"tags":[],"_links":{"self":[{"href":"https:\/\/www.salvatorianas.org.br\/blog\/wp-json\/wp\/v2\/posts\/20159"}],"collection":[{"href":"https:\/\/www.salvatorianas.org.br\/blog\/wp-json\/wp\/v2\/posts"}],"about":[{"href":"https:\/\/www.salvatorianas.org.br\/blog\/wp-json\/wp\/v2\/types\/post"}],"author":[{"embeddable":true,"href":"https:\/\/www.salvatorianas.org.br\/blog\/wp-json\/wp\/v2\/users\/2"}],"replies":[{"embeddable":true,"href":"https:\/\/www.salvatorianas.org.br\/blog\/wp-json\/wp\/v2\/comments?post=20159"}],"version-history":[{"count":2,"href":"https:\/\/www.salvatorianas.org.br\/blog\/wp-json\/wp\/v2\/posts\/20159\/revisions"}],"predecessor-version":[{"id":20162,"href":"https:\/\/www.salvatorianas.org.br\/blog\/wp-json\/wp\/v2\/posts\/20159\/revisions\/20162"}],"wp:featuredmedia":[{"embeddable":true,"href":"https:\/\/www.salvatorianas.org.br\/blog\/wp-json\/wp\/v2\/media\/20160"}],"wp:attachment":[{"href":"https:\/\/www.salvatorianas.org.br\/blog\/wp-json\/wp\/v2\/media?parent=20159"}],"wp:term":[{"taxonomy":"category","embeddable":true,"href":"https:\/\/www.salvatorianas.org.br\/blog\/wp-json\/wp\/v2\/categories?post=20159"},{"taxonomy":"post_tag","embeddable":true,"href":"https:\/\/www.salvatorianas.org.br\/blog\/wp-json\/wp\/v2\/tags?post=20159"}],"curies":[{"name":"wp","href":"https:\/\/api.w.org\/{rel}","templated":true}]}}