{"id":20156,"date":"2023-04-26T18:12:38","date_gmt":"2023-04-26T18:12:38","guid":{"rendered":"https:\/\/www.salvatorianas.org.br\/blog\/?p=20156"},"modified":"2023-04-26T18:12:40","modified_gmt":"2023-04-26T18:12:40","slug":"3a-semana-da-pascoa-quarta-feira","status":"publish","type":"post","link":"https:\/\/www.salvatorianas.org.br\/blog\/3a-semana-da-pascoa-quarta-feira\/","title":{"rendered":"3\u00aa Semana da P\u00e1scoa | Quarta-feira"},"content":{"rendered":"\n<p>Que o vosso louvor transborde de minha boca; meus l\u00e1bios exultar\u00e3o, cantando de alegria, aleluia! (Sl 70,8.23)<\/p>\n\n\n\n<p><em>A persegui\u00e7\u00e3o aos crist\u00e3os for\u00e7a-os a partir para evangelizar outros povos; d\u00e1-se, ent\u00e3o, o universalismo desejado por Jesus. O Esp\u00edrito Santo orienta e acompanha os disc\u00edpulos do Senhor. Deixemo-nos imbuir de aut\u00eantico esp\u00edrito mission\u00e1rio.<\/em><\/p>\n\n\n\n<p>Primeira Leitura:&nbsp;<strong>Atos 8,1-8<\/strong><\/p>\n\n\n\n<p>Leitura dos Atos dos Ap\u00f3stolos \u2013&nbsp;<sup>1<\/sup>Naquele dia come\u00e7ou uma grande persegui\u00e7\u00e3o contra a Igreja de Jerusal\u00e9m. E todos, com exce\u00e7\u00e3o dos ap\u00f3stolos, se dispersaram pelas regi\u00f5es da Judeia e da Samaria.&nbsp;<sup>2<\/sup>Algumas pessoas piedosas sepultaram Est\u00eav\u00e3o e observaram grande luto por causa dele.&nbsp;<sup>3<\/sup>Saulo, por\u00e9m, devastava a Igreja: entrava nas casas e arrastava para fora homens e mulheres, para atir\u00e1-los na pris\u00e3o.&nbsp;<sup>4<\/sup>Entretanto, aqueles que se tinham dispersado iam por toda parte, pregando a Palavra.&nbsp;<sup>5<\/sup>Filipe desceu a uma cidade da Samaria e anunciou-lhes o Cristo.&nbsp;<sup>6<\/sup>As multid\u00f5es seguiam com aten\u00e7\u00e3o as coisas que Filipe dizia. E todos un\u00e2nimes o escutavam, pois viam os milagres que ele fazia.&nbsp;<sup>7<\/sup>De muitos possessos sa\u00edam os esp\u00edritos maus, dando grandes gritos. Numerosos paral\u00edticos e aleijados tamb\u00e9m foram curados.&nbsp;<sup>8<\/sup>Era grande a alegria naquela cidade. \u2013 Palavra do Senhor.<\/p>\n\n\n\n<p>Salmo Responsorial:&nbsp;<strong>65(66)<\/strong><\/p>\n\n\n\n<p><strong><em>Aclamai o Senhor Deus, \u00f3 terra inteira.<\/em><\/strong><\/p>\n\n\n\n<p>1. Aclamai o Senhor Deus, \u00f3 terra inteira,&nbsp;\/&nbsp;cantai salmos a seu nome glorioso,&nbsp;\/&nbsp;dai a Deus a mais sublime louva\u00e7\u00e3o!&nbsp;\/&nbsp;Dizei a Deus: \u201cComo s\u00e3o grandes vossas obras!&nbsp;\u2013 R.<\/p>\n\n\n\n<p>2. Toda a terra vos adore com respeito&nbsp;\/&nbsp;e proclame o louvor de vosso nome!\u201d&nbsp;\/&nbsp;Vinde ver todas as obras do Senhor:&nbsp;\/&nbsp;seus prod\u00edgios estupendos entre os homens!&nbsp;\u2013 R.<\/p>\n\n\n\n<p>3. O mar ele mudou em terra firme,&nbsp;\/&nbsp;e passaram pelo rio a p\u00e9 enxuto.&nbsp;\/&nbsp;Exultemos de alegria no Senhor!&nbsp;\/&nbsp;Ele domina para sempre com poder!&nbsp;\u2013 R.<\/p>\n\n\n\n<p>Evangelho:&nbsp;<strong>Jo\u00e3o 6,35-40<\/strong><\/p>\n\n\n\n<p><strong><em>Aleluia, aleluia, aleluia.<\/em><\/strong><\/p>\n\n\n\n<p><strong>Quem v\u00ea o Filho e nele cr\u00ea, este tem a vida eterna,&nbsp;\/&nbsp;e eu o farei ressuscitar no \u00faltimo dia, diz Jesus (Jo 6,40).&nbsp;\u2013 R.<\/strong><\/p>\n\n\n\n<p>Proclama\u00e7\u00e3o do Evangelho de Jesus Cristo segundo Jo\u00e3o \u2013 Naquele tempo, disse Jesus \u00e0 multid\u00e3o:&nbsp;<sup>35<\/sup>\u201cEu sou o p\u00e3o da vida. Quem vem a mim n\u00e3o ter\u00e1 mais fome e quem cr\u00ea em mim nunca mais ter\u00e1 sede.&nbsp;<sup>36<\/sup>Eu, por\u00e9m, vos disse que v\u00f3s me vistes, mas n\u00e3o acreditais.&nbsp;<sup>37<\/sup>Todos os que o Pai me confia vir\u00e3o a mim, e quando vierem, n\u00e3o os afastarei.&nbsp;<sup>38<\/sup>Pois eu desci do c\u00e9u n\u00e3o para fazer a minha vontade, mas a vontade daquele que me enviou.&nbsp;<sup>39<\/sup>E esta \u00e9 a vontade daquele que me enviou: que eu n\u00e3o perca nenhum daqueles que ele me deu, mas os ressuscite no \u00faltimo dia.&nbsp;<sup>40<\/sup>Pois esta \u00e9 a vontade do meu Pai: que toda pessoa que v\u00ea o Filho e nele cr\u00ea tenha a vida eterna. E eu o ressuscitarei no \u00faltimo dia\u201d. \u2013 Palavra da salva\u00e7\u00e3o.<\/p>\n\n\n\n<p>Reflex\u00e3o:<\/p>\n\n\n\n<p><em>Jesus \u00e9 o grande canal de liga\u00e7\u00e3o entre Deus e o povo. Existe um projeto de amor e salva\u00e7\u00e3o para todos, e Jesus \u00e9 o encarregado de levar a termo esse projeto: \u201cDesci do c\u00e9u, n\u00e3o para fazer a minha vontade, mas a vontade daquele que me enviou\u201d. Acreditar em Jesus \u00e9 aderir \u00e0 sua pessoa, \u00e9 consider\u00e1-lo como o mensageiro do Pai e como fonte inesgot\u00e1vel de vida: \u201cQuem vem a mim nunca mais ter\u00e1 fome, e quem acredita em mim nunca mais ter\u00e1 sede\u201d. Quem acredita em Jesus n\u00e3o se perder\u00e1; ao contr\u00e1rio, ter\u00e1 garantida sua ressurrei\u00e7\u00e3o no \u00faltimo dia. Ent\u00e3o viver\u00e1 na gl\u00f3ria de Deus para sempre. Cumpre-se desse modo a vontade do Pai, isto \u00e9, que n\u00e3o se perca nenhum de seus filhos e filhas espalhados pelo mundo inteiro.<\/em><\/p>\n","protected":false},"excerpt":{"rendered":"<p>Que o vosso louvor transborde de minha boca; meus l\u00e1bios exultar\u00e3o, cantando de alegria, aleluia! (Sl 70,8.23) A persegui\u00e7\u00e3o aos crist\u00e3os for\u00e7a-os a partir para evangelizar outros povos; d\u00e1-se, ent\u00e3o, o universalismo desejado&#8230;<\/p>\n","protected":false},"author":2,"featured_media":20157,"comment_status":"open","ping_status":"open","sticky":false,"template":"","format":"standard","meta":[],"categories":[7],"tags":[],"_links":{"self":[{"href":"https:\/\/www.salvatorianas.org.br\/blog\/wp-json\/wp\/v2\/posts\/20156"}],"collection":[{"href":"https:\/\/www.salvatorianas.org.br\/blog\/wp-json\/wp\/v2\/posts"}],"about":[{"href":"https:\/\/www.salvatorianas.org.br\/blog\/wp-json\/wp\/v2\/types\/post"}],"author":[{"embeddable":true,"href":"https:\/\/www.salvatorianas.org.br\/blog\/wp-json\/wp\/v2\/users\/2"}],"replies":[{"embeddable":true,"href":"https:\/\/www.salvatorianas.org.br\/blog\/wp-json\/wp\/v2\/comments?post=20156"}],"version-history":[{"count":1,"href":"https:\/\/www.salvatorianas.org.br\/blog\/wp-json\/wp\/v2\/posts\/20156\/revisions"}],"predecessor-version":[{"id":20158,"href":"https:\/\/www.salvatorianas.org.br\/blog\/wp-json\/wp\/v2\/posts\/20156\/revisions\/20158"}],"wp:featuredmedia":[{"embeddable":true,"href":"https:\/\/www.salvatorianas.org.br\/blog\/wp-json\/wp\/v2\/media\/20157"}],"wp:attachment":[{"href":"https:\/\/www.salvatorianas.org.br\/blog\/wp-json\/wp\/v2\/media?parent=20156"}],"wp:term":[{"taxonomy":"category","embeddable":true,"href":"https:\/\/www.salvatorianas.org.br\/blog\/wp-json\/wp\/v2\/categories?post=20156"},{"taxonomy":"post_tag","embeddable":true,"href":"https:\/\/www.salvatorianas.org.br\/blog\/wp-json\/wp\/v2\/tags?post=20156"}],"curies":[{"name":"wp","href":"https:\/\/api.w.org\/{rel}","templated":true}]}}