{"id":20138,"date":"2023-04-24T11:44:57","date_gmt":"2023-04-24T11:44:57","guid":{"rendered":"https:\/\/www.salvatorianas.org.br\/blog\/?p=20138"},"modified":"2023-04-24T11:44:58","modified_gmt":"2023-04-24T11:44:58","slug":"gt-juventudes","status":"publish","type":"post","link":"https:\/\/www.salvatorianas.org.br\/blog\/gt-juventudes\/","title":{"rendered":"GT JUVENTUDES"},"content":{"rendered":"\n<p class=\"has-large-font-size\"><strong>Fam\u00edlia Salvatoriana no Brasil<\/strong><\/p>\n\n\n\n<p><br>Durante os dias 21, 22 e 23 de Abril, estiveram reunidos em S\u00e3o Paulo, no<br>Provincialado Salvatoriano, o GT Juventudes da fam\u00edlia salvatoriana no Brasil. Na<br>ocasi\u00e3o, com a assessoria do padre Deolino Baldissera, sds, pudemos conversar sobre a<br>necessidade da escuta e os modos de faz\u00ea-la, principalmente com as juventudes.<\/p>\n\n\n\n<p><br>A sexta-feira, 21, fora marcada pela acolhida e fraternidade. A ora\u00e7\u00e3o inicial deu-se pela percep\u00e7\u00e3o dos modos de escuta de alguns personagens que marcam a hist\u00f3ria de<br>nossa salva\u00e7\u00e3o. Ap\u00f3s a divis\u00e3o de duplas, pudemos, unidos, encontrar como deve ser os<br>diversos modos de escuta, refor\u00e7ando e firmando a ideia de uma escuta atenta, ativa e<br>participativa.<\/p>\n\n\n\n<p><br>O s\u00e1bado, 22, teve in\u00edcio pela ora\u00e7\u00e3o da manh\u00e3, enfatizando a tr\u00edade de escuta,<br>miss\u00e3o e caminho. Ap\u00f3s a ora\u00e7\u00e3o inicial, nosso assessor, Pe. Deolino, introduziu-nos na<br>necessidade da escuta de forma organizada e bem estruturada, trazendo \u00e0 luz o<br>pensamento de Victor Frankl de olharmos para as pessoas como s\u00e3o e como poderiam<br>ser; reconhecendo que em cada indiv\u00edduo \u00e9 poss\u00edvel perceber e buscar tra\u00e7os de<br>amabilidade, principalmente pela disposi\u00e7\u00e3o em reconhecer no outro a imagem de Deus.<\/p>\n\n\n\n<p><br>A escuta, desse modo, transforma-se num elemento essencial na viv\u00eancia juvenil e na<br>assessoria juvenil, pois reconhece-se instrumento de evangeliza\u00e7\u00e3o e, at\u00e9 mesmo,<br>salva\u00e7\u00e3o. Alguns aspectos psicol\u00f3gicos e de personalidade tamb\u00e9m foram trabalhados,<br>elucidando tudo quanto \u00e9 poss\u00edvel perceber-se pela escuta. Num todo, a resposta em cada<br>escuta e modo de escutar se d\u00e1 pela a\u00e7\u00e3o compassiva, com espa\u00e7o e aten\u00e7\u00e3o, sem um<br>preconceito ou desvaloriza\u00e7\u00e3o do outro.<\/p>\n\n\n\n<p><br>No domingo, 23, estivemos ativamente atentos \u00e0 escuta juvenil, primeiramente<br>buscando familiarizar-nos com a sua linguagem, compreendendo o modo de estabelecer<br>rela\u00e7\u00f5es, particularmente pelas conex\u00f5es sociais de m\u00eddias digitais. Houve tamb\u00e9m a<br>percep\u00e7\u00e3o de que temos de auxiliar as juventudes em seus ideais e, principalmente,<br>reconhecendo seu aspecto transcendental, de busca constante daquilo que se pode<br>alcan\u00e7ar al\u00e9m de si. Padre Deolino tamb\u00e9m elencou algumas sugest\u00f5es para esse processo<br>de escuta juvenil e, disponibilizou, a proposta de apresentar aos jovens modelos juvenis,<br>como, por exemplo, o Beato Carlo Acutis, considerado o padroeiro das redes sociais. O<br>encontro encerrou-se com uma proposta do assessor em nos reunirmos em grupos e trazer<br>propostas concretas para a escuta juvenil.<\/p>\n\n\n\n<p><br>Enfim, no nosso encontro, tendo celebrado a eucaristia com o evangelho dos<br>disc\u00edpulos de Ema\u00fas, fomos convocados a uma escuta como a daqueles disc\u00edpulos,<br>reconhecendo o ressuscitado no partir do p\u00e3o e na partilha, convidando, constantemente,<br>o ressuscitado a permanecer conosco. Uma reflex\u00e3o que ficou para todo o nosso GT, a<br>partir deste evangelho, \u00e9 a for\u00e7a do ressuscitado em encorajar-nos a enfrentar as<br>escurid\u00f5es \u00e0 nossa frente e anunci\u00e1-lo, conforme a inspira\u00e7\u00e3o do encontro com o Cristo.<\/p>\n\n\n\n<p><br>Jessica Louren\u00e7o \/ Post. Djalma Rodrigo<\/p>\n\n\n\n<figure class=\"wp-block-image size-large\"><img decoding=\"async\" loading=\"lazy\" width=\"1024\" height=\"461\" src=\"https:\/\/www.salvatorianas.org.br\/blog\/wp-content\/uploads\/2023\/04\/WhatsApp-Image-2023-04-23-at-17.54.16-2-1024x461.jpeg\" alt=\"\" class=\"wp-image-20140\" srcset=\"https:\/\/www.salvatorianas.org.br\/blog\/wp-content\/uploads\/2023\/04\/WhatsApp-Image-2023-04-23-at-17.54.16-2-1024x461.jpeg 1024w, https:\/\/www.salvatorianas.org.br\/blog\/wp-content\/uploads\/2023\/04\/WhatsApp-Image-2023-04-23-at-17.54.16-2-300x135.jpeg 300w, https:\/\/www.salvatorianas.org.br\/blog\/wp-content\/uploads\/2023\/04\/WhatsApp-Image-2023-04-23-at-17.54.16-2-768x346.jpeg 768w, https:\/\/www.salvatorianas.org.br\/blog\/wp-content\/uploads\/2023\/04\/WhatsApp-Image-2023-04-23-at-17.54.16-2-1536x692.jpeg 1536w, https:\/\/www.salvatorianas.org.br\/blog\/wp-content\/uploads\/2023\/04\/WhatsApp-Image-2023-04-23-at-17.54.16-2.jpeg 1600w\" sizes=\"(max-width: 1024px) 100vw, 1024px\" \/><\/figure>\n\n\n\n<figure class=\"wp-block-gallery has-nested-images columns-default is-cropped wp-block-gallery-1 is-layout-flex\">\n<figure class=\"wp-block-image size-large\"><img decoding=\"async\" loading=\"lazy\" width=\"1024\" height=\"816\" data-id=\"20141\"  src=\"https:\/\/www.salvatorianas.org.br\/blog\/wp-content\/uploads\/2023\/04\/WhatsApp-Image-2023-04-23-at-17.54.19-1024x816.jpeg\" alt=\"\" class=\"wp-image-20141\" srcset=\"https:\/\/www.salvatorianas.org.br\/blog\/wp-content\/uploads\/2023\/04\/WhatsApp-Image-2023-04-23-at-17.54.19-1024x816.jpeg 1024w, https:\/\/www.salvatorianas.org.br\/blog\/wp-content\/uploads\/2023\/04\/WhatsApp-Image-2023-04-23-at-17.54.19-300x239.jpeg 300w, https:\/\/www.salvatorianas.org.br\/blog\/wp-content\/uploads\/2023\/04\/WhatsApp-Image-2023-04-23-at-17.54.19-768x612.jpeg 768w, https:\/\/www.salvatorianas.org.br\/blog\/wp-content\/uploads\/2023\/04\/WhatsApp-Image-2023-04-23-at-17.54.19.jpeg 1280w\" sizes=\"(max-width: 1024px) 100vw, 1024px\" \/><\/figure>\n\n\n\n<figure class=\"wp-block-image size-large\"><img decoding=\"async\" loading=\"lazy\" width=\"1024\" height=\"576\" data-id=\"20142\"  src=\"https:\/\/www.salvatorianas.org.br\/blog\/wp-content\/uploads\/2023\/04\/WhatsApp-Image-2023-04-23-at-17.54.17-1024x576.jpeg\" alt=\"\" class=\"wp-image-20142\" srcset=\"https:\/\/www.salvatorianas.org.br\/blog\/wp-content\/uploads\/2023\/04\/WhatsApp-Image-2023-04-23-at-17.54.17-1024x576.jpeg 1024w, https:\/\/www.salvatorianas.org.br\/blog\/wp-content\/uploads\/2023\/04\/WhatsApp-Image-2023-04-23-at-17.54.17-300x169.jpeg 300w, https:\/\/www.salvatorianas.org.br\/blog\/wp-content\/uploads\/2023\/04\/WhatsApp-Image-2023-04-23-at-17.54.17-768x432.jpeg 768w, https:\/\/www.salvatorianas.org.br\/blog\/wp-content\/uploads\/2023\/04\/WhatsApp-Image-2023-04-23-at-17.54.17.jpeg 1040w\" sizes=\"(max-width: 1024px) 100vw, 1024px\" \/><\/figure>\n\n\n\n<figure class=\"wp-block-image size-large\"><img decoding=\"async\" loading=\"lazy\" width=\"1024\" height=\"1024\" data-id=\"20143\"  src=\"https:\/\/www.salvatorianas.org.br\/blog\/wp-content\/uploads\/2023\/04\/WhatsApp-Image-2023-04-23-at-17.54.16-1-1024x1024.jpeg\" alt=\"\" class=\"wp-image-20143\" srcset=\"https:\/\/www.salvatorianas.org.br\/blog\/wp-content\/uploads\/2023\/04\/WhatsApp-Image-2023-04-23-at-17.54.16-1-1024x1024.jpeg 1024w, https:\/\/www.salvatorianas.org.br\/blog\/wp-content\/uploads\/2023\/04\/WhatsApp-Image-2023-04-23-at-17.54.16-1-300x300.jpeg 300w, https:\/\/www.salvatorianas.org.br\/blog\/wp-content\/uploads\/2023\/04\/WhatsApp-Image-2023-04-23-at-17.54.16-1-150x150.jpeg 150w, https:\/\/www.salvatorianas.org.br\/blog\/wp-content\/uploads\/2023\/04\/WhatsApp-Image-2023-04-23-at-17.54.16-1-768x769.jpeg 768w, https:\/\/www.salvatorianas.org.br\/blog\/wp-content\/uploads\/2023\/04\/WhatsApp-Image-2023-04-23-at-17.54.16-1.jpeg 1055w\" sizes=\"(max-width: 1024px) 100vw, 1024px\" \/><\/figure>\n\n\n\n<figure class=\"wp-block-image size-large\"><img decoding=\"async\" loading=\"lazy\" width=\"842\" height=\"1024\" data-id=\"20144\"  src=\"https:\/\/www.salvatorianas.org.br\/blog\/wp-content\/uploads\/2023\/04\/WhatsApp-Image-2023-04-23-at-17.54.16-842x1024.jpeg\" alt=\"\" class=\"wp-image-20144\" srcset=\"https:\/\/www.salvatorianas.org.br\/blog\/wp-content\/uploads\/2023\/04\/WhatsApp-Image-2023-04-23-at-17.54.16-842x1024.jpeg 842w, https:\/\/www.salvatorianas.org.br\/blog\/wp-content\/uploads\/2023\/04\/WhatsApp-Image-2023-04-23-at-17.54.16-247x300.jpeg 247w, https:\/\/www.salvatorianas.org.br\/blog\/wp-content\/uploads\/2023\/04\/WhatsApp-Image-2023-04-23-at-17.54.16-768x934.jpeg 768w, https:\/\/www.salvatorianas.org.br\/blog\/wp-content\/uploads\/2023\/04\/WhatsApp-Image-2023-04-23-at-17.54.16-1263x1536.jpeg 1263w, https:\/\/www.salvatorianas.org.br\/blog\/wp-content\/uploads\/2023\/04\/WhatsApp-Image-2023-04-23-at-17.54.16.jpeg 1284w\" sizes=\"(max-width: 842px) 100vw, 842px\" \/><\/figure>\n\n\n\n<figure class=\"wp-block-image size-large\"><img decoding=\"async\" loading=\"lazy\" width=\"1024\" height=\"497\" data-id=\"20146\"  src=\"https:\/\/www.salvatorianas.org.br\/blog\/wp-content\/uploads\/2023\/04\/WhatsApp-Image-2023-04-23-at-17.54.15-1-1024x497.jpeg\" alt=\"\" class=\"wp-image-20146\" srcset=\"https:\/\/www.salvatorianas.org.br\/blog\/wp-content\/uploads\/2023\/04\/WhatsApp-Image-2023-04-23-at-17.54.15-1-1024x497.jpeg 1024w, https:\/\/www.salvatorianas.org.br\/blog\/wp-content\/uploads\/2023\/04\/WhatsApp-Image-2023-04-23-at-17.54.15-1-300x146.jpeg 300w, https:\/\/www.salvatorianas.org.br\/blog\/wp-content\/uploads\/2023\/04\/WhatsApp-Image-2023-04-23-at-17.54.15-1-768x373.jpeg 768w, https:\/\/www.salvatorianas.org.br\/blog\/wp-content\/uploads\/2023\/04\/WhatsApp-Image-2023-04-23-at-17.54.15-1-1536x746.jpeg 1536w, https:\/\/www.salvatorianas.org.br\/blog\/wp-content\/uploads\/2023\/04\/WhatsApp-Image-2023-04-23-at-17.54.15-1.jpeg 1600w\" sizes=\"(max-width: 1024px) 100vw, 1024px\" \/><\/figure>\n\n\n\n<figure class=\"wp-block-image size-large\"><img decoding=\"async\" loading=\"lazy\" width=\"1024\" height=\"768\" data-id=\"20145\"  src=\"https:\/\/www.salvatorianas.org.br\/blog\/wp-content\/uploads\/2023\/04\/WhatsApp-Image-2023-04-23-at-17.54.15-2-1024x768.jpeg\" alt=\"\" class=\"wp-image-20145\" srcset=\"https:\/\/www.salvatorianas.org.br\/blog\/wp-content\/uploads\/2023\/04\/WhatsApp-Image-2023-04-23-at-17.54.15-2-1024x768.jpeg 1024w, https:\/\/www.salvatorianas.org.br\/blog\/wp-content\/uploads\/2023\/04\/WhatsApp-Image-2023-04-23-at-17.54.15-2-300x225.jpeg 300w, https:\/\/www.salvatorianas.org.br\/blog\/wp-content\/uploads\/2023\/04\/WhatsApp-Image-2023-04-23-at-17.54.15-2-768x576.jpeg 768w, https:\/\/www.salvatorianas.org.br\/blog\/wp-content\/uploads\/2023\/04\/WhatsApp-Image-2023-04-23-at-17.54.15-2.jpeg 1280w\" sizes=\"(max-width: 1024px) 100vw, 1024px\" \/><\/figure>\n\n\n\n<figure class=\"wp-block-image size-large\"><img decoding=\"async\" loading=\"lazy\" width=\"1024\" height=\"461\" data-id=\"20140\"  src=\"https:\/\/www.salvatorianas.org.br\/blog\/wp-content\/uploads\/2023\/04\/WhatsApp-Image-2023-04-23-at-17.54.16-2-1024x461.jpeg\" alt=\"\" class=\"wp-image-20140\" srcset=\"https:\/\/www.salvatorianas.org.br\/blog\/wp-content\/uploads\/2023\/04\/WhatsApp-Image-2023-04-23-at-17.54.16-2-1024x461.jpeg 1024w, https:\/\/www.salvatorianas.org.br\/blog\/wp-content\/uploads\/2023\/04\/WhatsApp-Image-2023-04-23-at-17.54.16-2-300x135.jpeg 300w, https:\/\/www.salvatorianas.org.br\/blog\/wp-content\/uploads\/2023\/04\/WhatsApp-Image-2023-04-23-at-17.54.16-2-768x346.jpeg 768w, https:\/\/www.salvatorianas.org.br\/blog\/wp-content\/uploads\/2023\/04\/WhatsApp-Image-2023-04-23-at-17.54.16-2-1536x692.jpeg 1536w, https:\/\/www.salvatorianas.org.br\/blog\/wp-content\/uploads\/2023\/04\/WhatsApp-Image-2023-04-23-at-17.54.16-2.jpeg 1600w\" sizes=\"(max-width: 1024px) 100vw, 1024px\" \/><\/figure>\n\n\n\n<figure class=\"wp-block-image size-large\"><img decoding=\"async\" loading=\"lazy\" width=\"1024\" height=\"768\" data-id=\"20139\"  src=\"https:\/\/www.salvatorianas.org.br\/blog\/wp-content\/uploads\/2023\/04\/WhatsApp-Image-2023-04-23-at-17.54.18.jpeg\" alt=\"\" class=\"wp-image-20139\" srcset=\"https:\/\/www.salvatorianas.org.br\/blog\/wp-content\/uploads\/2023\/04\/WhatsApp-Image-2023-04-23-at-17.54.18.jpeg 1024w, https:\/\/www.salvatorianas.org.br\/blog\/wp-content\/uploads\/2023\/04\/WhatsApp-Image-2023-04-23-at-17.54.18-300x225.jpeg 300w, https:\/\/www.salvatorianas.org.br\/blog\/wp-content\/uploads\/2023\/04\/WhatsApp-Image-2023-04-23-at-17.54.18-768x576.jpeg 768w\" sizes=\"(max-width: 1024px) 100vw, 1024px\" \/><\/figure>\n<\/figure>\n","protected":false},"excerpt":{"rendered":"<p>Fam\u00edlia Salvatoriana no Brasil Durante os dias 21, 22 e 23 de Abril, estiveram reunidos em S\u00e3o Paulo, noProvincialado Salvatoriano, o GT Juventudes da fam\u00edlia salvatoriana no Brasil. Naocasi\u00e3o, com a assessoria do&#8230;<\/p>\n","protected":false},"author":2,"featured_media":20147,"comment_status":"open","ping_status":"open","sticky":false,"template":"","format":"standard","meta":[],"categories":[1],"tags":[],"_links":{"self":[{"href":"https:\/\/www.salvatorianas.org.br\/blog\/wp-json\/wp\/v2\/posts\/20138"}],"collection":[{"href":"https:\/\/www.salvatorianas.org.br\/blog\/wp-json\/wp\/v2\/posts"}],"about":[{"href":"https:\/\/www.salvatorianas.org.br\/blog\/wp-json\/wp\/v2\/types\/post"}],"author":[{"embeddable":true,"href":"https:\/\/www.salvatorianas.org.br\/blog\/wp-json\/wp\/v2\/users\/2"}],"replies":[{"embeddable":true,"href":"https:\/\/www.salvatorianas.org.br\/blog\/wp-json\/wp\/v2\/comments?post=20138"}],"version-history":[{"count":1,"href":"https:\/\/www.salvatorianas.org.br\/blog\/wp-json\/wp\/v2\/posts\/20138\/revisions"}],"predecessor-version":[{"id":20148,"href":"https:\/\/www.salvatorianas.org.br\/blog\/wp-json\/wp\/v2\/posts\/20138\/revisions\/20148"}],"wp:featuredmedia":[{"embeddable":true,"href":"https:\/\/www.salvatorianas.org.br\/blog\/wp-json\/wp\/v2\/media\/20147"}],"wp:attachment":[{"href":"https:\/\/www.salvatorianas.org.br\/blog\/wp-json\/wp\/v2\/media?parent=20138"}],"wp:term":[{"taxonomy":"category","embeddable":true,"href":"https:\/\/www.salvatorianas.org.br\/blog\/wp-json\/wp\/v2\/categories?post=20138"},{"taxonomy":"post_tag","embeddable":true,"href":"https:\/\/www.salvatorianas.org.br\/blog\/wp-json\/wp\/v2\/tags?post=20138"}],"curies":[{"name":"wp","href":"https:\/\/api.w.org\/{rel}","templated":true}]}}