{"id":20134,"date":"2023-04-19T11:45:40","date_gmt":"2023-04-19T11:45:40","guid":{"rendered":"https:\/\/www.salvatorianas.org.br\/blog\/?p=20134"},"modified":"2023-04-24T12:13:16","modified_gmt":"2023-04-24T12:13:16","slug":"2a-semana-da-pascoa-quarta-feira","status":"publish","type":"post","link":"https:\/\/www.salvatorianas.org.br\/blog\/2a-semana-da-pascoa-quarta-feira\/","title":{"rendered":"2\u00aa Semana da P\u00e1scoa | Quarta-feira"},"content":{"rendered":"\n<p>Senhor, eu vos louvarei entre os povos, anunciarei vosso nome aos meus irm\u00e3os, aleluia! (Sl 17,50; 21,23)<\/p>\n\n\n\n<p><em>Intimados pelos dirigentes a ficar calados, os ap\u00f3stolos se recusam; preferem obedecer \u00e0 ordem do \u201canjo do Senhor\u201d, que os manda seguir pregando sobre Jesus. A consci\u00eancia do amor de Deus para conosco nos anime a anunciar o Evangelho em todas as circunst\u00e2ncias.<\/em><\/p>\n\n\n\n<p>Primeira Leitura:&nbsp;<strong>Atos 5,17-26<\/strong><\/p>\n\n\n\n<p>Leitura dos Atos dos Ap\u00f3stolos \u2013 Naqueles dias,&nbsp;<sup>17<\/sup>levantaram-se o sumo sacerdote e todos os do seu partido \u2013 isto \u00e9, o partido dos saduceus \u2013 cheios de raiva&nbsp;<sup>18<\/sup>e mandaram prender os ap\u00f3stolos e lan\u00e7\u00e1-los na cadeia p\u00fablica.&nbsp;<sup>19<\/sup>Por\u00e9m, durante a noite, o anjo do Senhor abriu as portas da pris\u00e3o e os fez sair, dizendo:&nbsp;<sup>20<\/sup>\u201cIde falar ao povo, no templo, sobre tudo o que se refere a este modo de viver\u201d.&nbsp;<sup>21<\/sup>Eles obedeceram e, ao amanhecer, entraram no templo e come\u00e7aram a ensinar. O sumo sacerdote chegou com os seus partid\u00e1rios e convocou o sin\u00e9drio e o conselho formado pelas pessoas importantes do povo de Israel. Ent\u00e3o mandaram buscar os ap\u00f3stolos \u00e0 pris\u00e3o.&nbsp;<sup>22<\/sup>Mas, ao chegarem \u00e0 pris\u00e3o, os servos n\u00e3o os encontraram e voltaram, dizendo:&nbsp;<sup>23<\/sup>\u201cEncontramos a pris\u00e3o fechada, com toda seguran\u00e7a, e os guardas estavam a postos na frente da porta. Mas, quando abrimos a porta, n\u00e3o encontramos ningu\u00e9m l\u00e1 dentro\u201d.&nbsp;<sup>24<\/sup>Ao ouvirem essa not\u00edcia, o chefe da guarda do templo e os sumos sacerdotes n\u00e3o sabiam o que pensar e perguntavam-se o que poderia ter acontecido.&nbsp;<sup>25<\/sup>Chegou algu\u00e9m que lhes disse: \u201cOs homens que v\u00f3s colocastes na pris\u00e3o est\u00e3o no templo ensinando o povo!\u201d&nbsp;<sup>26<\/sup>Ent\u00e3o o chefe da guarda do templo saiu com os guardas e trouxe os ap\u00f3stolos, mas sem viol\u00eancia, porque eles tinham medo que o povo os atacasse com pedras. \u2013 Palavra do Senhor.<\/p>\n\n\n\n<p>Salmo Responsorial:&nbsp;<strong>33(34)<\/strong><\/p>\n\n\n\n<p><em><strong>Este infeliz gritou a Deus e foi ouvido.<\/strong><\/em><\/p>\n\n\n\n<p>1. Bendirei o Senhor Deus em todo o tempo,&nbsp;\/&nbsp;seu louvor estar\u00e1 sempre em minha boca.&nbsp;\/&nbsp;Minha alma se gloria no Senhor;&nbsp;\/&nbsp;que ou\u00e7am os humildes e se alegrem!&nbsp;\u2013 R.<\/p>\n\n\n\n<p>2. Comigo engrandecei ao Senhor Deus,&nbsp;\/&nbsp;exaltemos todos juntos o seu nome!&nbsp;\/&nbsp;Todas as vezes que o busquei, ele me ouviu&nbsp;\/&nbsp;e de todos os temores me livrou.&nbsp;\u2013 R.<\/p>\n\n\n\n<p>3. Contemplai a sua face e alegrai-vos,&nbsp;\/&nbsp;e vosso rosto n\u00e3o se cubra de vergonha!&nbsp;\/&nbsp;Este infeliz gritou a Deus e foi ouvido,&nbsp;\/&nbsp;e o Senhor o libertou de toda ang\u00fastia.&nbsp;\u2013 R.<\/p>\n\n\n\n<p>4. O anjo do Senhor vem acampar&nbsp;\/&nbsp;ao redor dos que o temem e os salva.&nbsp;\/&nbsp;Provai e vede qu\u00e3o suave \u00e9 o Senhor!&nbsp;\/&nbsp;Feliz o homem que tem nele o seu ref\u00fagio!&nbsp;\u2013 R.<\/p>\n\n\n\n<p>Evangelho:&nbsp;<strong>Jo\u00e3o 3,16-21<\/strong><\/p>\n\n\n\n<p><strong><em>Aleluia<\/em><em>, aleluia, aleluia.<\/em><\/strong><\/p>\n\n\n\n<p><strong>Deus o mundo tanto amou,&nbsp;\/&nbsp;que lhe deu seu pr\u00f3prio Filho,&nbsp;\/&nbsp;para que todo o que nele crer&nbsp;\/&nbsp;encontre vida eterna (Jo 3,16).&nbsp;\u2013 R.<\/strong><\/p>\n\n\n\n<p>Proclama\u00e7\u00e3o do Evangelho de Jesus Cristo segundo Jo\u00e3o \u2013&nbsp;<sup>16<\/sup>Deus amou tanto o mundo, que deu o seu Filho unig\u00eanito, para que n\u00e3o morra todo o que nele crer, mas tenha a vida eterna.&nbsp;<sup>17<\/sup>De fato, Deus n\u00e3o enviou o seu Filho ao mundo para condenar o mundo, mas para que o mundo seja salvo por ele.&nbsp;<sup>18<\/sup>Quem nele cr\u00ea n\u00e3o \u00e9 condenado, mas quem n\u00e3o cr\u00ea j\u00e1 est\u00e1 condenado, porque n\u00e3o acreditou no nome do Filho unig\u00eanito.&nbsp;<sup>19<\/sup>Ora, o julgamento \u00e9 este: a luz veio ao mundo, mas os homens preferiram as trevas \u00e0 luz, porque suas a\u00e7\u00f5es eram m\u00e1s.&nbsp;<sup>20<\/sup>Quem pratica o mal odeia a luz e n\u00e3o se aproxima da luz, para que suas a\u00e7\u00f5es n\u00e3o sejam denunciadas.&nbsp;<sup>21<\/sup>Mas quem age conforme a verdade aproxima-se da luz, para que se manifeste que suas a\u00e7\u00f5es s\u00e3o realizadas em Deus. \u2013 Palavra da salva\u00e7\u00e3o.<\/p>\n\n\n\n<p>Reflex\u00e3o:<\/p>\n\n\n\n<p><em>Este breve trecho pode ser considerado o resumo do quarto Evangelho: \u201cDeus amou de tal modo o mundo, que enviou seu Filho \u00fanico para que sejamos salvos por ele\u201d. Toda a hist\u00f3ria da salva\u00e7\u00e3o est\u00e1 direcionada tamb\u00e9m para este ponto: por supremo ato de amor, Deus nos envia seu Filho, que, em atitude de extremo amor, morre por n\u00f3s na cruz. Diante de Jesus, cuja vida \u00e9 totalmente doada em favor da humanidade, as pessoas precisam tomar posi\u00e7\u00e3o. Ou escolhem a luz e a vida, colocando-se a favor de Jesus, ou, pelo contr\u00e1rio, escolhem as trevas, e se posicionam contra Jesus. Atrav\u00e9s de nosso testemunho crist\u00e3o, Jesus quer continuar sendo luz que aponta o caminho da salva\u00e7\u00e3o para o mundo todo.<\/em><\/p>\n","protected":false},"excerpt":{"rendered":"<p>Senhor, eu vos louvarei entre os povos, anunciarei vosso nome aos meus irm\u00e3os, aleluia! (Sl 17,50; 21,23) Intimados pelos dirigentes a ficar calados, os ap\u00f3stolos se recusam; preferem obedecer \u00e0 ordem do \u201canjo&#8230;<\/p>\n","protected":false},"author":2,"featured_media":20135,"comment_status":"open","ping_status":"open","sticky":false,"template":"","format":"standard","meta":[],"categories":[7],"tags":[],"_links":{"self":[{"href":"https:\/\/www.salvatorianas.org.br\/blog\/wp-json\/wp\/v2\/posts\/20134"}],"collection":[{"href":"https:\/\/www.salvatorianas.org.br\/blog\/wp-json\/wp\/v2\/posts"}],"about":[{"href":"https:\/\/www.salvatorianas.org.br\/blog\/wp-json\/wp\/v2\/types\/post"}],"author":[{"embeddable":true,"href":"https:\/\/www.salvatorianas.org.br\/blog\/wp-json\/wp\/v2\/users\/2"}],"replies":[{"embeddable":true,"href":"https:\/\/www.salvatorianas.org.br\/blog\/wp-json\/wp\/v2\/comments?post=20134"}],"version-history":[{"count":1,"href":"https:\/\/www.salvatorianas.org.br\/blog\/wp-json\/wp\/v2\/posts\/20134\/revisions"}],"predecessor-version":[{"id":20136,"href":"https:\/\/www.salvatorianas.org.br\/blog\/wp-json\/wp\/v2\/posts\/20134\/revisions\/20136"}],"wp:featuredmedia":[{"embeddable":true,"href":"https:\/\/www.salvatorianas.org.br\/blog\/wp-json\/wp\/v2\/media\/20135"}],"wp:attachment":[{"href":"https:\/\/www.salvatorianas.org.br\/blog\/wp-json\/wp\/v2\/media?parent=20134"}],"wp:term":[{"taxonomy":"category","embeddable":true,"href":"https:\/\/www.salvatorianas.org.br\/blog\/wp-json\/wp\/v2\/categories?post=20134"},{"taxonomy":"post_tag","embeddable":true,"href":"https:\/\/www.salvatorianas.org.br\/blog\/wp-json\/wp\/v2\/tags?post=20134"}],"curies":[{"name":"wp","href":"https:\/\/api.w.org\/{rel}","templated":true}]}}