{"id":20089,"date":"2023-04-13T19:48:51","date_gmt":"2023-04-13T19:48:51","guid":{"rendered":"https:\/\/www.salvatorianas.org.br\/blog\/?p=20089"},"modified":"2023-04-13T19:48:52","modified_gmt":"2023-04-13T19:48:52","slug":"oitava-da-pascoa-quinta-feira","status":"publish","type":"post","link":"https:\/\/www.salvatorianas.org.br\/blog\/oitava-da-pascoa-quinta-feira\/","title":{"rendered":"Oitava da P\u00e1scoa | Quinta-feira"},"content":{"rendered":"\n<p>Senhor, todos louvaram, un\u00e2nimes, a vossa m\u00e3o vitoriosa, pois a vossa sabedoria abriu os l\u00e1bios dos mudos e tornou eloquente a l\u00edngua das crian\u00e7as, aleluia! (Sb 10,20s)<\/p>\n\n\n\n<p><em>Em sua prega\u00e7\u00e3o ao povo, Pedro afirma: \u201cV\u00f3s matastes o autor da vida, mas Deus o ressuscitou dos mortos\u201d, e nos exorta \u00e0 convers\u00e3o: \u201cArrependei-vos, portanto, e convertei-vos, para que vossos pecados sejam perdoados\u201d. Sejamos perseverantes em nosso processo de convers\u00e3o.<\/em><\/p>\n\n\n\n<p>Primeira Leitura:&nbsp;<strong>Atos 3,11-26<\/strong><\/p>\n\n\n\n<p>Leitura dos Atos dos Ap\u00f3stolos \u2013 Naqueles dias,&nbsp;<sup>11<\/sup>como o paral\u00edtico n\u00e3o deixava mais Pedro e Jo\u00e3o, todo o povo, assombrado, foi correndo para junto deles, no chamado p\u00f3rtico de Salom\u00e3o.&nbsp;<sup>12<\/sup>Ao ver isso, Pedro dirigiu-se ao povo: \u201cIsraelitas, por que vos espantais com o que aconteceu? Por que ficais olhando para n\u00f3s, como se tiv\u00e9ssemos feito este homem andar com nosso pr\u00f3prio poder ou piedade?&nbsp;<sup>13<\/sup>O Deus de Abra\u00e3o, de Isaac, de Jac\u00f3, o Deus de nossos antepassados glorificou o seu servo Jesus. V\u00f3s o entregastes e o rejeitastes diante de Pilatos, que estava decidido a solt\u00e1-lo.&nbsp;<sup>14<\/sup>V\u00f3s rejeitastes o Santo e o Justo e pedistes a liberta\u00e7\u00e3o para um assassino.&nbsp;<sup>15<\/sup>V\u00f3s matastes o autor da vida, mas Deus o ressuscitou dos mortos, e disso n\u00f3s somos testemunhas.&nbsp;<sup>16<\/sup>Gra\u00e7as \u00e0 f\u00e9 no nome de Jesus, esse nome acaba de fortalecer este homem que vedes e reconheceis. A f\u00e9 que vem por meio de Jesus lhe deu perfeita sa\u00fade na presen\u00e7a de todos v\u00f3s.&nbsp;<sup>17<\/sup>E agora, meus irm\u00e3os, eu sei que v\u00f3s agistes por ignor\u00e2ncia, assim como vossos chefes.&nbsp;<sup>18<\/sup>Deus, por\u00e9m, cumpriu desse modo o que havia anunciado pela boca de todos os profetas: que o seu Cristo haveria de sofrer.&nbsp;<sup>19<\/sup>Arrependei-vos, portanto, e convertei-vos, para que vossos pecados sejam perdoados.&nbsp;<sup>20<\/sup>Assim podereis alcan\u00e7ar o tempo do repouso que vem do Senhor. E ele enviar\u00e1 Jesus, o Cristo, que vos foi destinado.&nbsp;<sup>21<\/sup>No entanto, \u00e9 necess\u00e1rio que o c\u00e9u o receba, at\u00e9 que se cumpra o tempo da restaura\u00e7\u00e3o de todas as coisas, conforme disse Deus, nos tempos passados, pela boca de seus santos profetas.&nbsp;<sup>22<\/sup>Com efeito, Mois\u00e9s afirmou: \u2018O Senhor Deus far\u00e1 surgir, entre vossos irm\u00e3os, um profeta como eu. Escutai tudo o que ele vos disser.&nbsp;<sup>23<\/sup>Quem n\u00e3o der ouvidos a esse profeta ser\u00e1 eliminado do meio do povo\u2019.&nbsp;<sup>24<\/sup>E todos os profetas que falaram, desde Samuel e seus sucessores, tamb\u00e9m eles anunciaram estes dias.&nbsp;<sup>25<\/sup>V\u00f3s sois filhos dos profetas e da alian\u00e7a que Deus fez com vossos pais quando disse a Abra\u00e3o: \u2018Atrav\u00e9s da tua descend\u00eancia ser\u00e3o aben\u00e7oadas todas as fam\u00edlias da terra\u2019.&nbsp;<sup>26<\/sup>Ap\u00f3s ter ressuscitado o seu servo, Deus o enviou, em primeiro lugar, a v\u00f3s, para vos aben\u00e7oar, na medida em que cada um se converta de suas maldades\u201d. \u2013 Palavra do Senhor.<\/p>\n\n\n\n<p>Salmo Responsorial:&nbsp;<strong>8<\/strong><\/p>\n\n\n\n<p><em><strong>\u00d3 Senhor, nosso Deus, como \u00e9 grande&nbsp;\/&nbsp;vosso nome por todo o universo!<\/strong><\/em><\/p>\n\n\n\n<p>1. \u00d3 Senhor, nosso Deus, como \u00e9 grande&nbsp;\/&nbsp;vosso nome por todo o universo!&nbsp;\/&nbsp;Perguntamos: \u201cSenhor, que \u00e9 o homem, \u2020 para dele assim vos lembrardes&nbsp;\/&nbsp;e o tratardes com tanto carinho?\u201d&nbsp;\u2013 R.<\/p>\n\n\n\n<p>2. Pouco abaixo de Deus o fizestes,&nbsp;\/&nbsp;coroando-o de gl\u00f3ria e esplendor;&nbsp;\/&nbsp;v\u00f3s lhe destes poder sobre tudo,&nbsp;\/&nbsp;vossas obras aos p\u00e9s lhe pusestes.&nbsp;\u2013 R.<\/p>\n\n\n\n<p>3. As ovelhas, os bois, os rebanhos,&nbsp;\/&nbsp;todo o gado e as feras da mata;&nbsp;\/&nbsp;passarinhos e peixes dos mares,&nbsp;\/&nbsp;todo ser que se move nas \u00e1guas.&nbsp;\u2013 R.<\/p>\n\n\n\n<p>Evangelho:&nbsp;<strong>Lucas 24,35-48<\/strong><\/p>\n\n\n\n<p><strong><em>Aleluia<\/em><em>, aleluia, aleluia.<\/em><\/strong><\/p>\n\n\n\n<p><strong>Este \u00e9 o dia que o Senhor fez para n\u00f3s,&nbsp;\/&nbsp;alegremo-nos e nele exultemos! (Sl 117,24)&nbsp;\u2013 R.<\/strong><\/p>\n\n\n\n<p>Proclama\u00e7\u00e3o do Evangelho de Jesus Cristo segundo Lucas \u2013 Naquele tempo,&nbsp;<sup>35<\/sup>os disc\u00edpulos contaram o que tinha acontecido no caminho e como tinham reconhecido Jesus ao partir o p\u00e3o.&nbsp;<sup>36<\/sup>Ainda estavam falando quando o pr\u00f3prio Jesus apareceu no meio deles e lhes disse: \u201cA paz esteja convosco!\u201d&nbsp;<sup>37<\/sup>Eles ficaram assustados e cheios de medo, pensando que estavam vendo um fantasma.&nbsp;<sup>38<\/sup>Mas Jesus disse: \u201cPor que estais preocupados e por que tendes d\u00favidas no cora\u00e7\u00e3o?&nbsp;<sup>39<\/sup>Vede minhas m\u00e3os e meus p\u00e9s: sou eu mesmo! Tocai em mim e vede! Um fantasma n\u00e3o tem carne nem ossos, como estais vendo que eu tenho\u201d.&nbsp;<sup>40<\/sup>E, dizendo isso, Jesus mostrou-lhes as m\u00e3os e os p\u00e9s.&nbsp;<sup>41<\/sup>Mas eles ainda n\u00e3o podiam acreditar, porque estavam muito alegres e surpresos. Ent\u00e3o Jesus disse: \u201cTendes aqui alguma coisa para comer?\u201d&nbsp;<sup>42<\/sup>Deram-lhe um peda\u00e7o de peixe assado.&nbsp;<sup>43<\/sup>Ele o tomou e comeu diante deles.&nbsp;<sup>44<\/sup>Depois, disse-lhes: \u201cS\u00e3o estas as coisas que vos falei quando ainda estava convosco: era preciso que se cumprisse tudo o que est\u00e1 escrito sobre mim na Lei de Mois\u00e9s, nos Profetas e nos Salmos\u201d.&nbsp;<sup>45<\/sup>Ent\u00e3o Jesus abriu a intelig\u00eancia dos disc\u00edpulos para entenderem as Escrituras&nbsp;<sup>46<\/sup>e lhes disse: \u201cAssim est\u00e1 escrito: O Cristo sofrer\u00e1 e ressuscitar\u00e1 dos mortos ao terceiro dia&nbsp;<sup>47<\/sup>e, no seu nome, ser\u00e3o anunciados a convers\u00e3o e o perd\u00e3o dos pecados a todas as na\u00e7\u00f5es, come\u00e7ando por Jerusal\u00e9m.&nbsp;<sup>48<\/sup>V\u00f3s sereis testemunhas de tudo isso\u201d. \u2013 Palavra da salva\u00e7\u00e3o.<\/p>\n\n\n\n<p>Reflex\u00e3o:<\/p>\n\n\n\n<p><em>Os disc\u00edpulos t\u00eam dificuldades para crer que o Ressuscitado \u00e9 o mesmo Jesus que foi crucificado. Para ajud\u00e1-los a dar um passo na f\u00e9, Jesus mostra os sinais da paix\u00e3o e morte, deixa-se tocar por eles e come um peda\u00e7o de peixe assado. Ap\u00f3s desejar-lhes a paz, abre a intelig\u00eancia deles para compreenderem a miss\u00e3o do Messias, que devia morrer e ressuscitar dos mortos. Os ap\u00f3stolos e os disc\u00edpulos de Ema\u00fas sentem-se investidos de uma miss\u00e3o: ser\u00e3o as aut\u00eanticas testemunhas do Ressuscitado. Aqueles que viviam fechados no medo v\u00e3o percorrer o mundo para anunciar o Evangelho. A ressurrei\u00e7\u00e3o de Jesus \u00e9 salva\u00e7\u00e3o para todos. Salva\u00e7\u00e3o que se realiza mediante \u201co arrependimento para o perd\u00e3o dos pecados\u201d.<\/em><\/p>\n","protected":false},"excerpt":{"rendered":"<p>Senhor, todos louvaram, un\u00e2nimes, a vossa m\u00e3o vitoriosa, pois a vossa sabedoria abriu os l\u00e1bios dos mudos e tornou eloquente a l\u00edngua das crian\u00e7as, aleluia! (Sb 10,20s) Em sua prega\u00e7\u00e3o ao povo, Pedro&#8230;<\/p>\n","protected":false},"author":2,"featured_media":20090,"comment_status":"open","ping_status":"open","sticky":false,"template":"","format":"standard","meta":[],"categories":[7],"tags":[],"_links":{"self":[{"href":"https:\/\/www.salvatorianas.org.br\/blog\/wp-json\/wp\/v2\/posts\/20089"}],"collection":[{"href":"https:\/\/www.salvatorianas.org.br\/blog\/wp-json\/wp\/v2\/posts"}],"about":[{"href":"https:\/\/www.salvatorianas.org.br\/blog\/wp-json\/wp\/v2\/types\/post"}],"author":[{"embeddable":true,"href":"https:\/\/www.salvatorianas.org.br\/blog\/wp-json\/wp\/v2\/users\/2"}],"replies":[{"embeddable":true,"href":"https:\/\/www.salvatorianas.org.br\/blog\/wp-json\/wp\/v2\/comments?post=20089"}],"version-history":[{"count":1,"href":"https:\/\/www.salvatorianas.org.br\/blog\/wp-json\/wp\/v2\/posts\/20089\/revisions"}],"predecessor-version":[{"id":20091,"href":"https:\/\/www.salvatorianas.org.br\/blog\/wp-json\/wp\/v2\/posts\/20089\/revisions\/20091"}],"wp:featuredmedia":[{"embeddable":true,"href":"https:\/\/www.salvatorianas.org.br\/blog\/wp-json\/wp\/v2\/media\/20090"}],"wp:attachment":[{"href":"https:\/\/www.salvatorianas.org.br\/blog\/wp-json\/wp\/v2\/media?parent=20089"}],"wp:term":[{"taxonomy":"category","embeddable":true,"href":"https:\/\/www.salvatorianas.org.br\/blog\/wp-json\/wp\/v2\/categories?post=20089"},{"taxonomy":"post_tag","embeddable":true,"href":"https:\/\/www.salvatorianas.org.br\/blog\/wp-json\/wp\/v2\/tags?post=20089"}],"curies":[{"name":"wp","href":"https:\/\/api.w.org\/{rel}","templated":true}]}}