{"id":20081,"date":"2023-04-13T07:00:00","date_gmt":"2023-04-13T07:00:00","guid":{"rendered":"https:\/\/www.salvatorianas.org.br\/blog\/?p=20081"},"modified":"2023-04-13T12:33:01","modified_gmt":"2023-04-13T12:33:01","slug":"biografia-ir-veronica-cendron","status":"publish","type":"post","link":"https:\/\/www.salvatorianas.org.br\/blog\/biografia-ir-veronica-cendron\/","title":{"rendered":"Biografia Ir.Veronica Cendron"},"content":{"rendered":"\n<p>\u201cEu Jav\u00e9 te chamei para o servi\u00e7o da justi\u00e7a, tomei-te pela m\u00e3o e te modelei.<\/p>\n\n\n\n<p>Eu te pus como alian\u00e7a do povo, como luz das na\u00e7\u00f5es! (Isa\u00edas 42,6).<\/p>\n\n\n\n<p>Ir. Veronica Cendron nasceu no dia 20 de abril de 1930 em Tangar\u00e1\/SC. Era a segunda dos nove filhos de Paschoal Cendron e Maria Dalmolin Cendron. Tinha 4 irm\u00e3os homens e 4 mulheres. E de um segundo casamento de seu pai, mais 10 irm\u00e3os, onde viviam a unidade o amor e a fraternidade. Recebeu o Sacramento do Batismo em Tangar\u00e1\/SC e a Crisma no 11 de dezembro de 1932 na mesma cidade. Fez sua Primeira Eucaristia aos 11 anos de idade, em Tangar\u00e1\/SC.<\/p>\n\n\n\n<p>Desde muito jovem Ir. Ver\u00f4nica, assimilou uma espiritualidade familiar carregada de valores e testemunhos crist\u00e3os e humanos, que influenciaram sua vida, escolhas, e op\u00e7\u00e3o \u00e0 vida religiosa salvatoriana. Guardou gratas e valorosas lembran\u00e7as de seus pais, catequistas e professores das s\u00e9ries iniciais. Seu sonho era ser professora.<\/p>\n\n\n\n<p>Ainda crian\u00e7a, queria seguir a vida religiosa, mas o falecimento de sua m\u00e3e, aos 14 anos de idade, e o compromisso com seu pai nos cuidados dos irm\u00e3os mais novos, ficou alguns anos em casa. Por ocasi\u00e3o das miss\u00f5es que participou aos 16 anos, sua voca\u00e7\u00e3o se consolidou. Ingressou na Congrega\u00e7\u00e3o no dia 21 de dezembro de 1948 em Videira\/SC. Fez o aspirantado, postulando e noviciado em Videira\/SC, onde ap\u00f3s a forma\u00e7\u00e3o \u00e0 Vida Consagrada Salvatoriana, professou os primeiros votos no dia 02 de fevereiro de 1951, e os votos perp\u00e9tuos no dia 02 de fevereiro de 1957.<\/p>\n\n\n\n<p>Atuou apostolicamente nas comunidades: Escola Santa Isabel em Passo Fundo\/RS, Col\u00e9gio Imaculada Concei\u00e7\u00e3o em Videira\/SC, Sede Provinciall em Lages\/SC (como Coordenadora Provincial, dois mandatos), Orfanato Nossa Senhora das Gra\u00e7as em Lages\/SC, Col\u00e9gio Nossa<\/p>\n\n\n\n<p>Senhora de F\u00e1tima em Florian\u00f3polis\/SC, Patronato Santo Ant\u00f4nio em S\u00e3o Jos\u00e9 dos Pinhais\/PR, Casa de Retiros M\u00e3e do Salvador em Campo Alegre\/SC, Comunidade Nossa Senhora de Lourdes em Porto Alegre\/RS, Comunidade Maria Teresa em Videira\/SC.<\/p>\n\n\n\n<p>Relata, em sua autobiografia, in\u00fameros desafios em que se viu envolvida, nas atividades e espa\u00e7os vividos. Superou-os crendo que \u201cDeus n\u00e3o d\u00e1 a cruz maior que as for\u00e7as\u201d. Sua postura confiante em Deus firmou-a como pessoa fiel e na busca da vontade de Deus. Determinada, e ao mesmo tempo de vida exemplar, destacou-se como formadora orientando e marcando, muitas Irm\u00e3s da Prov\u00edncia.<\/p>\n\n\n\n<p>Nos diversos espa\u00e7os e lideran\u00e7as, ao mesmo tempo que as exercia, buscou forma\u00e7\u00e3o espec\u00edfica e respondeu com responsabilidade os compromissos. Incentivou muitas Irm\u00e3s a estudar e se prepararem profissionalmente nas suas \u00e1reas de atua\u00e7\u00e3o.<\/p>\n\n\n\n<p>Deixa seu legado registrado: \u201c\u00e0s Irm\u00e3s mais jovens, que j\u00e1 abra\u00e7aram a Vida Religiosa e as que aspiram por ela. Sejam corajosas, n\u00e3o parem no caminho, porque a miss\u00e3o \u00e9 grande e necessita de for\u00e7as, doa\u00e7\u00e3o e coragem!\u201d<\/p>\n\n\n\n<p>Em 07 de abril de 2023. Deus a chamou para viver em sua morada eterna. Ir. Veronica Cendron, com 93 anos de idade e 72 anos de doa\u00e7\u00e3o como Irm\u00e3 Salvatoriana, passa a conviver na presen\u00e7a plena do Divino Salvador.<\/p>\n\n\n\n<p>Ir. Veronica nossa gratid\u00e3o:<\/p>\n\n\n\n<p>Pelo aut\u00eantico testemunho de f\u00e9 em viver a vida Salvatoriana com alegria, responsabilidade e fidelidade;<\/p>\n\n\n\n<p>Pelo seu grande amor \u00e0 Vida Religiosa, a Eucaristia, centro e fonte de nossa vida;<\/p>\n\n\n\n<p>Pela presen\u00e7a amiga, criativa e incentivadora junto \u00e0s Irm\u00e3s, e na miss\u00e3o educacional, junto aos educadores, \u00e0s crian\u00e7as, aos jovens, e suas fam\u00edlias;<\/p>\n\n\n\n<p>Pela atitude vital orante &#8211; sempre acreditando que \u201cDeus proveria as for\u00e7as para o enfrentamento das dificuldades que a vida e miss\u00e3o apresentassem\u201d.<\/p>\n\n\n\n<p>Elevamos a Deus Salvador nossa a\u00e7\u00e3o de gra\u00e7as por t\u00ea-la conhecido e vivido entre n\u00f3s ao longo de todos estes anos, por seu testemunho de fidelidade, dedica\u00e7\u00e3o e amor \u00e0 vida.<\/p>\n\n\n\n<p>Disse Jesus: \u201cExistem muitas moradas na casa do Pai e onde eu estiver estejam voc\u00eas tamb\u00e9m\u201d. (Jo\u00e3o 14, 2-3).<\/p>\n\n\n\n<p>Gratid\u00e3o Ir. Ver\u00f4nica e descanse em paz!<\/p>\n","protected":false},"excerpt":{"rendered":"<p>\u201cEu Jav\u00e9 te chamei para o servi\u00e7o da justi\u00e7a, tomei-te pela m\u00e3o e te modelei. Eu te pus como alian\u00e7a do povo, como luz das na\u00e7\u00f5es! (Isa\u00edas 42,6). Ir. Veronica Cendron nasceu no&#8230;<\/p>\n","protected":false},"author":2,"featured_media":20087,"comment_status":"open","ping_status":"open","sticky":false,"template":"","format":"standard","meta":[],"categories":[1],"tags":[],"_links":{"self":[{"href":"https:\/\/www.salvatorianas.org.br\/blog\/wp-json\/wp\/v2\/posts\/20081"}],"collection":[{"href":"https:\/\/www.salvatorianas.org.br\/blog\/wp-json\/wp\/v2\/posts"}],"about":[{"href":"https:\/\/www.salvatorianas.org.br\/blog\/wp-json\/wp\/v2\/types\/post"}],"author":[{"embeddable":true,"href":"https:\/\/www.salvatorianas.org.br\/blog\/wp-json\/wp\/v2\/users\/2"}],"replies":[{"embeddable":true,"href":"https:\/\/www.salvatorianas.org.br\/blog\/wp-json\/wp\/v2\/comments?post=20081"}],"version-history":[{"count":2,"href":"https:\/\/www.salvatorianas.org.br\/blog\/wp-json\/wp\/v2\/posts\/20081\/revisions"}],"predecessor-version":[{"id":20086,"href":"https:\/\/www.salvatorianas.org.br\/blog\/wp-json\/wp\/v2\/posts\/20081\/revisions\/20086"}],"wp:featuredmedia":[{"embeddable":true,"href":"https:\/\/www.salvatorianas.org.br\/blog\/wp-json\/wp\/v2\/media\/20087"}],"wp:attachment":[{"href":"https:\/\/www.salvatorianas.org.br\/blog\/wp-json\/wp\/v2\/media?parent=20081"}],"wp:term":[{"taxonomy":"category","embeddable":true,"href":"https:\/\/www.salvatorianas.org.br\/blog\/wp-json\/wp\/v2\/categories?post=20081"},{"taxonomy":"post_tag","embeddable":true,"href":"https:\/\/www.salvatorianas.org.br\/blog\/wp-json\/wp\/v2\/tags?post=20081"}],"curies":[{"name":"wp","href":"https:\/\/api.w.org\/{rel}","templated":true}]}}