{"id":2008,"date":"2015-07-13T00:00:00","date_gmt":"2015-07-13T00:00:00","guid":{"rendered":"https:\/\/www.salvatorianas.org.br\/blog\/hospitais-filantropicos-de-sc-promovem-mobilizacao-na-alesc\/"},"modified":"2015-07-13T00:00:00","modified_gmt":"2015-07-13T00:00:00","slug":"hospitais-filantropicos-de-sc-promovem-mobilizacao-na-alesc","status":"publish","type":"post","link":"https:\/\/www.salvatorianas.org.br\/blog\/hospitais-filantropicos-de-sc-promovem-mobilizacao-na-alesc\/","title":{"rendered":"Hospitais Filantr\u00f3picos de SC promovem mobiliza\u00e7\u00e3o na ALESC"},"content":{"rendered":"<p style=\"text-align: justify;\">[imagem1]<\/p>\n<p style=\"text-align: justify;\">Toda rede hospitalar de Santa Catarina foi convidada a participar da segunda etapa do movimento nacional, que cobra mais aten&ccedil;&atilde;o para os hospitais que atendem pelo SUS e que enfrentam uma grave crise financeira. Um grande ato est&aacute; marcado para esta ter&ccedil;a-feira, a partir das 15 horas no Plen&aacute;rio da Assembleia Legislativa de Santa Catarina. O Dia D Estadual da Sa&uacute;de ser&aacute; marcado por pronunciamentos de representantes da Associa&ccedil;&atilde;o e Federa&ccedil;&atilde;o dos Hospitais de Santa Catarina, bem como dos Hospitais Filantr&oacute;picos, al&eacute;m de gestores que ir&atilde;o expor a situa&ccedil;&atilde;o cr&iacute;tica em que se encontram as institui&ccedil;&otilde;es que sofrem com a falta de repasses, tanto dos governos federal, quanto estadual, al&eacute;m da defasagem hist&oacute;rica da Tabela do SUS. Em Santa Catarina, por exemplo, os hospitais ainda n&atilde;o receberam os valores referentes &agrave;s cirurgias eletivas realizadas em mar&ccedil;o deste ano, e os repasses do Incentivo Estadual n&atilde;o s&atilde;o pagos desde janeiro, agravando ainda mais a situa&ccedil;&atilde;o. Os hospitais filantr&oacute;picos s&atilde;o respons&aacute;veis pelo atendimento de mais de 70% da popula&ccedil;&atilde;o catarinense. A d&iacute;vida supera os 200 milh&otilde;es de reais das institui&ccedil;&otilde;es. O presidente da Federa&ccedil;&atilde;o das Santas Casas e Hospitais Filantr&oacute;picos de Santa Catarina, Hil&aacute;rio Dalmann, vem alertando se nada for feito, antes do final do ano, muitos hospitais ir&atilde;o fechar as portas. Foram convidados a participar do ato na Alesc, toda rede hospitalar do estado que atende SUS, al&eacute;m de autoridades, secretarias de Sa&uacute;de, sindicatos, laborat&oacute;rios, comunidade em geral e demais representantes do setor. A primeira etapa do movimento aconteceu nos munic&iacute;pios do estado no dia 29 de junho. A etapa nacional da mobiliza&ccedil;&atilde;o acontecer&aacute; no dia 04 de agosto em Bras&iacute;lia\/DF.<\/p>\n<p style=\"text-align: justify;\">&nbsp;<\/p>\n<p style=\"text-align: justify;\">Fonte:&nbsp;http:\/\/www.ahesc-fehoesc.com.br<\/p>\n","protected":false},"excerpt":{"rendered":"<p>[imagem1] Toda rede hospitalar de Santa Catarina foi convidada a participar da segunda etapa do movimento nacional, que cobra mais aten&ccedil;&atilde;o para os hospitais que atendem pelo SUS e que enfrentam uma grave&#8230;<\/p>\n","protected":false},"author":1,"featured_media":2142,"comment_status":"open","ping_status":"open","sticky":false,"template":"","format":"standard","meta":[],"categories":[1],"tags":[],"_links":{"self":[{"href":"https:\/\/www.salvatorianas.org.br\/blog\/wp-json\/wp\/v2\/posts\/2008"}],"collection":[{"href":"https:\/\/www.salvatorianas.org.br\/blog\/wp-json\/wp\/v2\/posts"}],"about":[{"href":"https:\/\/www.salvatorianas.org.br\/blog\/wp-json\/wp\/v2\/types\/post"}],"author":[{"embeddable":true,"href":"https:\/\/www.salvatorianas.org.br\/blog\/wp-json\/wp\/v2\/users\/1"}],"replies":[{"embeddable":true,"href":"https:\/\/www.salvatorianas.org.br\/blog\/wp-json\/wp\/v2\/comments?post=2008"}],"version-history":[{"count":0,"href":"https:\/\/www.salvatorianas.org.br\/blog\/wp-json\/wp\/v2\/posts\/2008\/revisions"}],"wp:featuredmedia":[{"embeddable":true,"href":"https:\/\/www.salvatorianas.org.br\/blog\/wp-json\/wp\/v2\/media\/2142"}],"wp:attachment":[{"href":"https:\/\/www.salvatorianas.org.br\/blog\/wp-json\/wp\/v2\/media?parent=2008"}],"wp:term":[{"taxonomy":"category","embeddable":true,"href":"https:\/\/www.salvatorianas.org.br\/blog\/wp-json\/wp\/v2\/categories?post=2008"},{"taxonomy":"post_tag","embeddable":true,"href":"https:\/\/www.salvatorianas.org.br\/blog\/wp-json\/wp\/v2\/tags?post=2008"}],"curies":[{"name":"wp","href":"https:\/\/api.w.org\/{rel}","templated":true}]}}