{"id":20075,"date":"2023-04-11T16:24:01","date_gmt":"2023-04-11T16:24:01","guid":{"rendered":"https:\/\/www.salvatorianas.org.br\/blog\/?p=20075"},"modified":"2023-04-11T16:24:02","modified_gmt":"2023-04-11T16:24:02","slug":"oitava-da-pascoa-terca-feira","status":"publish","type":"post","link":"https:\/\/www.salvatorianas.org.br\/blog\/oitava-da-pascoa-terca-feira\/","title":{"rendered":"Oitava da P\u00e1scoa | Ter\u00e7a-feira"},"content":{"rendered":"\n<p>Deu-lhes a \u00e1gua da sabedoria, tornou-se a sua for\u00e7a, e n\u00e3o vacilam; vai exalt\u00e1-los para sempre, aleluia! (Eclo 15,3s)<\/p>\n\n\n\n<p><em>Pela ressurrei\u00e7\u00e3o, Jesus Cristo se torna Senhor e Messias, nosso Salvador. Trata-se de verdade concreta, que nos cabe acatar e diante da qual perguntamos: \u201cQue devemos fazer?\u201d<\/em><\/p>\n\n\n\n<p>Primeira Leitura:&nbsp;<strong>Atos 2,36-41<\/strong><\/p>\n\n\n\n<p>Leitura dos Atos dos Ap\u00f3stolos \u2013 No dia de Pentecostes, Pedro disse aos judeus:&nbsp;<sup>36<\/sup>\u201cQue todo o povo de Israel reconhe\u00e7a com plena certeza: Deus constituiu Senhor e Cristo a este Jesus que v\u00f3s crucificastes\u201d.&nbsp;<sup>37<\/sup>Quando ouviram isso, eles ficaram com o cora\u00e7\u00e3o aflito e perguntaram a Pedro e aos outros ap\u00f3stolos: \u201cIrm\u00e3os, o que devemos fazer?\u201d&nbsp;<sup>38<\/sup>Pedro respondeu: \u201cConvertei-vos, e cada um de v\u00f3s seja batizado em nome de Jesus Cristo, para o perd\u00e3o dos vossos pecados. E v\u00f3s recebereis o dom do Esp\u00edrito Santo.&nbsp;<sup>39<\/sup>Pois a promessa \u00e9 para v\u00f3s e vossos filhos, e para todos aqueles que est\u00e3o longe, todos aqueles que o Senhor nosso Deus chamar para si\u201d.&nbsp;<sup>40<\/sup>Com muitas outras palavras, Pedro lhes dava testemunho e os exortava, dizendo: \u201cSalvai-vos dessa gente corrompida!\u201d&nbsp;<sup>41<\/sup>Os que aceitaram as palavras de Pedro receberam o batismo. Naquele dia, mais ou menos tr\u00eas mil pessoas se uniram a eles. \u2013 Palavra do Senhor.<\/p>\n\n\n\n<p>Salmo Responsorial:&nbsp;<strong>32(33)<\/strong><\/p>\n\n\n\n<p><em><strong>Transborda em toda a terra a bondade do Senhor.<\/strong><\/em><\/p>\n\n\n\n<p>1. Reta \u00e9 a palavra do Senhor,&nbsp;\/&nbsp;e tudo o que ele faz merece f\u00e9.&nbsp;\/&nbsp;Deus ama o direito e a justi\u00e7a,&nbsp;\/&nbsp;transborda em toda a terra a sua gra\u00e7a.&nbsp;\u2013 R.<\/p>\n\n\n\n<p>2. Mas o Senhor pousa o olhar sobre os que o temem&nbsp;\/&nbsp;e que confiam, esperando em seu amor,&nbsp;\/&nbsp;para da morte libertar as suas vidas&nbsp;\/&nbsp;e aliment\u00e1-los quando \u00e9 tempo de pen\u00faria.&nbsp;\u2013 R.<\/p>\n\n\n\n<p>3. No Senhor n\u00f3s esperamos confiantes,&nbsp;\/&nbsp;porque ele \u00e9 nosso aux\u00edlio e prote\u00e7\u00e3o!&nbsp;\/&nbsp;Sobre n\u00f3s venha, Senhor, a vossa gra\u00e7a,&nbsp;\/&nbsp;da mesma forma que em v\u00f3s n\u00f3s esperamos!&nbsp;\u2013 R.<\/p>\n\n\n\n<p>Evangelho:&nbsp;<strong>Jo\u00e3o 20,11-18<\/strong><\/p>\n\n\n\n<p><strong><em>Aleluia<\/em><em>, aleluia, aleluia.<\/em><\/strong><\/p>\n\n\n\n<p><strong>Este \u00e9 o dia que o Senhor fez para n\u00f3s,&nbsp;\/&nbsp;alegremo-nos e nele exultemos! (Sl 117,24)&nbsp;\u2013 R.<\/strong><\/p>\n\n\n\n<p>Proclama\u00e7\u00e3o do Evangelho de Jesus Cristo segundo Jo\u00e3o \u2013 Naquele tempo,&nbsp;<sup>11<\/sup>Maria estava do lado de fora do t\u00famulo, chorando. Enquanto chorava, inclinou-se e olhou para dentro do t\u00famulo.&nbsp;<sup>12<\/sup>Viu, ent\u00e3o, dois anjos vestidos de branco, sentados onde tinha sido posto o corpo de Jesus, um \u00e0 cabeceira e outro aos p\u00e9s.&nbsp;<sup>13<\/sup>Os anjos perguntaram: \u201cMulher, por que choras?\u201d Ela respondeu: \u201cLevaram o meu Senhor e n\u00e3o sei onde o colocaram\u201d.&nbsp;<sup>14<\/sup>Tendo dito isso, Maria voltou-se para tr\u00e1s e viu Jesus, de p\u00e9. Mas n\u00e3o sabia que era Jesus.&nbsp;<sup>15<\/sup>Jesus perguntou-lhe: \u201cMulher, por que choras? A quem procuras?\u201d Pensando que era o jardineiro, Maria disse: \u201cSenhor, se foste tu que o levaste, dize-me onde o colocaste, e eu o irei buscar\u201d.&nbsp;<sup>16<\/sup>Ent\u00e3o Jesus disse: \u201cMaria!\u201d Ela voltou-se e exclamou, em hebraico: \u201cRabuni\u201d (que quer dizer Mestre).&nbsp;<sup>17<\/sup>Jesus disse: \u201cN\u00e3o me segures. Ainda n\u00e3o subi para junto do Pai. Mas vai dizer aos meus irm\u00e3os: subo para junto do meu Pai e vosso Pai, meu Deus e vosso Deus\u201d.&nbsp;<sup>18<\/sup>Ent\u00e3o Maria Madalena foi anunciar aos disc\u00edpulos: \u201cEu vi o Senhor!\u201d e contou o que Jesus lhe tinha dito. \u2013 Palavra da salva\u00e7\u00e3o.<\/p>\n\n\n\n<p>Reflex\u00e3o:<\/p>\n\n\n\n<p><em>Maria Madalena ocupa o centro deste epis\u00f3dio. Por n\u00e3o ver o cad\u00e1ver de Jesus, ela chora. Um choro sentido e expressivo. Os anjos lhe perguntam: \u201cPor que voc\u00ea est\u00e1 chorando?\u201d. O pr\u00f3prio Jesus, que ela imaginava ser um jardineiro, lhe dirige a mesma pergunta: \u201cPor que voc\u00ea est\u00e1 chorando?\u201d. Quando ela reconhece a presen\u00e7a do Mestre, cessa o choro, e a alegria inunda seu ser. Jesus controla o \u00edmpeto de Maria, que quer segur\u00e1-lo, talvez demonstrar-lhe imenso carinho. Os disc\u00edpulos, doravante, dever\u00e3o reconhecer Jesus n\u00e3o mais pelo contato f\u00edsico, mas pelo caminho da f\u00e9. Maria ent\u00e3o recebe a importante miss\u00e3o de levar aos outros disc\u00edpulos, que Jesus aqui chama \u201cmeus irm\u00e3os\u201d, a Boa Not\u00edcia do Ressuscitado. E se torna testemunha ocular e fidedigna: \u201cEu vi o Senhor\u201d.<\/em><\/p>\n","protected":false},"excerpt":{"rendered":"<p>Deu-lhes a \u00e1gua da sabedoria, tornou-se a sua for\u00e7a, e n\u00e3o vacilam; vai exalt\u00e1-los para sempre, aleluia! (Eclo 15,3s) Pela ressurrei\u00e7\u00e3o, Jesus Cristo se torna Senhor e Messias, nosso Salvador. Trata-se de verdade&#8230;<\/p>\n","protected":false},"author":2,"featured_media":20076,"comment_status":"open","ping_status":"open","sticky":false,"template":"","format":"standard","meta":[],"categories":[7],"tags":[],"_links":{"self":[{"href":"https:\/\/www.salvatorianas.org.br\/blog\/wp-json\/wp\/v2\/posts\/20075"}],"collection":[{"href":"https:\/\/www.salvatorianas.org.br\/blog\/wp-json\/wp\/v2\/posts"}],"about":[{"href":"https:\/\/www.salvatorianas.org.br\/blog\/wp-json\/wp\/v2\/types\/post"}],"author":[{"embeddable":true,"href":"https:\/\/www.salvatorianas.org.br\/blog\/wp-json\/wp\/v2\/users\/2"}],"replies":[{"embeddable":true,"href":"https:\/\/www.salvatorianas.org.br\/blog\/wp-json\/wp\/v2\/comments?post=20075"}],"version-history":[{"count":1,"href":"https:\/\/www.salvatorianas.org.br\/blog\/wp-json\/wp\/v2\/posts\/20075\/revisions"}],"predecessor-version":[{"id":20077,"href":"https:\/\/www.salvatorianas.org.br\/blog\/wp-json\/wp\/v2\/posts\/20075\/revisions\/20077"}],"wp:featuredmedia":[{"embeddable":true,"href":"https:\/\/www.salvatorianas.org.br\/blog\/wp-json\/wp\/v2\/media\/20076"}],"wp:attachment":[{"href":"https:\/\/www.salvatorianas.org.br\/blog\/wp-json\/wp\/v2\/media?parent=20075"}],"wp:term":[{"taxonomy":"category","embeddable":true,"href":"https:\/\/www.salvatorianas.org.br\/blog\/wp-json\/wp\/v2\/categories?post=20075"},{"taxonomy":"post_tag","embeddable":true,"href":"https:\/\/www.salvatorianas.org.br\/blog\/wp-json\/wp\/v2\/tags?post=20075"}],"curies":[{"name":"wp","href":"https:\/\/api.w.org\/{rel}","templated":true}]}}