{"id":20058,"date":"2023-04-10T01:00:00","date_gmt":"2023-04-10T01:00:00","guid":{"rendered":"https:\/\/www.salvatorianas.org.br\/blog\/?p=20058"},"modified":"2023-04-04T20:43:39","modified_gmt":"2023-04-04T20:43:39","slug":"oitava-da-pascoa-segunda-feira","status":"publish","type":"post","link":"https:\/\/www.salvatorianas.org.br\/blog\/oitava-da-pascoa-segunda-feira\/","title":{"rendered":"Oitava da P\u00e1scoa | Segunda-feira"},"content":{"rendered":"\n<p>O Senhor vos introduziu na terra onde correm leite e mel; que sua lei esteja sempre em vossos l\u00e1bios, aleluia! (Ex 13,5.9)<\/p>\n\n\n\n<p><em>Com firmeza e cheio de convic\u00e7\u00e3o, Pedro prega que \u201cDeus ressuscitou Jesus, libertando-o das ang\u00fastias da morte\u201d. E acrescenta: \u201cDisso n\u00f3s somos testemunhas\u201d. Sejamos, tamb\u00e9m n\u00f3s, valentes testemunhas da ressurrei\u00e7\u00e3o de Cristo.<\/em>Primeira Leitura:&nbsp;<strong>Atos 2,14.22-32<\/strong><\/p>\n\n\n\n<p>Leitura dos Atos dos Ap\u00f3stolos \u2013 No dia de Pentecostes,&nbsp;<sup>14<\/sup>Pedro, de p\u00e9, junto com os onze ap\u00f3stolos, levantou a voz e falou \u00e0 multid\u00e3o:&nbsp;<sup>22<\/sup>\u201cHomens de Israel, escutai estas palavras: Jesus de Nazar\u00e9 foi um homem aprovado por Deus, junto de v\u00f3s, pelos milagres, prod\u00edgios e sinais que Deus realizou, por meio dele, entre v\u00f3s. Tudo isso v\u00f3s bem o sabeis.&nbsp;<sup>23<\/sup>Deus, em seu des\u00edgnio e previs\u00e3o, determinou que Jesus fosse entregue pelas m\u00e3os dos \u00edmpios, e v\u00f3s o matastes, pregando-o numa cruz.&nbsp;<sup>24<\/sup>Mas Deus ressuscitou a Jesus, libertando-o das ang\u00fastias da morte, porque n\u00e3o era poss\u00edvel que ela o dominasse.&nbsp;<sup>25<\/sup>Pois Davi dele diz: \u2018Eu via sempre o Senhor diante de mim, pois est\u00e1 \u00e0 minha direita para eu n\u00e3o vacilar.&nbsp;<sup>26<\/sup>Alegrou-se por isso meu cora\u00e7\u00e3o e exultou minha l\u00edngua, e at\u00e9 minha carne repousar\u00e1 na esperan\u00e7a.&nbsp;<sup>27<\/sup>Porque n\u00e3o deixar\u00e1s minha alma na regi\u00e3o dos mortos nem permitir\u00e1s que teu santo experimente corrup\u00e7\u00e3o.&nbsp;<sup>28<\/sup>Deste-me a conhecer os caminhos da vida, e a tua presen\u00e7a me encher\u00e1 de alegria\u2019.&nbsp;<sup>29<\/sup>Irm\u00e3os, seja-me permitido dizer com franqueza que o patriarca Davi morreu e foi sepultado, e seu sepulcro est\u00e1 entre n\u00f3s at\u00e9 hoje.&nbsp;<sup>30<\/sup>Mas, sendo profeta, sabia que Deus lhe jurara solenemente que um de seus descendentes ocuparia o trono.&nbsp;<sup>31<\/sup>\u00c9, portanto, a ressurrei\u00e7\u00e3o de Cristo que previu e anunciou com as palavras: \u2018Ele n\u00e3o foi abandonado na regi\u00e3o dos mortos e sua carne n\u00e3o conheceu a corrup\u00e7\u00e3o\u2019.&nbsp;<sup>32<\/sup>Com efeito, Deus ressuscitou esse mesmo Jesus e disso todos n\u00f3s somos testemunhas\u201d. \u2013 Palavra do Senhor.Salmo Responsorial:&nbsp;<strong>15(16)<\/strong><\/p>\n\n\n\n<p><em><strong>Guardai-me, \u00f3 Deus, porque em v\u00f3s me refugio!<\/strong><\/em><\/p>\n\n\n\n<p>1. Guardai-me, \u00f3 Deus, porque em v\u00f3s me refugio!&nbsp;\/&nbsp;Digo ao Senhor: somente v\u00f3s sois meu Senhor;&nbsp;\/&nbsp;\u00f3 Senhor, sois minha heran\u00e7a e minha ta\u00e7a,&nbsp;\/&nbsp;meu destino est\u00e1 seguro em vossas m\u00e3os!&nbsp;\u2013 R.<\/p>\n\n\n\n<p>2. Eu bendigo o Senhor, que me aconselha&nbsp;\/&nbsp;e at\u00e9 de noite me adverte o cora\u00e7\u00e3o.&nbsp;\/&nbsp;Tenho sempre o Senhor ante meus olhos,&nbsp;\/&nbsp;pois, se o tenho a meu lado, n\u00e3o vacilo.&nbsp;\u2013 R.<\/p>\n\n\n\n<p>3. Eis por que meu cora\u00e7\u00e3o est\u00e1 em festa,&nbsp;\u2020&nbsp;minha alma rejubila de alegria&nbsp;\/&nbsp;e at\u00e9 meu corpo no repouso est\u00e1 tranquilo;&nbsp;\/&nbsp;pois n\u00e3o haveis de me deixar entregue \u00e0 morte&nbsp;\/&nbsp;nem vosso amigo conhecer a corrup\u00e7\u00e3o.&nbsp;\u2013 R.<\/p>\n\n\n\n<p>4. V\u00f3s me ensinais vosso caminho para a vida;&nbsp;\u2020&nbsp;junto a v\u00f3s, felicidade sem limites,&nbsp;\/&nbsp;del\u00edcia eterna e alegria ao vosso lado!&nbsp;\u2013 R.Evangelho:&nbsp;<strong>Mateus 28,8-15<\/strong><\/p>\n\n\n\n<p><strong><em>Aleluia<\/em><em>, aleluia, aleluia.<\/em><\/strong><\/p>\n\n\n\n<p><strong>Este \u00e9 o dia que o Senhor fez para n\u00f3s,&nbsp;\/&nbsp;alegremo-nos e nele exultemos! (Sl 117,24)&nbsp;\u2013 R.<\/strong><\/p>\n\n\n\n<p>Proclama\u00e7\u00e3o do Evangelho de Jesus Cristo segundo Mateus \u2013 Naquele tempo,&nbsp;<sup>8<\/sup>as mulheres partiram depressa do sepulcro. Estavam com medo, mas correram com grande alegria para dar a not\u00edcia aos disc\u00edpulos.&nbsp;<sup>9<\/sup>De repente, Jesus foi ao encontro delas e disse: \u201cAlegrai-vos!\u201d As mulheres aproximaram-se e prostraram-se diante de Jesus, abra\u00e7ando seus p\u00e9s.&nbsp;<sup>10<\/sup>Ent\u00e3o Jesus disse a elas: \u201cN\u00e3o tenhais medo. Ide anunciar aos meus irm\u00e3os que se dirijam para a Galileia. L\u00e1 eles me ver\u00e3o\u201d.&nbsp;<sup>11<\/sup>Quando as mulheres partiram, alguns guardas do t\u00famulo foram \u00e0 cidade e comunicaram aos sumos sacerdotes tudo o que havia acontecido.&nbsp;<sup>12<\/sup>Os sumos sacerdotes reuniram-se com os anci\u00e3os, e deram uma grande soma de dinheiro aos soldados,&nbsp;<sup>13<\/sup>dizendo-lhes: \u201cDizei que os disc\u00edpulos dele foram durante a noite e roubaram o corpo enquanto v\u00f3s dorm\u00edeis.&nbsp;<sup>14<\/sup>Se o governador ficar sabendo disso, n\u00f3s o convenceremos. N\u00e3o vos preocupeis\u201d.&nbsp;<sup>15<\/sup>Os soldados pegaram o dinheiro e agiram de acordo com as instru\u00e7\u00f5es recebidas. E assim, o boato espalhou-se entre os judeus at\u00e9 o dia de hoje. \u2013 Palavra da salva\u00e7\u00e3o.Reflex\u00e3o:<\/p>\n\n\n\n<p><em>Algo extraordin\u00e1rio est\u00e1 acontecendo. Algumas mulheres v\u00e3o visitar o t\u00famulo de Jesus. Um anjo do Senhor aparece, remove a pedra da entrada do sepulcro e comunica-lhes que n\u00e3o est\u00e1 ali quem elas procuram. Ressurgiu dos mortos, como havia predito v\u00e1rias vezes. Que fossem avisar os outros disc\u00edpulos. Com medo e alegria, elas correm para levar a not\u00edcia feliz. No caminho encontram o Ressuscitado, que lhes diz: \u201cAlegrem-se!\u201d. Os guardas constatam que j\u00e1 n\u00e3o h\u00e1 ningu\u00e9m sepultado. V\u00e3o contar o fato a seus chefes, os sumos sacerdotes. Perplexos, os chefes, que tinham mandado crucificar Jesus, oferecem dinheiro para os guardas espalharem uma mentira: que o corpo de Jesus foi roubado. Desmentindo o boato, Jesus se manifesta vivo. A morte n\u00e3o tem mais poder sobre ele.<\/em><\/p>\n","protected":false},"excerpt":{"rendered":"<p>O Senhor vos introduziu na terra onde correm leite e mel; que sua lei esteja sempre em vossos l\u00e1bios, aleluia! (Ex 13,5.9) Com firmeza e cheio de convic\u00e7\u00e3o, Pedro prega que \u201cDeus ressuscitou&#8230;<\/p>\n","protected":false},"author":2,"featured_media":20041,"comment_status":"open","ping_status":"open","sticky":false,"template":"","format":"standard","meta":[],"categories":[7],"tags":[],"_links":{"self":[{"href":"https:\/\/www.salvatorianas.org.br\/blog\/wp-json\/wp\/v2\/posts\/20058"}],"collection":[{"href":"https:\/\/www.salvatorianas.org.br\/blog\/wp-json\/wp\/v2\/posts"}],"about":[{"href":"https:\/\/www.salvatorianas.org.br\/blog\/wp-json\/wp\/v2\/types\/post"}],"author":[{"embeddable":true,"href":"https:\/\/www.salvatorianas.org.br\/blog\/wp-json\/wp\/v2\/users\/2"}],"replies":[{"embeddable":true,"href":"https:\/\/www.salvatorianas.org.br\/blog\/wp-json\/wp\/v2\/comments?post=20058"}],"version-history":[{"count":1,"href":"https:\/\/www.salvatorianas.org.br\/blog\/wp-json\/wp\/v2\/posts\/20058\/revisions"}],"predecessor-version":[{"id":20059,"href":"https:\/\/www.salvatorianas.org.br\/blog\/wp-json\/wp\/v2\/posts\/20058\/revisions\/20059"}],"wp:featuredmedia":[{"embeddable":true,"href":"https:\/\/www.salvatorianas.org.br\/blog\/wp-json\/wp\/v2\/media\/20041"}],"wp:attachment":[{"href":"https:\/\/www.salvatorianas.org.br\/blog\/wp-json\/wp\/v2\/media?parent=20058"}],"wp:term":[{"taxonomy":"category","embeddable":true,"href":"https:\/\/www.salvatorianas.org.br\/blog\/wp-json\/wp\/v2\/categories?post=20058"},{"taxonomy":"post_tag","embeddable":true,"href":"https:\/\/www.salvatorianas.org.br\/blog\/wp-json\/wp\/v2\/tags?post=20058"}],"curies":[{"name":"wp","href":"https:\/\/api.w.org\/{rel}","templated":true}]}}