{"id":20049,"date":"2023-04-06T01:35:00","date_gmt":"2023-04-06T01:35:00","guid":{"rendered":"https:\/\/www.salvatorianas.org.br\/blog\/?p=20049"},"modified":"2023-04-04T20:36:52","modified_gmt":"2023-04-04T20:36:52","slug":"quinta-feira-da-semana-santa-ceia-do-senhor","status":"publish","type":"post","link":"https:\/\/www.salvatorianas.org.br\/blog\/quinta-feira-da-semana-santa-ceia-do-senhor\/","title":{"rendered":"Quinta-feira da Semana Santa &#8211; Ceia do Senhor"},"content":{"rendered":"\n<p>A cruz de nosso Senhor Jesus Cristo deve ser a nossa gl\u00f3ria: nele est\u00e1 nossa vida e ressurrei\u00e7\u00e3o; foi ele que nos salvou e libertou (Gl 6,14).<\/p>\n\n\n\n<p><em>Estamos reunidos para fazer mem\u00f3ria da \u00faltima ceia do Senhor com seus disc\u00edpulos. Nesta liturgia, que inicia o Tr\u00edduo Pascal, contemplamos os grandes gestos de Jesus em favor de seus seguidores: a institui\u00e7\u00e3o da Eucaristia, o lava-p\u00e9s e o mandamento do amor. Celebremos em comunh\u00e3o com a vida de Cristo e com todos os que se comprometem com a solidariedade e com um mundo sem fome.<\/em>Primeira Leitura:&nbsp;<strong>\u00caxodo 12,1-8.11-14<\/strong><\/p>\n\n\n\n<p>Leitura do livro do \u00caxodo \u2013 Naqueles dias,&nbsp;<sup>1<\/sup>o Senhor disse a Mois\u00e9s e a Aar\u00e3o no Egito:&nbsp;<sup>2<\/sup>\u201cEste m\u00eas ser\u00e1 para v\u00f3s o come\u00e7o dos meses; ser\u00e1 o primeiro m\u00eas do ano.&nbsp;<sup>3<\/sup>Falai a toda a comunidade dos filhos de Israel, dizendo: No d\u00e9cimo dia deste m\u00eas, cada um tome um cordeiro por fam\u00edlia, um cordeiro para cada casa.&nbsp;<sup>4<\/sup>Se a fam\u00edlia n\u00e3o for bastante numerosa para comer um cordeiro, convidar\u00e1 tamb\u00e9m o vizinho mais pr\u00f3ximo, de acordo com o n\u00famero de pessoas. Deveis calcular o n\u00famero de comensais, conforme o tamanho do cordeiro.&nbsp;<sup>5<\/sup>O cordeiro ser\u00e1 sem defeito, macho, de um ano. Podereis escolher tanto um cordeiro como um cabrito:&nbsp;<sup>6<\/sup>e devereis guard\u00e1-lo preso at\u00e9 o dia catorze deste m\u00eas. Ent\u00e3o toda a comunidade de Israel reunida o imolar\u00e1 ao cair da tarde.&nbsp;<sup>7<\/sup>Tomareis um pouco do seu sangue e untareis os marcos e a travessa da porta, nas casas em que o comerdes.&nbsp;<sup>8<\/sup>Comereis a carne nessa mesma noite, assada ao fogo, com p\u00e3es \u00e1zimos e ervas amargas.&nbsp;<sup>11<\/sup>Assim devereis com\u00ea-lo: com os rins cingidos, sand\u00e1lias nos p\u00e9s e cajado na m\u00e3o. E comereis \u00e0s pressas, pois \u00e9 a P\u00e1scoa, isto \u00e9, a \u2018passagem\u2019 do Senhor!&nbsp;<sup>12<\/sup>E naquela noite passarei pela terra do Egito e ferirei na terra do Egito todos os primog\u00eanitos, desde os homens at\u00e9 os animais; e infligirei castigos contra todos os deuses do Egito, eu, o Senhor.&nbsp;<sup>13<\/sup>O sangue servir\u00e1 de sinal nas casas onde estiverdes. Ao ver o sangue, passarei adiante, e n\u00e3o vos atingir\u00e1 a praga exterminadora quando eu ferir a terra do Egito.&nbsp;<sup>14<\/sup>Este dia ser\u00e1 para v\u00f3s uma festa memor\u00e1vel em honra do Senhor, que haveis de celebrar por todas as gera\u00e7\u00f5es como institui\u00e7\u00e3o perp\u00e9tua\u201d. \u2013 Palavra do Senhor.Salmo Responsorial:&nbsp;<strong>115(116B)<\/strong><\/p>\n\n\n\n<p><em><strong>O c\u00e1lice por n\u00f3s aben\u00e7oado&nbsp;\/&nbsp;\u00e9 a nossa comunh\u00e3o com o sangue do Senhor.<\/strong><\/em><\/p>\n\n\n\n<p>1. Que poderei retribuir ao Senhor Deus&nbsp;\/&nbsp;por tudo aquilo que ele fez em meu favor?&nbsp;\/&nbsp;Elevo o c\u00e1lice da minha salva\u00e7\u00e3o,&nbsp;\/&nbsp;invocando o nome santo do Senhor.&nbsp;\u2013 R.<\/p>\n\n\n\n<p>2. \u00c9 sentida por demais pelo Senhor&nbsp;\/&nbsp;a morte de seus santos, seus amigos.&nbsp;\/&nbsp;Eis que sou o vosso servo, \u00f3 Senhor,&nbsp;\/&nbsp;mas me quebrastes os grilh\u00f5es da escravid\u00e3o!&nbsp;\u2013 R.<\/p>\n\n\n\n<p>3. Por isso oferto um sacrif\u00edcio de louvor,&nbsp;\/&nbsp;invocando o nome santo do Senhor.&nbsp;\/&nbsp;Vou cumprir minhas promessas ao Senhor&nbsp;\/&nbsp;na presen\u00e7a de seu povo reunido.&nbsp;\u2013 R.Segunda Leitura:&nbsp;<strong>1 Cor\u00edntios 11,23-26<\/strong><\/p>\n\n\n\n<p>Leitura da primeira carta de S\u00e3o Paulo aos Cor\u00edntios \u2013 Irm\u00e3os,&nbsp;<sup>23<\/sup>o que eu recebi do Senhor, foi isso que eu vos transmiti: na noite em que foi entregue, o Senhor Jesus tomou o p\u00e3o&nbsp;<sup>24<\/sup>e, depois de dar gra\u00e7as, partiu-o e disse: \u201cIsto \u00e9 o meu corpo que \u00e9 dado por v\u00f3s. Fazei isto em minha mem\u00f3ria\u201d.&nbsp;<sup>25<\/sup>Do mesmo modo, depois da ceia, tomou tamb\u00e9m o c\u00e1lice e disse: \u201cEste c\u00e1lice \u00e9 a nova alian\u00e7a, em meu sangue. Todas as vezes que dele beberdes, fazei isto em minha mem\u00f3ria\u201d.&nbsp;<sup>26<\/sup>Todas as vezes, de fato, que comerdes deste p\u00e3o e beberdes deste c\u00e1lice, estareis proclamando a morte do Senhor, at\u00e9 que ele venha. \u2013 Palavra do Senhor.Evangelho:&nbsp;<strong>Jo\u00e3o 13,1-15<\/strong><\/p>\n\n\n\n<p><strong><em>Gl\u00f3ria a v\u00f3s, \u00f3 Cristo, Verbo de Deus.<\/em><\/strong><\/p>\n\n\n\n<p><strong>Eu vos dou este novo mandamento,&nbsp;\/&nbsp;nova ordem agora vos dou,&nbsp;\/&nbsp;que tamb\u00e9m vos ameis uns aos outros,&nbsp;\/&nbsp;como eu vos amei, diz o Senhor (Jo 13,34).&nbsp;\u2013 R.<\/strong><\/p>\n\n\n\n<p>Proclama\u00e7\u00e3o do Evangelho de Jesus Cristo segundo Jo\u00e3o \u2013&nbsp;<sup>1<\/sup>Era antes da festa da P\u00e1scoa. Jesus sabia que tinha chegado a sua hora de passar deste mundo para o Pai; tendo amado os seus que estavam no mundo, amou-os at\u00e9 o fim.&nbsp;<sup>2<\/sup>Estavam tomando a ceia. O diabo j\u00e1 tinha posto no cora\u00e7\u00e3o de Judas, filho de Sim\u00e3o Iscariotes, o prop\u00f3sito de entregar Jesus.&nbsp;<sup>3<\/sup>Jesus, sabendo que o Pai tinha colocado tudo em suas m\u00e3os e que de Deus tinha sa\u00eddo e para Deus voltava,&nbsp;<sup>4<\/sup>levantou-se da mesa, tirou o manto, pegou uma toalha e amarrou-a na cintura.&nbsp;<sup>5<\/sup>Derramou \u00e1gua numa bacia e come\u00e7ou a lavar os p\u00e9s dos disc\u00edpulos, enxugando-os com a toalha com que estava cingido.&nbsp;<sup>6<\/sup>Chegou a vez de Sim\u00e3o Pedro. Pedro disse: \u201cSenhor, tu me lavas os p\u00e9s?\u201d&nbsp;<sup>7<\/sup>Respondeu Jesus: \u201cAgora n\u00e3o entendes o que estou fazendo; mais tarde compreender\u00e1s\u201d.&nbsp;<sup>8<\/sup>Disse-lhe Pedro: \u201cTu nunca me lavar\u00e1s os p\u00e9s!\u201d Mas Jesus respondeu: \u201cSe eu n\u00e3o te lavar, n\u00e3o ter\u00e1s parte comigo\u201d.&nbsp;<sup>9<\/sup>Sim\u00e3o Pedro disse: \u201cSenhor, ent\u00e3o lava n\u00e3o somente os meus p\u00e9s, mas tamb\u00e9m as m\u00e3os e a cabe\u00e7a\u201d.&nbsp;<sup>10<\/sup>Jesus respondeu: \u201cQuem j\u00e1 se banhou n\u00e3o precisa lavar sen\u00e3o os p\u00e9s, porque j\u00e1 est\u00e1 todo limpo. Tamb\u00e9m v\u00f3s estais limpos, mas n\u00e3o todos\u201d.&nbsp;<sup>11<\/sup>Jesus sabia quem o ia entregar; por isso disse: \u201cNem todos estais limpos\u201d.&nbsp;<sup>12<\/sup>Depois de ter lavado os p\u00e9s dos disc\u00edpulos, Jesus vestiu o manto e sentou-se de novo. E disse aos disc\u00edpulos: \u201cCompreendeis o que acabo de fazer?&nbsp;<sup>13<\/sup>V\u00f3s me chamais Mestre e Senhor e dizeis bem, pois eu o sou.&nbsp;<sup>14<\/sup>Portanto, se eu, o Senhor e Mestre, vos lavei os p\u00e9s, tamb\u00e9m v\u00f3s deveis lavar os p\u00e9s uns dos outros.&nbsp;<sup>15<\/sup>Dei-vos o exemplo, para que fa\u00e7ais a mesma coisa que eu fiz\u201d. \u2013 Palavra da salva\u00e7\u00e3o.Reflex\u00e3o:<\/p>\n\n\n\n<p><em>Prestes a enfrentar a morte, Jesus tem total conhecimento e dom\u00ednio da situa\u00e7\u00e3o. Ama at\u00e9 o fim. Durante a ceia, ele faz algo in\u00e9dito e surpreendente: lava os p\u00e9s dos ap\u00f3stolos. Causa estranheza e rea\u00e7\u00e3o no grupo. Segundo Pedro, n\u00e3o cabe ao Mestre e Senhor fazer esse servi\u00e7o. Jesus, por\u00e9m, realiza concretamente o que sempre havia ensinado: na sua comunidade, o maior \u00e9 aquele que serve a todos (cf. Mc 9,35). Ao terminar o lava-p\u00e9s, Jesus veste o manto, senta-se de novo e profere memor\u00e1vel senten\u00e7a: \u201cSe eu lavei os p\u00e9s de voc\u00eas, eu que sou o Senhor e o Mestre, voc\u00eas tamb\u00e9m devem lavar os p\u00e9s uns dos outros\u201d. O gesto renovador atravessa os s\u00e9culos e chega a n\u00f3s solenizado na QUINTA-FEIRA Santa, reafirmando que a Igreja de Cristo \u00e9 a Igreja do servi\u00e7o, da partilha e da fraternidade.<\/em><\/p>\n","protected":false},"excerpt":{"rendered":"<p>A cruz de nosso Senhor Jesus Cristo deve ser a nossa gl\u00f3ria: nele est\u00e1 nossa vida e ressurrei\u00e7\u00e3o; foi ele que nos salvou e libertou (Gl 6,14). Estamos reunidos para fazer mem\u00f3ria da&#8230;<\/p>\n","protected":false},"author":2,"featured_media":20038,"comment_status":"open","ping_status":"open","sticky":false,"template":"","format":"standard","meta":[],"categories":[7],"tags":[],"_links":{"self":[{"href":"https:\/\/www.salvatorianas.org.br\/blog\/wp-json\/wp\/v2\/posts\/20049"}],"collection":[{"href":"https:\/\/www.salvatorianas.org.br\/blog\/wp-json\/wp\/v2\/posts"}],"about":[{"href":"https:\/\/www.salvatorianas.org.br\/blog\/wp-json\/wp\/v2\/types\/post"}],"author":[{"embeddable":true,"href":"https:\/\/www.salvatorianas.org.br\/blog\/wp-json\/wp\/v2\/users\/2"}],"replies":[{"embeddable":true,"href":"https:\/\/www.salvatorianas.org.br\/blog\/wp-json\/wp\/v2\/comments?post=20049"}],"version-history":[{"count":1,"href":"https:\/\/www.salvatorianas.org.br\/blog\/wp-json\/wp\/v2\/posts\/20049\/revisions"}],"predecessor-version":[{"id":20050,"href":"https:\/\/www.salvatorianas.org.br\/blog\/wp-json\/wp\/v2\/posts\/20049\/revisions\/20050"}],"wp:featuredmedia":[{"embeddable":true,"href":"https:\/\/www.salvatorianas.org.br\/blog\/wp-json\/wp\/v2\/media\/20038"}],"wp:attachment":[{"href":"https:\/\/www.salvatorianas.org.br\/blog\/wp-json\/wp\/v2\/media?parent=20049"}],"wp:term":[{"taxonomy":"category","embeddable":true,"href":"https:\/\/www.salvatorianas.org.br\/blog\/wp-json\/wp\/v2\/categories?post=20049"},{"taxonomy":"post_tag","embeddable":true,"href":"https:\/\/www.salvatorianas.org.br\/blog\/wp-json\/wp\/v2\/tags?post=20049"}],"curies":[{"name":"wp","href":"https:\/\/api.w.org\/{rel}","templated":true}]}}