{"id":20046,"date":"2023-04-05T01:00:00","date_gmt":"2023-04-05T01:00:00","guid":{"rendered":"https:\/\/www.salvatorianas.org.br\/blog\/?p=20046"},"modified":"2023-04-04T20:34:04","modified_gmt":"2023-04-04T20:34:04","slug":"quarta-feira-da-semana-santa","status":"publish","type":"post","link":"https:\/\/www.salvatorianas.org.br\/blog\/quarta-feira-da-semana-santa\/","title":{"rendered":"Quarta-feira da Semana Santa"},"content":{"rendered":"\n<p>Ao nome de Jesus, todo joelho se dobre no c\u00e9u, na terra e na mans\u00e3o dos mortos, pois o Senhor se fez obediente at\u00e9 a morte, e morte de cruz. E por isso Jesus Cristo \u00e9 Senhor, na gl\u00f3ria de Deus Pai (Fl 2,10.8.11).<\/p>\n\n\n\n<p><em>\u00c0s v\u00e9speras do Tr\u00edduo Pascal, somos confrontados com a trai\u00e7\u00e3o de Judas. Esta Eucaristia nos d\u00ea for\u00e7as para cultivar sempre um relacionamento sincero e transparente com o Senhor e com as pessoas.<\/em>Primeira Leitura:&nbsp;<strong>Isa\u00edas 50,4-9<\/strong><\/p>\n\n\n\n<p>Leitura do livro do profeta Isa\u00edas \u2013&nbsp;<sup>4<\/sup>O Senhor Deus deu-me l\u00edngua adestrada, para que eu saiba dizer palavras de conforto \u00e0 pessoa abatida; ele me desperta cada manh\u00e3 e me excita o ouvido, para prestar aten\u00e7\u00e3o como um disc\u00edpulo.&nbsp;<sup>5<\/sup>O Senhor abriu-me os ouvidos; n\u00e3o lhe resisti nem voltei atr\u00e1s.&nbsp;<sup>6<\/sup>Ofereci as costas para me baterem e as faces para me arrancarem a barba: n\u00e3o desviei o rosto de bofet\u00f5es e cusparadas.&nbsp;<sup>7<\/sup>Mas o Senhor Deus \u00e9 meu auxiliador, por isso n\u00e3o me deixei abater o \u00e2nimo, conservei o rosto impass\u00edvel como pedra, porque sei que n\u00e3o sairei humilhado.&nbsp;<sup>8<\/sup>A meu lado est\u00e1 quem me justifica; algu\u00e9m me far\u00e1 obje\u00e7\u00f5es? Vejamos. Quem \u00e9 meu advers\u00e1rio? Aproxime-se.&nbsp;<sup>9<\/sup>Sim, o Senhor Deus \u00e9 meu auxiliador; quem \u00e9 que me vai condenar? \u2013 Palavra do Senhor.Salmo Responsorial:&nbsp;<strong>68(69)<\/strong><\/p>\n\n\n\n<p><em><strong>Respondei-me, pelo vosso imenso amor,&nbsp;\/&nbsp;neste tempo favor\u00e1vel, Senhor Deus.<\/strong><\/em><\/p>\n\n\n\n<p>1. Por vossa causa \u00e9 que sofri tantos insultos&nbsp;\/&nbsp;e o meu rosto se cobriu de confus\u00e3o;&nbsp;\/&nbsp;eu me tornei como um estranho a meus irm\u00e3os,&nbsp;\/&nbsp;como estrangeiro para os filhos de minha m\u00e3e.&nbsp;\/&nbsp;Pois meu zelo e meu amor por vossa casa&nbsp;\/&nbsp;me devoram como fogo abrasador;&nbsp;\/&nbsp;e os insultos de infi\u00e9is que vos ultrajam&nbsp;\/&nbsp;reca\u00edram todos eles sobre mim!&nbsp;\u2013 R.<\/p>\n\n\n\n<p>2. O insulto me partiu o cora\u00e7\u00e3o.&nbsp;\u2020&nbsp;Eu esperei que algu\u00e9m de mim tivesse pena;&nbsp;\/&nbsp;procurei quem me aliviasse e n\u00e3o achei!&nbsp;\/&nbsp;Deram-me fel como se fosse um alimento,&nbsp;\/&nbsp;em minha sede ofereceram-me vinagre!&nbsp;\u2013 R.<\/p>\n\n\n\n<p>3. Cantando, eu louvarei o vosso nome&nbsp;\/&nbsp;e, agradecido, exultarei de alegria!&nbsp;\/&nbsp;Humildes, vede isto e alegrai-vos:&nbsp;\u2020&nbsp;o vosso cora\u00e7\u00e3o reviver\u00e1&nbsp;\/&nbsp;se procurardes o Senhor continuamente!&nbsp;\/&nbsp;Pois nosso Deus atende \u00e0 prece dos seus pobres&nbsp;\/&nbsp;e n\u00e3o despreza o clamor de seus cativos.&nbsp;\u2013 R.Evangelho:&nbsp;<strong>Mateus 26,14-25<\/strong><\/p>\n\n\n\n<p><strong><em>Salve, Cristo, luz da vida,&nbsp;\/&nbsp;companheiro na partilha!<\/em><\/strong><\/p>\n\n\n\n<p><strong>Salve, nosso rei, somente v\u00f3s&nbsp;\/&nbsp;tendes compaix\u00e3o dos nossos erros.&nbsp;\u2013 R.<\/strong><\/p>\n\n\n\n<p>Proclama\u00e7\u00e3o do Evangelho de Jesus Cristo segundo Mateus \u2013 Naquele tempo,&nbsp;<sup>14<\/sup>um dos doze disc\u00edpulos, chamado Judas Iscariotes, foi ter com os sumos sacerdotes&nbsp;<sup>15<\/sup>e disse: \u201cO que me dareis se vos entregar Jesus?\u201d Combinaram, ent\u00e3o, trinta moedas de prata.&nbsp;<sup>16<\/sup>E da\u00ed em diante, Judas procurava uma oportunidade para entregar Jesus.&nbsp;<sup>17<\/sup>No primeiro dia da festa dos \u00c1zimos, os disc\u00edpulos aproximaram-se de Jesus e perguntaram: \u201cOnde queres que fa\u00e7amos os preparativos para comer a P\u00e1scoa?\u201d&nbsp;<sup>18<\/sup>Jesus respondeu: \u201cIde \u00e0 cidade, procurai certo homem e dizei-lhe: \u2018O mestre manda dizer: O meu tempo est\u00e1 pr\u00f3ximo, vou celebrar a P\u00e1scoa em tua casa, junto com meus disc\u00edpulos&#8217;\u201d.&nbsp;<sup>19<\/sup>Os disc\u00edpulos fizeram como Jesus mandou e prepararam a P\u00e1scoa.&nbsp;<sup>20<\/sup>Ao cair da tarde, Jesus p\u00f4s-se \u00e0 mesa com os doze disc\u00edpulos.&nbsp;<sup>21<\/sup>Enquanto comiam, Jesus disse: \u201cEm verdade eu vos digo, um de v\u00f3s vai me trair\u201d.&nbsp;<sup>22<\/sup>Eles ficaram muito tristes e, um por um, come\u00e7aram a lhe perguntar: \u201cSenhor, ser\u00e1 que sou eu?\u201d&nbsp;<sup>23<\/sup>Jesus respondeu: \u201cQuem vai me trair \u00e9 aquele que comigo p\u00f5e a m\u00e3o no prato.&nbsp;<sup>24<\/sup>O Filho do Homem vai morrer, conforme diz a Escritura a respeito dele. Contudo, ai daquele que trair o Filho do Homem! Seria melhor que nunca tivesse nascido!\u201d&nbsp;<sup>25<\/sup>Ent\u00e3o Judas, o traidor, perguntou: \u201cMestre, serei eu?\u201d Jesus lhe respondeu: \u201cTu o dizes\u201d. \u2013 Palavra da salva\u00e7\u00e3o.Reflex\u00e3o:<\/p>\n\n\n\n<p><em>Por trinta moedas de prata, Jesus est\u00e1 sendo negociado por um de seus disc\u00edpulos. Na casa de um amigo, Jesus come a P\u00e1scoa com os ap\u00f3stolos. A refei\u00e7\u00e3o, que poderia transcorrer em clima descontra\u00eddo e cordial, torna-se ocasi\u00e3o de forte tens\u00e3o entre todos. \u00c9 que Jesus lhes revela que um deles vai entreg\u00e1-lo aos chefes do povo. A tristeza apodera-se deles, e o traidor \u00e9 apontado: Judas. Foi o nosso pecado que causou a morte de Jesus. Conv\u00e9m lembrar que nosso pacto com o pecado \u00e9 que provoca o sacrif\u00edcio de Jesus. \u00c9 o mist\u00e9rio pascal (paix\u00e3o, morte e ressurrei\u00e7\u00e3o de Jesus) que vamos contemplar e meditar nos pr\u00f3ximos dias, \u00e0 medida que estivermos celebrando as \u00faltimas a\u00e7\u00f5es terrenas de Jesus.<\/em><\/p>\n","protected":false},"excerpt":{"rendered":"<p>Ao nome de Jesus, todo joelho se dobre no c\u00e9u, na terra e na mans\u00e3o dos mortos, pois o Senhor se fez obediente at\u00e9 a morte, e morte de cruz. E por isso&#8230;<\/p>\n","protected":false},"author":2,"featured_media":20037,"comment_status":"open","ping_status":"open","sticky":false,"template":"","format":"standard","meta":[],"categories":[7],"tags":[],"_links":{"self":[{"href":"https:\/\/www.salvatorianas.org.br\/blog\/wp-json\/wp\/v2\/posts\/20046"}],"collection":[{"href":"https:\/\/www.salvatorianas.org.br\/blog\/wp-json\/wp\/v2\/posts"}],"about":[{"href":"https:\/\/www.salvatorianas.org.br\/blog\/wp-json\/wp\/v2\/types\/post"}],"author":[{"embeddable":true,"href":"https:\/\/www.salvatorianas.org.br\/blog\/wp-json\/wp\/v2\/users\/2"}],"replies":[{"embeddable":true,"href":"https:\/\/www.salvatorianas.org.br\/blog\/wp-json\/wp\/v2\/comments?post=20046"}],"version-history":[{"count":1,"href":"https:\/\/www.salvatorianas.org.br\/blog\/wp-json\/wp\/v2\/posts\/20046\/revisions"}],"predecessor-version":[{"id":20047,"href":"https:\/\/www.salvatorianas.org.br\/blog\/wp-json\/wp\/v2\/posts\/20046\/revisions\/20047"}],"wp:featuredmedia":[{"embeddable":true,"href":"https:\/\/www.salvatorianas.org.br\/blog\/wp-json\/wp\/v2\/media\/20037"}],"wp:attachment":[{"href":"https:\/\/www.salvatorianas.org.br\/blog\/wp-json\/wp\/v2\/media?parent=20046"}],"wp:term":[{"taxonomy":"category","embeddable":true,"href":"https:\/\/www.salvatorianas.org.br\/blog\/wp-json\/wp\/v2\/categories?post=20046"},{"taxonomy":"post_tag","embeddable":true,"href":"https:\/\/www.salvatorianas.org.br\/blog\/wp-json\/wp\/v2\/tags?post=20046"}],"curies":[{"name":"wp","href":"https:\/\/api.w.org\/{rel}","templated":true}]}}