{"id":20035,"date":"2023-04-04T20:18:58","date_gmt":"2023-04-04T20:18:58","guid":{"rendered":"https:\/\/www.salvatorianas.org.br\/blog\/?p=20035"},"modified":"2023-04-04T20:20:51","modified_gmt":"2023-04-04T20:20:51","slug":"terca-feira-da-semana-santa","status":"publish","type":"post","link":"https:\/\/www.salvatorianas.org.br\/blog\/terca-feira-da-semana-santa\/","title":{"rendered":"Ter\u00e7a-feira da Semana Santa"},"content":{"rendered":"\n<p>N\u00e3o me deixeis, Senhor, \u00e0 merc\u00ea de meus advers\u00e1rios, pois contra mim se levantaram testemunhas falsas, mas volta-se contra eles a sua iniquidade (Sl 26,12).<\/p>\n\n\n\n<p>Desde o ventre materno, somos amados por Deus e escolhidos para uma miss\u00e3o. Vigiemos para sermos fi\u00e9is ao amor do Pai e n\u00e3o trair a confian\u00e7a dele em n\u00f3s.Primeira Leitura:&nbsp;<strong>Isa\u00edas 49,1-6<\/strong><\/p>\n\n\n\n<p>Leitura do livro do profeta Isa\u00edas \u2013&nbsp;<sup>1<\/sup>Na\u00e7\u00f5es marinhas, ouvi-me; povos distantes, prestai aten\u00e7\u00e3o: o Senhor chamou-me antes de eu nascer; desde o ventre de minha m\u00e3e, ele tinha na mente o meu nome;&nbsp;<sup>2<\/sup>fez de minha palavra uma espada afiada, protegeu-me \u00e0 sombra de sua m\u00e3o e fez de mim uma flecha agu\u00e7ada, escondida em sua aljava,&nbsp;<sup>3<\/sup>e disse-me: \u201cTu \u00e9s o meu servo, Israel, em quem serei glorificado\u201d.&nbsp;<sup>4<\/sup>E eu disse: \u201cTrabalhei em v\u00e3o, gastei minhas for\u00e7as sem fruto, inutilmente; entretanto o Senhor me far\u00e1 justi\u00e7a e o meu Deus me dar\u00e1 recompensa\u201d.&nbsp;<sup>5<\/sup>E, agora, diz-me o Senhor \u2013 ele que me preparou desde o nascimento para ser seu servo \u2013 que eu recupere Jac\u00f3 para ele e fa\u00e7a Israel unir-se a ele; aos olhos do Senhor, esta \u00e9 a minha gl\u00f3ria.&nbsp;<sup>6<\/sup>Disse ele: \u201cN\u00e3o basta seres meu servo para restaurar as tribos de Jac\u00f3 e reconduzir os remanescentes de Israel: eu te farei luz das na\u00e7\u00f5es, para que minha salva\u00e7\u00e3o chegue at\u00e9 os confins da terra\u201d. \u2013 Palavra do Senhor.Salmo Responsorial:&nbsp;<strong>70(71)<\/strong><\/p>\n\n\n\n<p><em><strong>Minha boca anunciar\u00e1 vossa justi\u00e7a.<\/strong><\/em><\/p>\n\n\n\n<p>1. Eu procuro meu ref\u00fagio em v\u00f3s, Senhor:&nbsp;\/&nbsp;que eu n\u00e3o seja envergonhado para sempre!&nbsp;\/&nbsp;Porque sois justo, defendei-me e libertai-me!&nbsp;\/&nbsp;Escutai a minha voz, vinde salvar-me!&nbsp;\u2013 R.<\/p>\n\n\n\n<p>2. Sede uma rocha protetora para mim,&nbsp;\/&nbsp;um abrigo bem seguro que me salve!&nbsp;\/&nbsp;Porque sois a minha for\u00e7a e meu amparo,&nbsp;\u2020&nbsp;o meu ref\u00fagio, prote\u00e7\u00e3o e seguran\u00e7a!&nbsp;\/&nbsp;Libertai-me, \u00f3 meu Deus, das m\u00e3os do \u00edmpio.&nbsp;\u2013 R.<\/p>\n\n\n\n<p>3. Porque sois, \u00f3 Senhor Deus, minha esperan\u00e7a,&nbsp;\/&nbsp;em v\u00f3s confio desde a minha juventude!&nbsp;\/&nbsp;Sois meu apoio desde antes que eu nascesse,&nbsp;\/&nbsp;desde o seio maternal, o meu amparo.&nbsp;\u2013 R.<\/p>\n\n\n\n<p>4. Minha boca anunciar\u00e1 todos os dias&nbsp;\/&nbsp;vossa justi\u00e7a e vossas gra\u00e7as incont\u00e1veis.&nbsp;\/&nbsp;V\u00f3s me ensinastes desde a minha juventude&nbsp;\/&nbsp;e at\u00e9 hoje canto as vossas maravilhas.&nbsp;\u2013 R.Evangelho:&nbsp;<strong>Jo\u00e3o 13,21-33.36-38<\/strong><\/p>\n\n\n\n<p><strong><em>Honra, gl\u00f3ria, poder e louvor&nbsp;\/&nbsp;a Jesus, nosso Deus e Senhor!<\/em><\/strong><\/p>\n\n\n\n<p><strong>Salve, \u00f3 rei, obediente ao Pai;&nbsp;\/&nbsp;v\u00f3s fostes levado para ser crucificado&nbsp;\/&nbsp;como um manso cordeiro \u00e9 conduzido \u00e0 matan\u00e7a.&nbsp;\u2013 R.<\/strong><\/p>\n\n\n\n<p>Proclama\u00e7\u00e3o do Evangelho de Jesus Cristo segundo Jo\u00e3o \u2013 Naquele tempo, estando \u00e0 mesa com seus disc\u00edpulos,&nbsp;<sup>21<\/sup>Jesus ficou profundamente comovido e testemunhou: \u201cEm verdade, em verdade vos digo, um de v\u00f3s me entregar\u00e1\u201d.&nbsp;<sup>22<\/sup>Desconcertados, os disc\u00edpulos olhavam uns para os outros, pois n\u00e3o sabiam de quem Jesus estava falando.&nbsp;<sup>23<\/sup>Um deles, a quem Jesus amava, estava recostado ao lado de Jesus.&nbsp;<sup>24<\/sup>Sim\u00e3o Pedro fez-lhe um sinal para que ele procurasse saber de quem Jesus estava falando.&nbsp;<sup>25<\/sup>Ent\u00e3o o disc\u00edpulo, reclinando-se sobre o peito de Jesus, perguntou-lhe: \u201cSenhor, quem \u00e9?\u201d&nbsp;<sup>26<\/sup>Jesus respondeu: \u201c\u00c9 aquele a quem eu der o peda\u00e7o de p\u00e3o passado no molho\u201d. Ent\u00e3o Jesus molhou um peda\u00e7o de p\u00e3o e deu-o a Judas, filho de Sim\u00e3o Iscariotes.&nbsp;<sup>27<\/sup>Depois do peda\u00e7o de p\u00e3o, satan\u00e1s entrou em Judas. Ent\u00e3o Jesus lhe disse: \u201cO que tens a fazer, executa-o depressa\u201d.&nbsp;<sup>28<\/sup>Nenhum dos presentes compreendeu por que Jesus lhe disse isso.&nbsp;<sup>29<\/sup>Como Judas guardava a bolsa, alguns pensavam que Jesus lhe queria dizer: \u201cCompra o que precisamos para a festa\u201d ou que desse alguma coisa aos pobres.&nbsp;<sup>30<\/sup>Depois de receber o peda\u00e7o de p\u00e3o, Judas saiu imediatamente. Era noite.&nbsp;<sup>31<\/sup>Depois que Judas saiu, disse Jesus: \u201cAgora foi glorificado o Filho do Homem, e Deus foi glorificado nele.&nbsp;<sup>32<\/sup>Se Deus foi glorificado nele, tamb\u00e9m Deus o glorificar\u00e1 em si mesmo e o glorificar\u00e1 logo.&nbsp;<sup>33<\/sup>Filhinhos, por pouco tempo estou ainda convosco. V\u00f3s me procurareis, e agora vos digo, como eu disse tamb\u00e9m aos judeus: \u2018Para onde eu vou, v\u00f3s n\u00e3o podeis ir&#8217;\u201d.&nbsp;<sup>36<\/sup>Sim\u00e3o Pedro perguntou: \u201cSenhor, para onde vais?\u201d Jesus respondeu-lhe: \u201cPara onde eu vou, tu n\u00e3o me podes seguir agora, mas me seguir\u00e1s mais tarde\u201d.&nbsp;<sup>37<\/sup>Pedro disse: \u201cSenhor, por que n\u00e3o posso seguir-te agora? Eu darei a minha vida por ti!\u201d&nbsp;<sup>38<\/sup>Respondeu Jesus: \u201cDar\u00e1s a tua vida por mim? Em verdade, em verdade te digo, o galo n\u00e3o cantar\u00e1 antes que me tenhas negado tr\u00eas vezes\u201d. \u2013 Palavra da salva\u00e7\u00e3o.Reflex\u00e3o:<\/p>\n\n\n\n<p><em>Profundamente comovido, Jesus se desabafa de algo que o sufoca: o traidor \u00e9 um do grupo. Com gesto de carinho, entrega o p\u00e3o umedecido a Judas Iscariotes, que imediatamente se retira do conv\u00edvio. \u201c\u00c9 noite\u201d: enquanto Judas entra nas trevas, Jesus \u00e9 glorificado pelo Pai: passando pelo vale do sofrimento e da morte, ser\u00e1 resgatado pelo Pai que lhe devolver\u00e1 a gl\u00f3ria que \u201ctinha antes da cria\u00e7\u00e3o do mundo\u201d (Jo 17,5). Pedro, em rompante entusiasmo, promete a Jesus fidelidade a toda prova, afirmando que dar\u00e1 a vida por ele. Jesus, por\u00e9m, revela que Pedro o negar\u00e1 tr\u00eas vezes, antes do cantar do galo. O impacto causado pela trai\u00e7\u00e3o de Judas e de Pedro \u00e9 atenuado com a presen\u00e7a do disc\u00edpulo amado, que estar\u00e1 junto \u00e0 cruz de Jesus, sustentado pela for\u00e7a do amor.<\/em><\/p>\n","protected":false},"excerpt":{"rendered":"<p>N\u00e3o me deixeis, Senhor, \u00e0 merc\u00ea de meus advers\u00e1rios, pois contra mim se levantaram testemunhas falsas, mas volta-se contra eles a sua iniquidade (Sl 26,12). Desde o ventre materno, somos amados por Deus&#8230;<\/p>\n","protected":false},"author":2,"featured_media":20044,"comment_status":"open","ping_status":"open","sticky":false,"template":"","format":"standard","meta":[],"categories":[7],"tags":[],"_links":{"self":[{"href":"https:\/\/www.salvatorianas.org.br\/blog\/wp-json\/wp\/v2\/posts\/20035"}],"collection":[{"href":"https:\/\/www.salvatorianas.org.br\/blog\/wp-json\/wp\/v2\/posts"}],"about":[{"href":"https:\/\/www.salvatorianas.org.br\/blog\/wp-json\/wp\/v2\/types\/post"}],"author":[{"embeddable":true,"href":"https:\/\/www.salvatorianas.org.br\/blog\/wp-json\/wp\/v2\/users\/2"}],"replies":[{"embeddable":true,"href":"https:\/\/www.salvatorianas.org.br\/blog\/wp-json\/wp\/v2\/comments?post=20035"}],"version-history":[{"count":1,"href":"https:\/\/www.salvatorianas.org.br\/blog\/wp-json\/wp\/v2\/posts\/20035\/revisions"}],"predecessor-version":[{"id":20043,"href":"https:\/\/www.salvatorianas.org.br\/blog\/wp-json\/wp\/v2\/posts\/20035\/revisions\/20043"}],"wp:featuredmedia":[{"embeddable":true,"href":"https:\/\/www.salvatorianas.org.br\/blog\/wp-json\/wp\/v2\/media\/20044"}],"wp:attachment":[{"href":"https:\/\/www.salvatorianas.org.br\/blog\/wp-json\/wp\/v2\/media?parent=20035"}],"wp:term":[{"taxonomy":"category","embeddable":true,"href":"https:\/\/www.salvatorianas.org.br\/blog\/wp-json\/wp\/v2\/categories?post=20035"},{"taxonomy":"post_tag","embeddable":true,"href":"https:\/\/www.salvatorianas.org.br\/blog\/wp-json\/wp\/v2\/tags?post=20035"}],"curies":[{"name":"wp","href":"https:\/\/api.w.org\/{rel}","templated":true}]}}