{"id":20032,"date":"2023-04-03T01:00:00","date_gmt":"2023-04-03T01:00:00","guid":{"rendered":"https:\/\/www.salvatorianas.org.br\/blog\/?p=20032"},"modified":"2023-03-30T23:14:27","modified_gmt":"2023-03-30T23:14:27","slug":"segunda-feira-da-semana-santa","status":"publish","type":"post","link":"https:\/\/www.salvatorianas.org.br\/blog\/segunda-feira-da-semana-santa\/","title":{"rendered":"Segunda-feira da Semana Santa"},"content":{"rendered":"\n<p>Acusai, Senhor, meus acusadores; combatei aqueles que me combatem! Tomai escudo e armadura, levantai-vos, vinde em meu socorro! Senhor, meu Deus, for\u00e7a que me salva! (Sl 34,1s; Sl 139,8)<\/p>\n\n\n\n<p>Jesus, o Servo de Deus, \u00e9 ungido para a miss\u00e3o. Pelo batismo, fomos tamb\u00e9m ungidos para participar da miss\u00e3o prof\u00e9tica, sacerdotal e r\u00e9gia de Cristo. O gesto prof\u00e9tico da irm\u00e3 de L\u00e1zaro propague entre n\u00f3s o perfume do amor e da fidelidade a Jesus.Primeira Leitura:&nbsp;<strong>Isa\u00edas 42,1-7<\/strong><\/p>\n\n\n\n<p>Leitura do livro do profeta Isa\u00edas \u2013&nbsp;<sup>1<\/sup>\u201cEis o meu servo \u2013 eu o recebo; eis o meu eleito \u2013 nele se compraz minha alma; pus meu esp\u00edrito sobre ele, ele promover\u00e1 o julgamento das na\u00e7\u00f5es.&nbsp;<sup>2<\/sup>Ele n\u00e3o clama nem levanta a voz, nem se faz ouvir pelas ruas.&nbsp;<sup>3<\/sup>N\u00e3o quebra uma cana rachada nem apaga um pavio que ainda fumega, mas promover\u00e1 o julgamento para obter a verdade.&nbsp;<sup>4<\/sup>N\u00e3o esmorecer\u00e1 nem se deixar\u00e1 abater, enquanto n\u00e3o estabelecer a justi\u00e7a na terra; os pa\u00edses distantes esperam seus ensinamentos\u201d.&nbsp;<sup>5<\/sup>Isto diz o Senhor Deus, que criou o c\u00e9u e o estendeu, firmou a terra e tudo que dela germina, que d\u00e1 a respira\u00e7\u00e3o aos seus habitantes e o sopro da vida ao que nela se move:&nbsp;<sup>6<\/sup>\u201cEu, o Senhor, te chamei para a justi\u00e7a e te tomei pela m\u00e3o; eu te formei e te constitu\u00ed como o centro de alian\u00e7a do povo, luz das na\u00e7\u00f5es,&nbsp;<sup>7<\/sup>para abrires os olhos dos cegos, tirar os cativos da pris\u00e3o, livrar do c\u00e1rcere os que vivem nas trevas\u201d. \u2013 Palavra do Senhor.Salmo Responsorial:&nbsp;<strong>26(27)<\/strong><\/p>\n\n\n\n<p><em><strong>O Senhor \u00e9 minha luz e salva\u00e7\u00e3o.<\/strong><\/em><\/p>\n\n\n\n<p>1. O Senhor \u00e9 minha luz e salva\u00e7\u00e3o;&nbsp;\/&nbsp;de quem eu terei medo?&nbsp;\/&nbsp;O Senhor \u00e9 a prote\u00e7\u00e3o da minha vida;&nbsp;\/&nbsp;perante quem eu tremerei?&nbsp;\u2013 R.<\/p>\n\n\n\n<p>2. Quando avan\u00e7am os malvados contra mim,&nbsp;\/&nbsp;querendo devorar-me,&nbsp;\/&nbsp;s\u00e3o eles, inimigos e opressores,&nbsp;\/&nbsp;que trope\u00e7am e sucumbem.&nbsp;\u2013 R.<\/p>\n\n\n\n<p>3. Se contra mim um ex\u00e9rcito se armar,&nbsp;\/&nbsp;n\u00e3o temer\u00e1 meu cora\u00e7\u00e3o;&nbsp;\/&nbsp;se contra mim uma batalha estourar,&nbsp;\/&nbsp;mesmo assim confiarei.&nbsp;\u2013 R.<\/p>\n\n\n\n<p>4. Sei que a bondade do Senhor eu hei de ver&nbsp;\/&nbsp;na terra dos viventes.&nbsp;\/&nbsp;Espera no Senhor e tem coragem,&nbsp;\/&nbsp;espera no Senhor!&nbsp;\u2013 R.Evangelho:&nbsp;<strong>Jo\u00e3o 12,1-11<\/strong><\/p>\n\n\n\n<p><strong><em>Honra, gl\u00f3ria, poder e louvor&nbsp;\/&nbsp;a Jesus, nosso Deus e Senhor!<\/em><\/strong><\/p>\n\n\n\n<p><strong>Salve, nosso rei, somente v\u00f3s&nbsp;\/&nbsp;tendes compaix\u00e3o dos nossos erros.&nbsp;\u2013 R.<\/strong><\/p>\n\n\n\n<p>Proclama\u00e7\u00e3o do Evangelho de Jesus Cristo segundo Jo\u00e3o \u2013&nbsp;<sup>1<\/sup>Seis dias antes da P\u00e1scoa, Jesus foi a Bet\u00e2nia, onde morava L\u00e1zaro, que ele havia ressuscitado dos mortos.&nbsp;<sup>2<\/sup>Ali ofereceram a Jesus um jantar; Marta servia e L\u00e1zaro era um dos que estavam \u00e0 mesa com ele.&nbsp;<sup>3<\/sup>Maria, tomando quase meio litro de perfume de nardo puro e muito caro, ungiu os p\u00e9s de Jesus e enxugou-os com seus cabelos. A casa inteira ficou cheia do perfume do b\u00e1lsamo.&nbsp;<sup>4<\/sup>Ent\u00e3o falou Judas Iscariotes, um dos seus disc\u00edpulos, aquele que o havia de entregar:&nbsp;<sup>5<\/sup>\u201cPor que n\u00e3o se vendeu este perfume por trezentas moedas de prata, para as dar aos pobres?\u201d&nbsp;<sup>6<\/sup>Judas falou assim n\u00e3o porque se preocupasse com os pobres, mas porque era ladr\u00e3o; ele tomava conta da bolsa comum e roubava o que se depositava nela.&nbsp;<sup>7<\/sup>Jesus, por\u00e9m, disse: \u201cDeixa-a; ela fez isto em vista do dia de minha sepultura.&nbsp;<sup>8<\/sup>Pobres, sempre os tereis convosco, enquanto a mim, nem sempre me tereis\u201d.&nbsp;<sup>9<\/sup>Muitos judeus, tendo sabido que Jesus estava em Bet\u00e2nia, foram para l\u00e1, n\u00e3o s\u00f3 por causa de Jesus, mas tamb\u00e9m para verem L\u00e1zaro, que Jesus havia ressuscitado dos mortos.&nbsp;<sup>10<\/sup>Ent\u00e3o os sumos sacerdotes decidiram matar tamb\u00e9m L\u00e1zaro,&nbsp;<sup>11<\/sup>porque, por causa dele, muitos deixavam os judeus e acreditavam em Jesus. \u2013 Palavra da salva\u00e7\u00e3o.Reflex\u00e3o:<\/p>\n\n\n\n<p><em>Tr\u00eas atitudes significativas se destacam neste epis\u00f3dio. A primeira \u00e9 a generosidade que brota do cora\u00e7\u00e3o sens\u00edvel e amoroso de Maria. Ao perfumar os p\u00e9s de Jesus, ela o exalta e lhe presta homenagem e, talvez sem ter inten\u00e7\u00e3o, o prepara carinhosamente para o sepultamento, que ocorrer\u00e1 em breve. A segunda atitude \u00e9 a mesquinhez de Judas Iscariotes. Desdenha o gesto de Maria e se revela mentiroso, insinuando que seria melhor socorrer os pobres com aquela soma. Na verdade, Judas queria roub\u00e1-la. A terceira atitude \u00e9 a intoler\u00e2ncia dos chefes dos sacerdotes para com Jesus. Est\u00e3o de tal modo apegados \u00e0 ideia de morte, que querem matar n\u00e3o s\u00f3 Jesus, mas tamb\u00e9m L\u00e1zaro, a quem Jesus havia ressuscitado dos mortos. Saldo: muitos judeus, por medo, se afastam de Jesus, enquanto muitos outros, mais corajosos, acreditam nele.<\/em><\/p>\n","protected":false},"excerpt":{"rendered":"<p>Acusai, Senhor, meus acusadores; combatei aqueles que me combatem! Tomai escudo e armadura, levantai-vos, vinde em meu socorro! Senhor, meu Deus, for\u00e7a que me salva! (Sl 34,1s; Sl 139,8) Jesus, o Servo de&#8230;<\/p>\n","protected":false},"author":2,"featured_media":20022,"comment_status":"open","ping_status":"open","sticky":false,"template":"","format":"standard","meta":[],"categories":[7],"tags":[],"_links":{"self":[{"href":"https:\/\/www.salvatorianas.org.br\/blog\/wp-json\/wp\/v2\/posts\/20032"}],"collection":[{"href":"https:\/\/www.salvatorianas.org.br\/blog\/wp-json\/wp\/v2\/posts"}],"about":[{"href":"https:\/\/www.salvatorianas.org.br\/blog\/wp-json\/wp\/v2\/types\/post"}],"author":[{"embeddable":true,"href":"https:\/\/www.salvatorianas.org.br\/blog\/wp-json\/wp\/v2\/users\/2"}],"replies":[{"embeddable":true,"href":"https:\/\/www.salvatorianas.org.br\/blog\/wp-json\/wp\/v2\/comments?post=20032"}],"version-history":[{"count":1,"href":"https:\/\/www.salvatorianas.org.br\/blog\/wp-json\/wp\/v2\/posts\/20032\/revisions"}],"predecessor-version":[{"id":20033,"href":"https:\/\/www.salvatorianas.org.br\/blog\/wp-json\/wp\/v2\/posts\/20032\/revisions\/20033"}],"wp:featuredmedia":[{"embeddable":true,"href":"https:\/\/www.salvatorianas.org.br\/blog\/wp-json\/wp\/v2\/media\/20022"}],"wp:attachment":[{"href":"https:\/\/www.salvatorianas.org.br\/blog\/wp-json\/wp\/v2\/media?parent=20032"}],"wp:term":[{"taxonomy":"category","embeddable":true,"href":"https:\/\/www.salvatorianas.org.br\/blog\/wp-json\/wp\/v2\/categories?post=20032"},{"taxonomy":"post_tag","embeddable":true,"href":"https:\/\/www.salvatorianas.org.br\/blog\/wp-json\/wp\/v2\/tags?post=20032"}],"curies":[{"name":"wp","href":"https:\/\/api.w.org\/{rel}","templated":true}]}}