{"id":20030,"date":"2023-04-02T01:00:00","date_gmt":"2023-04-02T01:00:00","guid":{"rendered":"https:\/\/www.salvatorianas.org.br\/blog\/?p=20030"},"modified":"2023-03-30T23:14:53","modified_gmt":"2023-03-30T23:14:53","slug":"domingo-de-ramos-e-da-paixao-do-senhor","status":"publish","type":"post","link":"https:\/\/www.salvatorianas.org.br\/blog\/domingo-de-ramos-e-da-paixao-do-senhor\/","title":{"rendered":"Domingo de Ramos e da Paix\u00e3o do Senhor"},"content":{"rendered":"\n<p>Seis dias antes da solene P\u00e1scoa, quando o Senhor veio a Jerusal\u00e9m, correram at\u00e9 ele os pequeninos. Trazendo em suas m\u00e3os ramos e palmas, em alta voz cantavam em sua honra: Bendito \u00e9s tu, que vens com tanto amor! Hosana nas alturas!<\/p>\n\n\n\n<p><em>Com os ramos nas m\u00e3os, seguimos os passos de Jesus em sua entrada em Je\u00adrusal\u00e9m e em seu percurso rumo \u00e0 cruz. A solene liturgia nos introduz na Semana Santa, centro do grande aconteci\u00admen\u00adto de nossa f\u00e9: o mist\u00e9rio da pai\u00adx\u00e3o, morte e ressurrei\u00e7\u00e3o de Jesus. Acolhamos e bendigamos aquele que vem a n\u00f3s como humilde servidor.<\/em><\/p>\n\n\n\n<p><strong>Acolhida e exorta\u00e7\u00e3o<\/strong><\/p>\n\n\n\n<p>O presidente sa\u00fada e acolhe a assembleia e, a seguir, exorta-a com estas palavras:<\/p>\n\n\n\n<p>Meus irm\u00e3os e minhas irm\u00e3s, durante as cinco semanas da Quaresma, preparamos os nossos cora\u00e7\u00f5es pela ora\u00e7\u00e3o, pela penit\u00eancia e pela caridade. Hoje aqui nos reunimos e vamos iniciar, com toda a Igreja, a celebra\u00e7\u00e3o da P\u00e1scoa de nosso Senhor. Para realizar o mist\u00e9rio de sua morte e ressurrei\u00e7\u00e3o, Cristo entrou em Jerusal\u00e9m, sua cidade. Celebrando com f\u00e9 e piedade a mem\u00f3ria desta entrada, sigamos os passos de nosso Salvador para que, associados pela gra\u00e7a \u00e0 sua cruz, participemos tamb\u00e9m de sua ressurrei\u00e7\u00e3o e de sua vida.Primeira Leitura:&nbsp;<strong>Isa\u00edas 50,4-7<\/strong><\/p>\n\n\n\n<p>Leitura do livro do profeta Isa\u00edas \u2013&nbsp;<sup>4<\/sup>O Senhor Deus deu-me l\u00edngua adestrada, para que eu saiba dizer palavras de conforto \u00e0 pessoa abatida; ele me desperta cada manh\u00e3 e me excita o ouvido, para prestar aten\u00e7\u00e3o como um disc\u00edpulo.&nbsp;<sup>5<\/sup>O Senhor abriu-me os ouvidos; n\u00e3o lhe resisti nem voltei atr\u00e1s.&nbsp;<sup>6<\/sup>Ofereci as costas para me baterem e as faces para me arrancarem a barba; n\u00e3o desviei o rosto de bofet\u00f5es e cusparadas.&nbsp;<sup>7<\/sup>Mas o Senhor Deus \u00e9 meu auxiliador, por isso n\u00e3o me deixei abater o \u00e2nimo, conservei o rosto impass\u00edvel como pedra, porque sei que n\u00e3o sairei humilhado. \u2013 Palavra do Senhor.Salmo Responsorial:&nbsp;<strong>21(22)<\/strong><\/p>\n\n\n\n<p><em><strong>Meu Deus, meu Deus, por que me abandonastes?<\/strong><\/em><\/p>\n\n\n\n<p>1. Riem de mim todos aqueles que me veem,&nbsp;\/&nbsp;torcem os l\u00e1bios e sacodem a cabe\u00e7a:&nbsp;\/&nbsp;\u201cAo Senhor se confiou, ele o liberte \/ e agora o salve, se \u00e9 verdade que ele o ama!\u201d&nbsp;\u2013 R.<\/p>\n\n\n\n<p>2. C\u00e3es numerosos me rodeiam furiosos,&nbsp;\/&nbsp;e por um bando de malvados fui cercado.&nbsp;\/&nbsp;Transpassaram minhas m\u00e3os e os meus p\u00e9s,&nbsp;\/&nbsp;e eu posso contar todos os meus ossos.&nbsp;\u2013 R.<\/p>\n\n\n\n<p>3. Eles repartem entre si as minhas vestes&nbsp;\/&nbsp;e sorteiam entre si a minha t\u00fanica.&nbsp;\/&nbsp;V\u00f3s, por\u00e9m, \u00f3 meu Senhor, n\u00e3o fiqueis longe,&nbsp;\/&nbsp;\u00f3 minha for\u00e7a, vinde logo em meu socorro!&nbsp;\u2013 R.<\/p>\n\n\n\n<p>4. Anunciarei o vosso nome a meus irm\u00e3os&nbsp;\/&nbsp;e no meio da assembleia hei de louvar-vos!&nbsp;\/&nbsp;V\u00f3s que temeis ao Senhor Deus, dai-lhe louvores,&nbsp;\u2020&nbsp;glorificai-o, descendentes de Jac\u00f3,&nbsp;\/&nbsp;e respeitai-o, toda a ra\u00e7a de Israel!&nbsp;\u2013 R.Segunda Leitura:&nbsp;<strong>Filipenses 2,6-11<\/strong><\/p>\n\n\n\n<p>Leitura da carta de S\u00e3o Paulo aos Filipenses \u2013&nbsp;<sup>6<\/sup>Jesus Cristo, existindo em condi\u00e7\u00e3o divina, n\u00e3o fez do ser igual a Deus uma usurpa\u00e7\u00e3o,&nbsp;<sup>7<\/sup>mas ele esvaziou-se a si mesmo, assumindo a condi\u00e7\u00e3o de escravo e tornando-se igual aos homens. Encontrado com aspecto humano,&nbsp;<sup>8<\/sup>humilhou-se a si mesmo, fazendo-se obediente at\u00e9 a morte, e morte de cruz.&nbsp;<sup>9<\/sup>Por isso, Deus o exaltou acima de tudo e lhe deu o nome que est\u00e1 acima de todo nome.&nbsp;<sup>10<\/sup>Assim, ao nome de Jesus, todo joelho se dobre no c\u00e9u, na terra e abaixo da terra&nbsp;<sup>11<\/sup>e toda l\u00edngua proclame: \u201cJesus Cristo \u00e9 o Senhor\u201d, para a gl\u00f3ria de Deus Pai. \u2013 Palavra do Senhor.Evangelho:&nbsp;<strong>Mateus 21,1-11<\/strong><\/p>\n\n\n\n<p>Naquele tempo,&nbsp;<sup>1<\/sup>Jesus e seus disc\u00edpulos aproximaram-se de Jerusal\u00e9m e chegaram a Betfag\u00e9, no monte das Oliveiras. Ent\u00e3o Jesus enviou dois disc\u00edpulos,&nbsp;<sup>2<\/sup>dizendo-lhes: \u201cIde at\u00e9 o povoado que est\u00e1 ali na frente e logo encontrareis uma jumenta amarrada e, com ela, um jumentinho. Desamarrai-a e trazei-os a mim!&nbsp;<sup>3<\/sup>Se algu\u00e9m vos disser alguma coisa, direis: \u2018O Senhor precisa deles, mas logo os devolver\u00e1&#8217;\u201d.&nbsp;<sup>4<\/sup>Isso aconteceu para se cumprir o que foi dito pelo profeta:&nbsp;<sup>5<\/sup>\u201cDizei \u00e0 filha de Si\u00e3o: Eis que o teu rei vem a ti, manso e montado num jumento, num jumentinho, num potro de jumenta\u201d.&nbsp;<sup>6<\/sup>Ent\u00e3o os disc\u00edpulos foram e fizeram como Jesus lhes havia mandado.&nbsp;<sup>7<\/sup>Trouxeram a jumenta e o jumentinho e puseram sobre eles suas vestes, e Jesus montou.&nbsp;<sup>8<\/sup>A numerosa multid\u00e3o estendeu suas vestes pelo caminho, enquanto outros cortavam ramos das \u00e1rvores e os espalhavam pelo caminho.&nbsp;<sup>9<\/sup>As multid\u00f5es que iam na frente de Jesus e os que o seguiam, gritavam: \u201cHosana ao Filho de Davi! Bendito o que vem em nome do Senhor! Hosana no mais alto dos c\u00e9us!\u201d&nbsp;<sup>10<\/sup>Quando Jesus entrou em Jerusal\u00e9m, a cidade inteira se agitou, e diziam: \u201cQuem \u00e9 este homem?\u201d&nbsp;<sup>11<\/sup>E as multid\u00f5es respondiam: \u201cEste \u00e9 o profeta Jesus, de Nazar\u00e9 da Galileia\u201d. \u2013 Palavra da salva\u00e7\u00e3o.<\/p>\n\n\n\n<p><strong>Mateus 27,11-54 \u2013 mais breve<\/strong>Reflex\u00e3o:<\/p>\n\n\n\n<p><em>Jesus entra em Jerusal\u00e9m para seu confronto final com os poderes religiosos e pol\u00edticos que a\u00ed se armam contra ele. Pela fidelidade aos planos do Pai, Jesus \u00e9 v\u00edtima da sociedade que o rejeita. Ele vem como l\u00edder popular, sem os aparatos e a ostenta\u00e7\u00e3o do guerreiro que chega para arrasar. Ao contr\u00e1rio, apresenta-se como homem simples, humilde e pac\u00edfico. Ele salvar\u00e1 o povo, n\u00e3o por meio da viol\u00eancia e do sacrif\u00edcio de vidas humanas, mas com a doa\u00e7\u00e3o de sua pr\u00f3pria vida. Ele \u00e9 reconhecido e aclamado pela multid\u00e3o como o rei-messias, que traz a justi\u00e7a e a paz verdadeiras. Os dois aspectos da celebra\u00e7\u00e3o de hoje, a saber, a entrada de Jesus em Jerusal\u00e9m e a missa da paix\u00e3o do Senhor, t\u00eam um car\u00e1ter de figurada antecipa\u00e7\u00e3o da P\u00e1scoa: as multid\u00f5es aclamam o Cristo que vai vencer com sua paix\u00e3o.<\/em><\/p>\n","protected":false},"excerpt":{"rendered":"<p>Seis dias antes da solene P\u00e1scoa, quando o Senhor veio a Jerusal\u00e9m, correram at\u00e9 ele os pequeninos. Trazendo em suas m\u00e3os ramos e palmas, em alta voz cantavam em sua honra: Bendito \u00e9s&#8230;<\/p>\n","protected":false},"author":2,"featured_media":20021,"comment_status":"open","ping_status":"open","sticky":false,"template":"","format":"standard","meta":[],"categories":[7],"tags":[],"_links":{"self":[{"href":"https:\/\/www.salvatorianas.org.br\/blog\/wp-json\/wp\/v2\/posts\/20030"}],"collection":[{"href":"https:\/\/www.salvatorianas.org.br\/blog\/wp-json\/wp\/v2\/posts"}],"about":[{"href":"https:\/\/www.salvatorianas.org.br\/blog\/wp-json\/wp\/v2\/types\/post"}],"author":[{"embeddable":true,"href":"https:\/\/www.salvatorianas.org.br\/blog\/wp-json\/wp\/v2\/users\/2"}],"replies":[{"embeddable":true,"href":"https:\/\/www.salvatorianas.org.br\/blog\/wp-json\/wp\/v2\/comments?post=20030"}],"version-history":[{"count":1,"href":"https:\/\/www.salvatorianas.org.br\/blog\/wp-json\/wp\/v2\/posts\/20030\/revisions"}],"predecessor-version":[{"id":20031,"href":"https:\/\/www.salvatorianas.org.br\/blog\/wp-json\/wp\/v2\/posts\/20030\/revisions\/20031"}],"wp:featuredmedia":[{"embeddable":true,"href":"https:\/\/www.salvatorianas.org.br\/blog\/wp-json\/wp\/v2\/media\/20021"}],"wp:attachment":[{"href":"https:\/\/www.salvatorianas.org.br\/blog\/wp-json\/wp\/v2\/media?parent=20030"}],"wp:term":[{"taxonomy":"category","embeddable":true,"href":"https:\/\/www.salvatorianas.org.br\/blog\/wp-json\/wp\/v2\/categories?post=20030"},{"taxonomy":"post_tag","embeddable":true,"href":"https:\/\/www.salvatorianas.org.br\/blog\/wp-json\/wp\/v2\/tags?post=20030"}],"curies":[{"name":"wp","href":"https:\/\/api.w.org\/{rel}","templated":true}]}}