{"id":20028,"date":"2023-04-01T01:00:00","date_gmt":"2023-04-01T01:00:00","guid":{"rendered":"https:\/\/www.salvatorianas.org.br\/blog\/?p=20028"},"modified":"2023-03-30T23:15:20","modified_gmt":"2023-03-30T23:15:20","slug":"5a-semana-da-quaresma-sabado","status":"publish","type":"post","link":"https:\/\/www.salvatorianas.org.br\/blog\/5a-semana-da-quaresma-sabado\/","title":{"rendered":"5\u00aa Semana da Quaresma | S\u00e1bado"},"content":{"rendered":"\n<p>\u00d3 Senhor, n\u00e3o fiqueis longe de mim! \u00d3 minha for\u00e7a, correi em meu socorro! Sou um verme, e n\u00e3o um homem, opr\u00f3brio dos homens e rebotalho da plebe (Sl 21,20.7).<\/p>\n\n\n\n<p><em>Em sua imensa sabedoria, Deus n\u00e3o deixa seus filhos e filhas mergulhar nas afli\u00e7\u00f5es nem desanimar no meio das dificuldades; ao contr\u00e1rio, lhes garante seu socorro: \u201cEu serei o seu Deus e ele ser\u00e1 o meu povo\u201d. Fortale\u00e7amos nossa confian\u00e7a na miseric\u00f3rdia divina e nossa f\u00e9 em Jesus, que morreu por amor a n\u00f3s.<\/em>Primeira Leitura:&nbsp;<strong>Ezequiel 37,21-28<\/strong><\/p>\n\n\n\n<p>Leitura da profecia de Ezequiel \u2013&nbsp;<sup>21<\/sup>Assim diz o Senhor Deus: \u201cEu mesmo vou tomar os israelitas do meio das na\u00e7\u00f5es para onde foram, vou recolh\u00ea-los de toda parte e reconduzi-los para a sua terra.&nbsp;<sup>22<\/sup>Farei deles uma na\u00e7\u00e3o \u00fanica no pa\u00eds, nos montes de Israel, e apenas um rei reinar\u00e1 sobre todos eles. Nunca mais formar\u00e3o duas na\u00e7\u00f5es nem tornar\u00e3o a dividir-se em dois reinos.&nbsp;<sup>23<\/sup>N\u00e3o se manchar\u00e3o mais com os seus \u00eddolos e nunca mais cometer\u00e3o infames abomina\u00e7\u00f5es. Eu os libertarei de todo pecado que cometeram em sua infidelidade e os purificarei. Eles ser\u00e3o o meu povo e eu serei o seu Deus.&nbsp;<sup>24<\/sup>Meu servo Davi reinar\u00e1 sobre eles, e haver\u00e1 para todos eles um \u00fanico pastor. Viver\u00e3o segundo meus preceitos e guardar\u00e3o minhas leis, pondo-as em pr\u00e1tica.&nbsp;<sup>25<\/sup>Habitar\u00e3o no pa\u00eds que dei ao meu servo Jac\u00f3, onde moraram vossos pais; ali habitar\u00e3o para sempre, tamb\u00e9m eles, com seus filhos e netos, e o meu servo Davi ser\u00e1 o seu pr\u00edncipe para sempre.&nbsp;<sup>26<\/sup>Farei com eles uma alian\u00e7a de paz, ser\u00e1 uma alian\u00e7a eterna. Eu os estabelecerei e multiplicarei, e no meio deles colocarei meu santu\u00e1rio para sempre.&nbsp;<sup>27<\/sup>Minha morada estar\u00e1 junto deles. Eu serei o seu Deus e eles ser\u00e3o o meu povo.&nbsp;<sup>28<\/sup>Assim as na\u00e7\u00f5es saber\u00e3o que eu, o Senhor, santifico Israel, por estar o meu santu\u00e1rio no meio deles para sempre\u201d. \u2013 Palavra do Senhor.Salmo Responsorial:&nbsp;<strong>Jr 31<\/strong><\/p>\n\n\n\n<p><em><strong>O Senhor nos guardar\u00e1 qual pastor a seu rebanho.<\/strong><\/em><\/p>\n\n\n\n<p>1. Ouvi, na\u00e7\u00f5es, a palavra do Senhor&nbsp;\/&nbsp;e anunciai-a nas ilhas mais distantes:&nbsp;\/&nbsp;\u201cQuem dispersou Israel vai congreg\u00e1-lo&nbsp;\/&nbsp;e o guardar\u00e1 qual pastor a seu rebanho!\u201d&nbsp;\u2013 R.<\/p>\n\n\n\n<p>2. Pois, na verdade, o Senhor remiu Jac\u00f3&nbsp;\/&nbsp;e o libertou do poder do prepotente.&nbsp;\/&nbsp;Voltar\u00e3o para o monte de Si\u00e3o,&nbsp;\u2020&nbsp;entre brados e cantos de alegria&nbsp;\/&nbsp;afluir\u00e3o para as b\u00ean\u00e7\u00e3os do Senhor.&nbsp;\u2013 R.<\/p>\n\n\n\n<p>3. Ent\u00e3o a virgem dan\u00e7ar\u00e1 alegremente,&nbsp;\/&nbsp;tamb\u00e9m o jovem e o velho exultar\u00e3o;&nbsp;\/&nbsp;mudarei em alegria o seu luto,&nbsp;\/&nbsp;serei consolo e conforto ap\u00f3s a guerra.&nbsp;\u2013 R.Evangelho:&nbsp;<strong>Jo\u00e3o 11,45-56<\/strong><\/p>\n\n\n\n<p><strong><em>Salve<\/em><em>, \u00f3 Cristo, imagem do Pai,&nbsp;\/&nbsp;a plena verdade nos comunicai!<\/em><\/strong><\/p>\n\n\n\n<p><strong>Lan\u00e7ai para bem longe toda a vossa iniquidade!&nbsp;\/&nbsp;Criai em v\u00f3s um novo esp\u00edrito e um novo cora\u00e7\u00e3o! (Ez 18,31)&nbsp;\u2013 R.<\/strong><\/p>\n\n\n\n<p>Proclama\u00e7\u00e3o do Evangelho de Jesus Cristo segundo Jo\u00e3o \u2013 Naquele tempo,&nbsp;<sup>45<\/sup>muitos dos judeus que tinham ido \u00e0 casa de Maria e viram o que Jesus fizera, creram nele.&nbsp;<sup>46<\/sup>Alguns, por\u00e9m, foram ter com os fariseus e contaram o que Jesus tinha feito.&nbsp;<sup>47<\/sup>Ent\u00e3o os sumos sacerdotes e os fariseus reuniram o conselho e disseram: \u201cO que faremos? Esse homem realiza muitos sinais.&nbsp;<sup>48<\/sup>Se deixamos que ele continue assim, todos v\u00e3o acreditar nele, e vir\u00e3o os romanos e destruir\u00e3o o nosso lugar santo e a nossa na\u00e7\u00e3o\u201d.&nbsp;<sup>49<\/sup>Um deles, chamado Caif\u00e1s, sumo sacerdote em fun\u00e7\u00e3o naquele ano, disse: \u201cV\u00f3s n\u00e3o entendeis nada.&nbsp;<sup>50<\/sup>N\u00e3o percebeis que \u00e9 melhor um s\u00f3 morrer pelo povo do que perecer a na\u00e7\u00e3o inteira?\u201d&nbsp;<sup>51<\/sup>Caif\u00e1s n\u00e3o falou isso por si mesmo. Sendo sumo sacerdote em fun\u00e7\u00e3o naquele ano, profetizou que Jesus iria morrer pela na\u00e7\u00e3o.&nbsp;<sup>52<\/sup>E n\u00e3o s\u00f3 pela na\u00e7\u00e3o, mas tamb\u00e9m para reunir os filhos de Deus dispersos.&nbsp;<sup>53<\/sup>A partir desse dia, as autoridades judaicas tomaram a decis\u00e3o de matar Jesus.&nbsp;<sup>54<\/sup>Por isso, Jesus n\u00e3o andava mais em p\u00fablico no meio dos judeus. Retirou-se para uma regi\u00e3o perto do deserto, para a cidade chamada Efraim. Ali permaneceu com os seus disc\u00edpulos.&nbsp;<sup>55<\/sup>A P\u00e1scoa dos judeus estava pr\u00f3xima. Muita gente do campo tinha subido a Jerusal\u00e9m para se purificar antes da P\u00e1scoa.&nbsp;<sup>56<\/sup>Procuravam Jesus e, ao reunirem-se no templo, comentavam entre si: \u201cO que vos parece? Ser\u00e1 que ele n\u00e3o vem para a festa?\u201d \u2013 Palavra da salva\u00e7\u00e3o.Reflex\u00e3o:<\/p>\n\n\n\n<p><em>Diante da ressurrei\u00e7\u00e3o de L\u00e1zaro, muitos acreditaram em Jesus. Entretanto, com m\u00e1s inten\u00e7\u00f5es, alguns deles foram logo dar a not\u00edcia \u00e0s autoridades religiosas. Como acontecia para assuntos importantes, os dirigentes reuniram o Conselho para deliberar o que fariam com Jesus, que se tornara para eles forte amea\u00e7a de perderem a posi\u00e7\u00e3o privilegiada diante dos dominadores romanos. Era urgente dar um sumi\u00e7o no grande l\u00edder Jesus. Um membro do Conselho, o sumo sacerdote Caif\u00e1s, concordou que um s\u00f3 deveria morrer por toda a na\u00e7\u00e3o. Desse modo, profetizou que Jesus morreria por todos e para reunir de todas as partes do mundo os filhos de Deus. Sem saber, ele indicava o alcance universal do sacrif\u00edcio de Jesus, que vai morrer para restaurar a comunh\u00e3o de todas as pessoas com ele e entre si.<\/em><\/p>\n","protected":false},"excerpt":{"rendered":"<p>\u00d3 Senhor, n\u00e3o fiqueis longe de mim! \u00d3 minha for\u00e7a, correi em meu socorro! Sou um verme, e n\u00e3o um homem, opr\u00f3brio dos homens e rebotalho da plebe (Sl 21,20.7). Em sua imensa&#8230;<\/p>\n","protected":false},"author":2,"featured_media":20020,"comment_status":"open","ping_status":"open","sticky":false,"template":"","format":"standard","meta":[],"categories":[7],"tags":[],"_links":{"self":[{"href":"https:\/\/www.salvatorianas.org.br\/blog\/wp-json\/wp\/v2\/posts\/20028"}],"collection":[{"href":"https:\/\/www.salvatorianas.org.br\/blog\/wp-json\/wp\/v2\/posts"}],"about":[{"href":"https:\/\/www.salvatorianas.org.br\/blog\/wp-json\/wp\/v2\/types\/post"}],"author":[{"embeddable":true,"href":"https:\/\/www.salvatorianas.org.br\/blog\/wp-json\/wp\/v2\/users\/2"}],"replies":[{"embeddable":true,"href":"https:\/\/www.salvatorianas.org.br\/blog\/wp-json\/wp\/v2\/comments?post=20028"}],"version-history":[{"count":1,"href":"https:\/\/www.salvatorianas.org.br\/blog\/wp-json\/wp\/v2\/posts\/20028\/revisions"}],"predecessor-version":[{"id":20029,"href":"https:\/\/www.salvatorianas.org.br\/blog\/wp-json\/wp\/v2\/posts\/20028\/revisions\/20029"}],"wp:featuredmedia":[{"embeddable":true,"href":"https:\/\/www.salvatorianas.org.br\/blog\/wp-json\/wp\/v2\/media\/20020"}],"wp:attachment":[{"href":"https:\/\/www.salvatorianas.org.br\/blog\/wp-json\/wp\/v2\/media?parent=20028"}],"wp:term":[{"taxonomy":"category","embeddable":true,"href":"https:\/\/www.salvatorianas.org.br\/blog\/wp-json\/wp\/v2\/categories?post=20028"},{"taxonomy":"post_tag","embeddable":true,"href":"https:\/\/www.salvatorianas.org.br\/blog\/wp-json\/wp\/v2\/tags?post=20028"}],"curies":[{"name":"wp","href":"https:\/\/api.w.org\/{rel}","templated":true}]}}