{"id":20026,"date":"2023-03-31T01:00:00","date_gmt":"2023-03-31T01:00:00","guid":{"rendered":"https:\/\/www.salvatorianas.org.br\/blog\/?p=20026"},"modified":"2023-03-30T23:07:29","modified_gmt":"2023-03-30T23:07:29","slug":"5a-semana-da-quaresma-sexta-feira","status":"publish","type":"post","link":"https:\/\/www.salvatorianas.org.br\/blog\/5a-semana-da-quaresma-sexta-feira\/","title":{"rendered":"5\u00aa Semana da Quaresma | Sexta-feira"},"content":{"rendered":"\n<p>Tende piedade de mim, Senhor, a ang\u00fastia me oprime. Libertai-me das m\u00e3os dos inimigos e livrai-me daqueles que me perseguem. N\u00e3o serei confundido, Senhor, porque vos chamo (Sl 30,10.16.18).<\/p>\n\n\n\n<p><em>Contra os que rejeitam suas obras, o Senhor, \u201cforte guerreiro\u201d, nos defende e protege. Sintamo-nos amparados por ele e, \u00e0 semelhan\u00e7a do salmista, o acolhamos com toda confian\u00e7a: \u201c\u00d3 meu Deus, sois o rochedo que me abriga, minha for\u00e7a e poderosa salva\u00e7\u00e3o\u201d.<\/em>Primeira Leitura:&nbsp;<strong>Jeremias 20,10-13<\/strong><\/p>\n\n\n\n<p>Leitura do livro do profeta Jeremias \u2013&nbsp;<sup>10<\/sup>Eu ouvi as inj\u00farias de tantos homens e os vi espalhando o medo em redor: \u201cDenunciai-o, denunciemo-lo\u201d. Todos os amigos observavam minhas falhas: \u201cTalvez ele cometa um engano, e n\u00f3s poderemos apanh\u00e1-lo e desforrar-nos dele\u201d.&nbsp;<sup>11<\/sup>Mas o Senhor est\u00e1 ao meu lado como forte guerreiro; por isso, os que me perseguem cair\u00e3o vencidos. Por n\u00e3o terem tido \u00eaxito, eles se cobrir\u00e3o de vergonha. Eterna inf\u00e2mia, que nunca se apaga!&nbsp;<sup>12<\/sup>\u00d3 Senhor dos ex\u00e9rcitos, que provas o homem justo e v\u00eas os sentimentos do cora\u00e7\u00e3o, rogo-te me fa\u00e7as ver tua vingan\u00e7a sobre eles, pois eu te declarei a minha causa.&nbsp;<sup>13<\/sup>Cantai ao Senhor, louvai o Senhor, pois ele salvou a vida de um pobre homem das m\u00e3os dos maus. \u2013 Palavra do Senhor.Salmo Responsorial:&nbsp;<strong>17(18)<\/strong><\/p>\n\n\n\n<p><em><strong>Ao Senhor eu invoquei na minha ang\u00fastia,&nbsp;\/&nbsp;e ele escutou a minha voz.<\/strong><\/em><\/p>\n\n\n\n<p>1. Eu vos amo, \u00f3 Senhor! Sois minha for\u00e7a,&nbsp;\/&nbsp;minha rocha, meu ref\u00fagio e salvador!&nbsp;\u2013 R.<\/p>\n\n\n\n<p>2. \u00d3 meu Deus, sois o rochedo que me abriga,&nbsp;\u2020&nbsp;minha for\u00e7a e poderosa salva\u00e7\u00e3o,&nbsp;\/&nbsp;sois meu escudo e prote\u00e7\u00e3o: em v\u00f3s espero!&nbsp;\/&nbsp;Invocarei o meu Senhor: a ele a gl\u00f3ria!&nbsp;\/&nbsp;E dos meus perseguidores serei salvo!&nbsp;\u2013 R.<\/p>\n\n\n\n<p>3. Ondas da morte me envolveram totalmente,&nbsp;\/&nbsp;e as torrentes da maldade me aterraram;&nbsp;\/&nbsp;os la\u00e7os do abismo me amarraram&nbsp;\/&nbsp;e a pr\u00f3pria morte me prendeu em suas redes.&nbsp;\u2013 R.<\/p>\n\n\n\n<p>4. Ao Senhor eu invoquei na minha ang\u00fastia&nbsp;\/&nbsp;e elevei o meu clamor para o meu Deus;&nbsp;\/&nbsp;de seu templo ele escutou a minha voz,&nbsp;\/&nbsp;e chegou a seus ouvidos o meu grito.&nbsp;\u2013 R.Evangelho:&nbsp;<strong>Jo\u00e3o 10,31-42<\/strong><\/p>\n\n\n\n<p><strong><em>Gl\u00f3ria<\/em><em>&nbsp;a Cristo, Palavra eterna do Pai, que \u00e9 amor!<\/em><\/strong><\/p>\n\n\n\n<p><strong>Senhor, tuas palavras s\u00e3o esp\u00edrito, s\u00e3o vida;&nbsp;\/&nbsp;s\u00f3 tu tens palavras de vida eterna! (Jo 6,63.68)&nbsp;\u2013 R.<\/strong><\/p>\n\n\n\n<p>Proclama\u00e7\u00e3o do Evangelho de Jesus Cristo segundo Jo\u00e3o \u2013 Naquele tempo,&nbsp;<sup>31<\/sup>os judeus pegaram pedras para apedrejar Jesus.&nbsp;<sup>32<\/sup>E ele lhes disse: \u201cPor ordem do Pai, mostrei-vos muitas obras boas. Por qual delas me quereis apedrejar?\u201d&nbsp;<sup>33<\/sup>Os judeus responderam: \u201cN\u00e3o queremos te apedrejar por causa das obras boas, mas por causa de blasf\u00eamia, porque, sendo apenas um homem, tu te fazes Deus!\u201d&nbsp;<sup>34<\/sup>Jesus disse: \u201cAcaso n\u00e3o est\u00e1 escrito na vossa Lei: \u2018Eu disse: v\u00f3s sois deuses\u2019?&nbsp;<sup>35<\/sup>Ora, ningu\u00e9m pode anular a Escritura: se a Lei chama deuses as pessoas \u00e0s quais se dirigiu a Palavra de Deus,&nbsp;<sup>36<\/sup>por que ent\u00e3o me acusais de blasf\u00eamia quando eu digo que sou Filho de Deus, eu, a quem o Pai consagrou e enviou ao mundo?&nbsp;<sup>37<\/sup>Se n\u00e3o fa\u00e7o as obras do meu Pai, n\u00e3o acrediteis em mim.&nbsp;<sup>38<\/sup>Mas, se eu as fa\u00e7o, mesmo que n\u00e3o queirais acreditar em mim, acreditai nas minhas obras, para que saibais e reconhe\u00e7ais que o Pai est\u00e1 em mim e eu no Pai\u201d.&nbsp;<sup>39<\/sup>Outra vez procuravam prender Jesus, mas ele escapou das m\u00e3os deles.&nbsp;<sup>40<\/sup>Jesus passou para o outro lado do Jord\u00e3o e foi para o lugar onde, antes, Jo\u00e3o tinha batizado. E permaneceu ali.&nbsp;<sup>41<\/sup>Muitos foram ter com ele e diziam: \u201cJo\u00e3o n\u00e3o realizou nenhum sinal, mas tudo o que ele disse a respeito deste homem \u00e9 verdade\u201d.&nbsp;<sup>42<\/sup>E muitos, ali, acreditaram nele. \u2013 Palavra da salva\u00e7\u00e3o.Reflex\u00e3o:<\/p>\n\n\n\n<p><em>\u00c0 medida que se aproxima a paix\u00e3o e morte de Jesus, seus advers\u00e1rios parecem mais furiosos. Com pedra nas m\u00e3os, anseiam por acabar com ele, como se fosse um malfeitor extremamente perigoso. Jesus, no entanto, de modo sereno e soberano, segue explicando que o Pai o santificou e enviou ao mundo. Ele realiza as obras que o Pai lhe mandou fazer. Que acreditem ao menos nessas obras e compreender\u00e3o a \u00edntima uni\u00e3o entre ele e o Pai. Terreno impenetr\u00e1vel \u00e9 o cora\u00e7\u00e3o dos dirigentes, que mais uma vez tentam prender Jesus. Afastando-se de Jerusal\u00e9m, ele volta ao lugar onde iniciou a miss\u00e3o, exatamente onde Jo\u00e3o costumava batizar. E a\u00ed, ao contr\u00e1rio das autoridades, o povo acolhe Jesus e se disp\u00f5e a fazer parte do seu rebanho.<\/em><\/p>\n","protected":false},"excerpt":{"rendered":"<p>Tende piedade de mim, Senhor, a ang\u00fastia me oprime. Libertai-me das m\u00e3os dos inimigos e livrai-me daqueles que me perseguem. N\u00e3o serei confundido, Senhor, porque vos chamo (Sl 30,10.16.18). Contra os que rejeitam&#8230;<\/p>\n","protected":false},"author":2,"featured_media":20024,"comment_status":"open","ping_status":"open","sticky":false,"template":"","format":"standard","meta":[],"categories":[7],"tags":[],"_links":{"self":[{"href":"https:\/\/www.salvatorianas.org.br\/blog\/wp-json\/wp\/v2\/posts\/20026"}],"collection":[{"href":"https:\/\/www.salvatorianas.org.br\/blog\/wp-json\/wp\/v2\/posts"}],"about":[{"href":"https:\/\/www.salvatorianas.org.br\/blog\/wp-json\/wp\/v2\/types\/post"}],"author":[{"embeddable":true,"href":"https:\/\/www.salvatorianas.org.br\/blog\/wp-json\/wp\/v2\/users\/2"}],"replies":[{"embeddable":true,"href":"https:\/\/www.salvatorianas.org.br\/blog\/wp-json\/wp\/v2\/comments?post=20026"}],"version-history":[{"count":1,"href":"https:\/\/www.salvatorianas.org.br\/blog\/wp-json\/wp\/v2\/posts\/20026\/revisions"}],"predecessor-version":[{"id":20027,"href":"https:\/\/www.salvatorianas.org.br\/blog\/wp-json\/wp\/v2\/posts\/20026\/revisions\/20027"}],"wp:featuredmedia":[{"embeddable":true,"href":"https:\/\/www.salvatorianas.org.br\/blog\/wp-json\/wp\/v2\/media\/20024"}],"wp:attachment":[{"href":"https:\/\/www.salvatorianas.org.br\/blog\/wp-json\/wp\/v2\/media?parent=20026"}],"wp:term":[{"taxonomy":"category","embeddable":true,"href":"https:\/\/www.salvatorianas.org.br\/blog\/wp-json\/wp\/v2\/categories?post=20026"},{"taxonomy":"post_tag","embeddable":true,"href":"https:\/\/www.salvatorianas.org.br\/blog\/wp-json\/wp\/v2\/tags?post=20026"}],"curies":[{"name":"wp","href":"https:\/\/api.w.org\/{rel}","templated":true}]}}