{"id":2002,"date":"2015-07-15T00:00:00","date_gmt":"2015-07-15T00:00:00","guid":{"rendered":"https:\/\/www.salvatorianas.org.br\/blog\/audiencia-publica-promovera-debate-para-evitar-fechamento-de-hospitais-filantropicos-em-sc\/"},"modified":"2015-07-15T00:00:00","modified_gmt":"2015-07-15T00:00:00","slug":"audiencia-publica-promovera-debate-para-evitar-fechamento-de-hospitais-filantropicos-em-sc","status":"publish","type":"post","link":"https:\/\/www.salvatorianas.org.br\/blog\/audiencia-publica-promovera-debate-para-evitar-fechamento-de-hospitais-filantropicos-em-sc\/","title":{"rendered":"Audi\u00eancia p\u00fablica promover\u00e1 debate para evitar fechamento de Hospitais Filantr\u00f3picos em SC"},"content":{"rendered":"<p style=\"text-align: justify;\">[imagem1]<\/p>\n<p style=\"text-align: justify;\">&nbsp;<\/p>\n<p style=\"text-align: justify;\">Gestores hospitalares, dirigentes de entidades e funcion&aacute;rios de hospitais de v&aacute;rios munic&iacute;pios do Estado lotaram as galerias do Plen&aacute;rio da Assembleia Legislativa nesta ter&ccedil;a-feira, dia 14 de julho, para alertar a sociedade sobre o risco de fechamento de unidades, caso os governos federal e estadual n&atilde;o ampliem a fonte de recursos para os hospitais filantr&oacute;picos que atendem SUS.<\/p>\n<p style=\"text-align: justify;\">O presidente da Federa&ccedil;&atilde;o das Santas Casas e Hospitais Filantr&oacute;picos de SC, Hil&aacute;rio Dalmann, representando as tr&ecirc;s entidades hospitalares de SC (Associa&ccedil;&atilde;o e Federa&ccedil;&atilde;o dos Hospitais e Federa&ccedil;&atilde;o das Santas Casas e Hospitais Filantr&oacute;picos de SC) foi enf&aacute;tico<em>: &ldquo;a rede poder&aacute; entrar em colapso e a popula&ccedil;&atilde;o ficar&aacute; sem atendimento antes do final do ano, se n&atilde;o forem aplicados mais recursos no setor&rdquo;.<\/em> O pronunciamento na tribuna serviu de alerta para as autoridades e a sociedade que est&atilde;o sendo avisadas sobre a gravidade da situa&ccedil;&atilde;o.<\/p>\n<p style=\"text-align: justify;\">Entre os principais problemas enfrentados est&atilde;o a defasagem da Tabela do SUS, al&eacute;m das d&iacute;vidas junto a fornecedores e bancos. Os 182 hospitais filantr&oacute;picos em SC acumulam uma d&iacute;vida que ultrapassa os 200 milh&otilde;es de reais. <em>&ldquo;Ser&aacute; o caos total se nada for feito&rdquo;<\/em>, alerta Dalmann.&nbsp; A popula&ccedil;&atilde;o ser&aacute; a maior prejudicada em Santa Catarina porque aqui, ao contr&aacute;rio de outros estados, a responsabilidade pelo atendimento de 70% da popula&ccedil;&atilde;o acontece atrav&eacute;s dos hospitais filantr&oacute;picos, em outros estados a m&eacute;dia chega a 40%.<\/p>\n<p style=\"text-align: justify;\">Os parlamentares fizeram discursos inflamados em favor da causa, o Deputado Darci de Mattos trouxe exemplos para o debate, apresentando n&uacute;meros do que &eacute; pago pelo governo federal, uma di&aacute;ria de UTI, que custa R$ 1.500,00, o SUS s&oacute; repassa R$ 500 reais. <em>&ldquo;Essa conta n&atilde;o fecha, ningu&eacute;m consegue fazer milagre&rdquo;<\/em>. O deputado ainda prop&otilde;e o debate sobre a destina&ccedil;&atilde;o dos recursos sobre a devolu&ccedil;&atilde;o do duod&eacute;cimo por parte dos poderes: <em>&ldquo;por que n&atilde;o abrir o debate e repassar estas verbas para os hospitais?&rdquo;<\/em>, prop&otilde;e Mattos.<\/p>\n<p style=\"text-align: justify;\">O deputado estadual Dalmo de Oliveira disse que tudo tem limite, e que esta situa&ccedil;&atilde;o precisa ser debatida em Audi&ecirc;ncia P&uacute;blica, com a participa&ccedil;&atilde;o das entidades hospitalares, governo e sociedade. Para o deputado Jos&eacute; Milton Schaeffer, presidente do Frente Parlamentar em Defesa da Sa&uacute;de Catarinense, &eacute; preciso atrav&eacute;s da Audi&ecirc;ncia P&uacute;blica, &ldquo;encontrar o caminho do financiamento&rdquo;.<\/p>\n<p style=\"text-align: justify;\">Esta mobiliza&ccedil;&atilde;o fez parte da segunda etapa da campanha nacional em defesa de mais recursos para o SUS, &ldquo;Acesso &agrave; Sa&uacute;de &ndash; Meu Direito &eacute; um Dever do Governo&rdquo;. A terceira etapa est&aacute; marcada para o dia 04 de agosto em Bras&iacute;lia.<\/p>\n<p style=\"text-align: justify;\">Participaram dessa mobiliza&ccedil;&atilde;o as Irm&atilde;s L&iacute;dia Pagliari e Gentila J. Zago, representando o <strong>Hospital Salvatoriano Divino Salvador, de Videira\/SC.<\/strong>&nbsp;<\/p>\n<p style=\"text-align: justify;\">Fonte: <a href=\"http:\/\/www.ahesc-fehoesc.com.br\/\">http:\/\/www.ahesc-fehoesc.com.br\/<\/a><\/p>\n<p style=\"text-align: justify;\">&nbsp;<\/p>\n<p style=\"text-align: justify;\">&nbsp;<\/p>\n","protected":false},"excerpt":{"rendered":"<p>[imagem1] &nbsp; Gestores hospitalares, dirigentes de entidades e funcion&aacute;rios de hospitais de v&aacute;rios munic&iacute;pios do Estado lotaram as galerias do Plen&aacute;rio da Assembleia Legislativa nesta ter&ccedil;a-feira, dia 14 de julho, para alertar a&#8230;<\/p>\n","protected":false},"author":1,"featured_media":2192,"comment_status":"open","ping_status":"open","sticky":false,"template":"","format":"standard","meta":[],"categories":[1],"tags":[],"_links":{"self":[{"href":"https:\/\/www.salvatorianas.org.br\/blog\/wp-json\/wp\/v2\/posts\/2002"}],"collection":[{"href":"https:\/\/www.salvatorianas.org.br\/blog\/wp-json\/wp\/v2\/posts"}],"about":[{"href":"https:\/\/www.salvatorianas.org.br\/blog\/wp-json\/wp\/v2\/types\/post"}],"author":[{"embeddable":true,"href":"https:\/\/www.salvatorianas.org.br\/blog\/wp-json\/wp\/v2\/users\/1"}],"replies":[{"embeddable":true,"href":"https:\/\/www.salvatorianas.org.br\/blog\/wp-json\/wp\/v2\/comments?post=2002"}],"version-history":[{"count":0,"href":"https:\/\/www.salvatorianas.org.br\/blog\/wp-json\/wp\/v2\/posts\/2002\/revisions"}],"wp:featuredmedia":[{"embeddable":true,"href":"https:\/\/www.salvatorianas.org.br\/blog\/wp-json\/wp\/v2\/media\/2192"}],"wp:attachment":[{"href":"https:\/\/www.salvatorianas.org.br\/blog\/wp-json\/wp\/v2\/media?parent=2002"}],"wp:term":[{"taxonomy":"category","embeddable":true,"href":"https:\/\/www.salvatorianas.org.br\/blog\/wp-json\/wp\/v2\/categories?post=2002"},{"taxonomy":"post_tag","embeddable":true,"href":"https:\/\/www.salvatorianas.org.br\/blog\/wp-json\/wp\/v2\/tags?post=2002"}],"curies":[{"name":"wp","href":"https:\/\/api.w.org\/{rel}","templated":true}]}}