{"id":20019,"date":"2023-03-30T23:05:48","date_gmt":"2023-03-30T23:05:48","guid":{"rendered":"https:\/\/www.salvatorianas.org.br\/blog\/?p=20019"},"modified":"2023-03-30T23:05:49","modified_gmt":"2023-03-30T23:05:49","slug":"5a-semana-da-quaresma-quinta-feira","status":"publish","type":"post","link":"https:\/\/www.salvatorianas.org.br\/blog\/5a-semana-da-quaresma-quinta-feira\/","title":{"rendered":"5\u00aa Semana da Quaresma | Quinta-feira"},"content":{"rendered":"\n<p>Cristo \u00e9 o mediador de uma nova alian\u00e7a, para que, por meio de sua morte, recebam os eleitos a heran\u00e7a eterna que lhes foi prometida (Hb 9,15).<\/p>\n\n\n\n<p><em>A hist\u00f3ria da salva\u00e7\u00e3o come\u00e7a com a alian\u00e7a entre Deus e Abra\u00e3o, figura de Cristo, o iniciador da Nova e Eterna Alian\u00e7a no seu sangue. Pelo sacramento da Eucaristia, alimentamos nossa comunh\u00e3o com o Senhor. Acolhamos, de cora\u00e7\u00e3o sincero, o amor de Deus por n\u00f3s.<\/em>Primeira Leitura:&nbsp;<strong>G\u00eanesis 17,3-9<\/strong><\/p>\n\n\n\n<p>Leitura do livro do G\u00eanesis \u2013 Naqueles dias,&nbsp;<sup>3<\/sup>Abr\u00e3o prostrou-se com o rosto por terra.&nbsp;<sup>4<\/sup>E Deus lhe disse: \u201cEis a minha alian\u00e7a contigo: tu ser\u00e1s pai de uma multid\u00e3o de na\u00e7\u00f5es.&nbsp;<sup>5<\/sup>J\u00e1 n\u00e3o te chamar\u00e1s Abr\u00e3o, mas o teu nome ser\u00e1 Abra\u00e3o, porque farei de ti o pai de uma multid\u00e3o de na\u00e7\u00f5es.&nbsp;<sup>6<\/sup>Farei crescer tua descend\u00eancia infinitamente. Farei nascer de ti na\u00e7\u00f5es, e reis sair\u00e3o de ti.&nbsp;<sup>7<\/sup>Estabelecerei minha alian\u00e7a entre mim e ti e teus descendentes para sempre; uma alian\u00e7a eterna, para que eu seja teu Deus e o Deus de teus descendentes.&nbsp;<sup>8<\/sup>A ti e aos teus descendentes darei a terra em que vives como estrangeiro, todo o pa\u00eds de Cana\u00e3 como propriedade para sempre. E eu serei o Deus dos teus descendentes\u201d.&nbsp;<sup>9<\/sup>Deus disse a Abra\u00e3o: \u201cGuarda a minha alian\u00e7a, tu e a tua descend\u00eancia para sempre\u201d. \u2013 Palavra do Senhor.Salmo Responsorial:&nbsp;<strong>104(105)<\/strong><\/p>\n\n\n\n<p><em><strong>O Senhor se lembra sempre da Alian\u00e7a!<\/strong><\/em><\/p>\n\n\n\n<p>1. Procurai o Senhor Deus e seu poder,&nbsp;\/&nbsp;buscai constantemente a sua face!&nbsp;\/&nbsp;Lembrai as maravilhas que ele fez,&nbsp;\/&nbsp;seus prod\u00edgios e as palavras de seus l\u00e1bios!&nbsp;\u2013 R.<\/p>\n\n\n\n<p>2. Descendentes de Abra\u00e3o, seu servidor,&nbsp;\/&nbsp;e filhos de Jac\u00f3, seu escolhido,&nbsp;\/&nbsp;ele mesmo, o Senhor, \u00e9 nosso Deus,&nbsp;\/&nbsp;vigoram suas leis em toda a terra.&nbsp;\u2013 R.<\/p>\n\n\n\n<p>3. Ele sempre se recorda da Alian\u00e7a,&nbsp;\/&nbsp;promulgada a incont\u00e1veis gera\u00e7\u00f5es;&nbsp;\/&nbsp;da Alian\u00e7a que ele fez com Abra\u00e3o&nbsp;\/&nbsp;e do seu santo juramento a Isaac.&nbsp;\u2013 R.Evangelho:&nbsp;<strong>Jo\u00e3o 8,51-59<\/strong><\/p>\n\n\n\n<p><strong><em>Gl\u00f3ria<\/em><em>&nbsp;a Cristo, Palavra eterna do Pai, que \u00e9 amor!<\/em><\/strong><\/p>\n\n\n\n<p><strong>Oxal\u00e1 ouv\u00edsseis hoje a sua voz:&nbsp;\/&nbsp;N\u00e3o fecheis os cora\u00e7\u00f5es como em Meriba! (Sl 94,8)&nbsp;\u2013 R.<\/strong><\/p>\n\n\n\n<p>Proclama\u00e7\u00e3o do Evangelho de Jesus Cristo segundo Jo\u00e3o \u2013 Naquele tempo, disse Jesus aos judeus:&nbsp;<sup>51<\/sup>\u201cEm verdade, em verdade, eu vos digo, se algu\u00e9m guardar a minha palavra, jamais ver\u00e1 a morte\u201d.&nbsp;<sup>52<\/sup>Disseram ent\u00e3o os judeus: \u201cAgora sabemos que tens um dem\u00f4nio. Abra\u00e3o morreu e os profetas tamb\u00e9m, e tu dizes: \u2018Se algu\u00e9m guardar a minha palavra, jamais ver\u00e1 a morte\u2019.&nbsp;<sup>53<\/sup>Acaso \u00e9s maior do que nosso pai Abra\u00e3o, que morreu, como tamb\u00e9m os profetas? Quem pretendes tu ser?\u201d&nbsp;<sup>54<\/sup>Jesus respondeu: \u201cSe me glorifico a mim mesmo, minha gl\u00f3ria n\u00e3o vale nada. Quem me glorifica \u00e9 o meu Pai, aquele que v\u00f3s dizeis ser o vosso Deus.&nbsp;<sup>55<\/sup>No entanto, n\u00e3o o conheceis. Mas eu o conhe\u00e7o e, se dissesse que n\u00e3o o conhe\u00e7o, seria um mentiroso como v\u00f3s! Mas eu o conhe\u00e7o e guardo a sua palavra.&nbsp;<sup>56<\/sup>Vosso pai Abra\u00e3o exultou por ver o meu dia; ele o viu e alegrou-se\u201d.&nbsp;<sup>57<\/sup>Os judeus disseram-lhe ent\u00e3o: \u201cNem sequer cinquenta anos tens e viste Abra\u00e3o!?\u201d&nbsp;<sup>58<\/sup>Jesus respondeu: \u201cEm verdade, em verdade vos digo, antes que Abra\u00e3o existisse, eu sou\u201d.&nbsp;<sup>59<\/sup>Ent\u00e3o eles pegaram em pedras para apedrejar Jesus, mas ele escondeu-se e saiu do templo. \u2013 Palavra da salva\u00e7\u00e3o.Reflex\u00e3o:<\/p>\n\n\n\n<p><em>Abra\u00e3o \u00e9 o primeiro elo de uma corrente que se estende ao longo da hist\u00f3ria da salva\u00e7\u00e3o. Hist\u00f3ria que tem como centro e ponto de chegada a pessoa de Jesus Cristo. Abra\u00e3o esperava a manifesta\u00e7\u00e3o plena da vida. E isso s\u00f3 acontece com a presen\u00e7a e a pr\u00e1tica de Jesus. Como as autoridades n\u00e3o aceitam a vida que Jesus oferece, planejam elimin\u00e1-lo. Para esc\u00e2ndalo de seus conterr\u00e2neos, Jesus afirma: \u201cAntes que Abra\u00e3o existisse, Eu sou\u201d. \u201cEu sou\u201d recorda o nome Jav\u00e9, com que Deus se deu a conhecer a Mois\u00e9s, por ocasi\u00e3o da liberta\u00e7\u00e3o do Egito. Jesus assume esse nome por ser o Filho de Deus que revela de modo pleno o projeto do Pai. N\u00e3o comprometidos com Jesus, os chefes recolhem pedras para apedrej\u00e1-lo. Amea\u00e7ado de morte, Jesus se retira do templo e se esconde. Hoje, como sempre, muitas pessoas s\u00e3o amea\u00e7adas de morte. Por qu\u00ea?<\/em><\/p>\n","protected":false},"excerpt":{"rendered":"<p>Cristo \u00e9 o mediador de uma nova alian\u00e7a, para que, por meio de sua morte, recebam os eleitos a heran\u00e7a eterna que lhes foi prometida (Hb 9,15). A hist\u00f3ria da salva\u00e7\u00e3o come\u00e7a com&#8230;<\/p>\n","protected":false},"author":2,"featured_media":20023,"comment_status":"open","ping_status":"open","sticky":false,"template":"","format":"standard","meta":[],"categories":[7],"tags":[],"_links":{"self":[{"href":"https:\/\/www.salvatorianas.org.br\/blog\/wp-json\/wp\/v2\/posts\/20019"}],"collection":[{"href":"https:\/\/www.salvatorianas.org.br\/blog\/wp-json\/wp\/v2\/posts"}],"about":[{"href":"https:\/\/www.salvatorianas.org.br\/blog\/wp-json\/wp\/v2\/types\/post"}],"author":[{"embeddable":true,"href":"https:\/\/www.salvatorianas.org.br\/blog\/wp-json\/wp\/v2\/users\/2"}],"replies":[{"embeddable":true,"href":"https:\/\/www.salvatorianas.org.br\/blog\/wp-json\/wp\/v2\/comments?post=20019"}],"version-history":[{"count":1,"href":"https:\/\/www.salvatorianas.org.br\/blog\/wp-json\/wp\/v2\/posts\/20019\/revisions"}],"predecessor-version":[{"id":20025,"href":"https:\/\/www.salvatorianas.org.br\/blog\/wp-json\/wp\/v2\/posts\/20019\/revisions\/20025"}],"wp:featuredmedia":[{"embeddable":true,"href":"https:\/\/www.salvatorianas.org.br\/blog\/wp-json\/wp\/v2\/media\/20023"}],"wp:attachment":[{"href":"https:\/\/www.salvatorianas.org.br\/blog\/wp-json\/wp\/v2\/media?parent=20019"}],"wp:term":[{"taxonomy":"category","embeddable":true,"href":"https:\/\/www.salvatorianas.org.br\/blog\/wp-json\/wp\/v2\/categories?post=20019"},{"taxonomy":"post_tag","embeddable":true,"href":"https:\/\/www.salvatorianas.org.br\/blog\/wp-json\/wp\/v2\/tags?post=20019"}],"curies":[{"name":"wp","href":"https:\/\/api.w.org\/{rel}","templated":true}]}}