{"id":20009,"date":"2023-03-26T01:00:00","date_gmt":"2023-03-26T01:00:00","guid":{"rendered":"https:\/\/www.salvatorianas.org.br\/blog\/?p=20009"},"modified":"2023-03-24T19:42:49","modified_gmt":"2023-03-24T19:42:49","slug":"5o-domingo-da-quaresma","status":"publish","type":"post","link":"https:\/\/www.salvatorianas.org.br\/blog\/5o-domingo-da-quaresma\/","title":{"rendered":"5\u00ba Domingo da Quaresma"},"content":{"rendered":"\n<p>A mim, \u00f3 Deus, fazei justi\u00e7a, defendei a minha causa contra a gente sem piedade; do homem perverso e traidor libertai-me, porque sois, \u00f3 Deus, o meu socorro (Sl 42,1s).<\/p>\n\n\n\n<p><em>O Esp\u00edrito de Deus, que mora em n\u00f3s, nos conduziu a esta liturgia, a fim de que tenhamos for\u00e7as para caminhar, dia a dia, desvencilhados dos la\u00e7os mortais da injusti\u00e7a, da descren\u00e7a e do ego\u00edsmo. Com Marta e Maria, professemos nossa f\u00e9 em Cristo Jesus, ressurrei\u00e7\u00e3o e vida plena para todos os que se deixam iluminar por sua Palavra e se re\u00fanem para celebrar a Eucaristia.<\/em>Primeira Leitura:&nbsp;<strong>Ezequiel 37,12-14<\/strong><\/p>\n\n\n\n<p>Leitura da profecia de Ezequiel \u2013&nbsp;<sup>12<\/sup>Assim fala o Senhor Deus: \u201c\u00d3 meu povo, vou abrir as vossas sepulturas e conduzir-vos para a terra de Israel;&nbsp;<sup>13<\/sup>e quando eu abrir as vossas sepulturas e vos fizer sair delas, sabereis que eu sou o Senhor.<sup>&nbsp;14<\/sup>Porei em v\u00f3s o meu esp\u00edrito, para que vivais, e vos colocarei em vossa terra. Ent\u00e3o sabereis que eu, o Senhor, digo e fa\u00e7o \u2013 or\u00e1culo do Senhor\u201d. \u2013 Palavra do Senhor.Salmo Responsorial:&nbsp;<strong>129(130)<\/strong><\/p>\n\n\n\n<p><em><strong>No Senhor, toda gra\u00e7a e reden\u00e7\u00e3o!<\/strong><\/em><\/p>\n\n\n\n<p>1. Das profundezas eu clamo a v\u00f3s, Senhor,&nbsp;\/&nbsp;escutai a minha voz!&nbsp;\/&nbsp;Vossos ouvidos estejam bem atentos&nbsp;\/&nbsp;ao clamor da minha prece!&nbsp;\u2013 R.<\/p>\n\n\n\n<p>2. Se levardes em conta nossas faltas,&nbsp;\/&nbsp;quem haver\u00e1 de subsistir?&nbsp;\/&nbsp;Mas em v\u00f3s se encontra o perd\u00e3o,&nbsp;\/&nbsp;eu vos temo e em v\u00f3s espero.&nbsp;\u2013 R.<\/p>\n\n\n\n<p>3. No Senhor ponho a minha esperan\u00e7a,&nbsp;\/&nbsp;espero em sua palavra.&nbsp;\/&nbsp;A minha alma espera no Senhor&nbsp;\/&nbsp;mais que o vigia pela aurora.&nbsp;\u2013 R.<\/p>\n\n\n\n<p>4. Espere Israel pelo Senhor&nbsp;\/&nbsp;mais que o vigia pela aurora!&nbsp;\/&nbsp;Pois no Senhor se encontra toda gra\u00e7a&nbsp;\/&nbsp;e copiosa reden\u00e7\u00e3o.&nbsp;\/&nbsp;Ele vem libertar a Israel&nbsp;\/&nbsp;de toda a sua culpa.&nbsp;\u2013 R.Segunda Leitura:&nbsp;<strong>Romanos 8,8-11<\/strong><\/p>\n\n\n\n<p>Leitura da carta de S\u00e3o Paulo aos Romanos \u2013 Irm\u00e3os,&nbsp;<sup>8<\/sup>os que vivem segundo a carne n\u00e3o podem agradar a Deus.&nbsp;<sup>9<\/sup>V\u00f3s n\u00e3o viveis segundo a carne, mas segundo o Esp\u00edrito, se realmente o Esp\u00edrito de Deus mora em v\u00f3s. Se algu\u00e9m n\u00e3o tem o Esp\u00edrito de Cristo, n\u00e3o pertence a Cristo.&nbsp;<sup>10<\/sup>Se, por\u00e9m, Cristo est\u00e1 em v\u00f3s, embora vosso corpo esteja ferido de morte por causa do pecado, vosso esp\u00edrito est\u00e1 cheio de vida, gra\u00e7as \u00e0 justi\u00e7a.&nbsp;<sup>11<\/sup>E, se o Esp\u00edrito daquele que ressuscitou Jesus dentre os mortos mora em v\u00f3s, ent\u00e3o aquele que ressuscitou Jesus Cristo dentre os mortos vivificar\u00e1 tamb\u00e9m vossos corpos mortais por meio do seu Esp\u00edrito que mora em v\u00f3s. \u2013 Palavra do Senhor.Evangelho:&nbsp;<strong>Jo\u00e3o 11,1-45 ou 3-7.17.20-27.33-45<\/strong><\/p>\n\n\n\n<p><strong>[A forma breve est\u00e1 entre colchetes.]<\/strong><\/p>\n\n\n\n<p><strong><em>Gl\u00f3ria a v\u00f3s, \u00f3 Cristo, Verbo de Deus.<\/em><\/strong><\/p>\n\n\n\n<p><strong>Eu sou a ressurrei\u00e7\u00e3o, eu sou a vida.&nbsp;\/&nbsp;Quem cr\u00ea em mim n\u00e3o morrer\u00e1 eternamente (Jo 11,25s).&nbsp;\u2013 R.<\/strong><\/p>\n\n\n\n<p>Proclama\u00e7\u00e3o do Evangelho de Jesus Cristo segundo Jo\u00e3o \u2013&nbsp;<strong>[<\/strong>Naquele tempo,<strong>]<\/strong>&nbsp;<sup>1<\/sup>havia um doente, L\u00e1zaro, que era de Bet\u00e2nia, o povoado de Maria e de Marta, sua irm\u00e3.&nbsp;<sup>2<\/sup>Maria era aquela que ungira o Senhor com perfume e enxugara os p\u00e9s dele com seus cabelos. O irm\u00e3o dela, L\u00e1zaro, \u00e9 que estava doente.&nbsp;<strong>[<\/strong><sup>3<\/sup>As irm\u00e3s mandaram<strong>]<\/strong>&nbsp;ent\u00e3o&nbsp;<strong>[<\/strong>dizer a Jesus: \u201cSenhor, aquele que amas est\u00e1 doente\u201d.&nbsp;<sup>4<\/sup>Ouvindo isso, Jesus disse: \u201cEsta doen\u00e7a n\u00e3o leva \u00e0 morte; ela serve para a gl\u00f3ria de Deus, para que o Filho de Deus seja glorificado por ela\u201d.&nbsp;<sup>5<\/sup>Jesus era muito amigo de Marta, de sua irm\u00e3 Maria e de L\u00e1zaro.&nbsp;<sup>6<\/sup>Quando ouviu que este estava doente, Jesus ficou ainda dois dias no lugar onde se encontrava.&nbsp;<sup>7<\/sup>Ent\u00e3o, disse aos disc\u00edpulos: \u201cVamos de novo \u00e0 Judeia\u201d.<strong>]&nbsp;<\/strong><sup>8<\/sup>Os disc\u00edpulos disseram-lhe: \u201cMestre, ainda h\u00e1 pouco os judeus queriam apedrejar-te, e agora vais outra vez para l\u00e1?\u201d&nbsp;<sup>9<\/sup>Jesus respondeu: \u201cO dia n\u00e3o tem doze horas? Se algu\u00e9m caminha de dia, n\u00e3o trope\u00e7a, porque v\u00ea a luz deste mundo.&nbsp;<sup>10<\/sup>Mas, se algu\u00e9m caminha de noite, trope\u00e7a, porque lhe falta a luz\u201d.&nbsp;<sup>11<\/sup>Depois acrescentou: \u201cO nosso amigo L\u00e1zaro dorme. Mas eu vou acord\u00e1-lo\u201d.&nbsp;<sup>12<\/sup>Os disc\u00edpulos disseram: \u201cSenhor, se ele dorme, vai ficar bom\u201d.&nbsp;<sup>13<\/sup>Jesus falava da morte de L\u00e1zaro, mas os disc\u00edpulos pensaram que falasse do sono mesmo.&nbsp;<sup>14<\/sup>Ent\u00e3o Jesus disse abertamente: \u201cL\u00e1zaro est\u00e1 morto.&nbsp;<sup>15<\/sup>Mas, por causa de v\u00f3s, alegro-me por n\u00e3o ter estado l\u00e1, para que creiais. Mas vamos para junto dele\u201d.&nbsp;<sup>16<\/sup>Ent\u00e3o Tom\u00e9, cujo nome significa G\u00eameo, disse aos companheiros: \u201cVamos n\u00f3s tamb\u00e9m para morrermos com ele\u201d.&nbsp;<strong>[<\/strong><sup>17<\/sup>Quando Jesus chegou, encontrou L\u00e1zaro sepultado havia quatro dias.<strong>]&nbsp;<\/strong><sup>18<\/sup>Bet\u00e2nia ficava a uns tr\u00eas quil\u00f4metros de Jerusal\u00e9m.&nbsp;<sup>19<\/sup>Muitos judeus tinham vindo \u00e0 casa de Marta e Maria para as consolar por causa do irm\u00e3o.&nbsp;<strong>[<\/strong><sup>20<\/sup>Quando Marta soube que Jesus tinha chegado, foi ao encontro dele. Maria ficou sentada em casa.&nbsp;<sup>21<\/sup>Ent\u00e3o Marta disse a Jesus: \u201cSenhor, se tivesses estado aqui, meu irm\u00e3o n\u00e3o teria morrido.&nbsp;<sup>22<\/sup>Mas, mesmo assim, eu sei que o que pedires a Deus, ele to conceder\u00e1\u201d.&nbsp;<sup>23<\/sup>Respondeu-lhe Jesus: \u201cTeu irm\u00e3o ressuscitar\u00e1\u201d.&nbsp;<sup>24<\/sup>Disse Marta: \u201cEu sei que ele ressuscitar\u00e1 na ressurrei\u00e7\u00e3o, no \u00faltimo dia\u201d.&nbsp;<sup>25<\/sup>Ent\u00e3o Jesus disse: \u201cEu sou a ressurrei\u00e7\u00e3o e a vida. Quem cr\u00ea em mim, mesmo que morra, viver\u00e1.&nbsp;<sup>26<\/sup>E todo aquele que vive e cr\u00ea em mim n\u00e3o morrer\u00e1 jamais. Cr\u00eas isto?\u201d&nbsp;<sup>27<\/sup>Respondeu ela: \u201cSim, Senhor, eu creio firmemente que tu \u00e9s o Messias, o Filho de Deus, que devia vir ao mundo\u201d.<strong>]<\/strong>&nbsp;<sup>28<\/sup>Depois de ter dito isso, ela foi chamar a sua irm\u00e3, Maria, dizendo baixinho: \u201cO Mestre est\u00e1 a\u00ed e te chama\u201d.&nbsp;<sup>29<\/sup>Quando Maria ouviu isso, levantou-se depressa e foi ao encontro de Jesus.&nbsp;<sup>30<\/sup>Jesus estava ainda fora do povoado, no mesmo lugar onde Marta se tinha encontrado com ele.&nbsp;<sup>31<\/sup>Os judeus que estavam em casa consolando-a, quando a viram levantar-se depressa e sair, foram atr\u00e1s dela, pensando que fosse ao t\u00famulo para ali chorar.&nbsp;<sup>32<\/sup>Indo para o lugar onde estava Jesus, quando o viu, caiu de joelhos diante dele e disse-lhe: \u201cSenhor, se tivesses estado aqui, o meu irm\u00e3o n\u00e3o teria morrido\u201d.&nbsp;<sup>33<\/sup>Quando&nbsp;<strong>[<\/strong>Jesus<strong>]<\/strong>&nbsp;a viu chorar, e tamb\u00e9m os que estavam com ela, estremeceu interiormente,&nbsp;<strong>[<\/strong>ficou profundamente comovido&nbsp;<sup>34<\/sup>e perguntou: \u201cOnde o colocastes?\u201d Responderam: \u201cVem ver, Senhor\u201d.&nbsp;<sup>35<\/sup>E Jesus chorou.&nbsp;<sup>36<\/sup>Ent\u00e3o os judeus disseram: \u201cVede como ele o amava!\u201d&nbsp;<sup>37<\/sup>Alguns deles, por\u00e9m, diziam: \u201cEste, que abriu os olhos ao cego, n\u00e3o podia tamb\u00e9m ter feito com que L\u00e1zaro n\u00e3o morresse?\u201d&nbsp;<sup>38<\/sup>De novo, Jesus ficou interiormente comovido. Chegou ao t\u00famulo. Era uma caverna, fechada com uma pedra.&nbsp;<sup>39<\/sup>Disse Jesus: \u201cTirai a pedra!\u201d Marta, a irm\u00e3 do morto, interveio: \u201cSenhor, j\u00e1 cheira mal. Est\u00e1 morto h\u00e1 quatro dias\u201d.&nbsp;<sup>40<\/sup>Jesus lhe respondeu: \u201cN\u00e3o te disse que, se creres, ver\u00e1s a gl\u00f3ria de Deus?\u201d&nbsp;<sup>41<\/sup>Tiraram ent\u00e3o a pedra. Jesus levantou os olhos para o alto e disse: \u201cPai, eu te dou gra\u00e7as porque me ouviste.&nbsp;<sup>42<\/sup>Eu sei que sempre me escutas. Mas digo isto por causa do povo que me rodeia, para que creia que tu me enviaste\u201d.&nbsp;<sup>43<\/sup>Tendo dito isso, exclamou com voz forte: \u201cL\u00e1zaro, vem para fora!\u201d&nbsp;<sup>44<\/sup>O morto saiu, atado de m\u00e3os e p\u00e9s com os len\u00e7\u00f3is mortu\u00e1rios e o rosto coberto com um pano. Ent\u00e3o Jesus lhes disse: \u201cDesatai-o e deixai-o caminhar!\u201d&nbsp;<sup>45<\/sup>Ent\u00e3o, muitos dos judeus que tinham ido \u00e0 casa de Maria e viram o que Jesus fizera, creram nele.<strong>]<\/strong>&nbsp;\u2013 Palavra da salva\u00e7\u00e3o.Reflex\u00e3o:<\/p>\n\n\n\n<p><em>Tr\u00eas dias, sepulcro, panos: a ressurrei\u00e7\u00e3o de L\u00e1zaro prefigura a de Jesus. Simboliza tamb\u00e9m a vida sobrenatural que Jesus comunica. A finalidade principal dos sinais que Jesus realiza \u00e9 levar os disc\u00edpulos a acreditarem nele, o Messias que veio resgatar a vida plena para todos. Marta e Maria dizem que seu irm\u00e3o est\u00e1 morto; Jesus diz que ele dorme! Para alguns, a morte \u00e9 vista como barreira intranspon\u00edvel; Jesus, ao inv\u00e9s, considera a morte como simples sono, do qual ser\u00e1 f\u00e1cil despertar. Marta acredita na ressurrei\u00e7\u00e3o do \u00faltimo dia. Mas Jesus \u00e9 vida n\u00e3o s\u00f3 depois da morte; \u00e9 vida em abund\u00e2ncia tamb\u00e9m para aqui e agora. Diante do t\u00famulo, ap\u00f3s agradecer ao Pai comunicador de vida, Jesus chama L\u00e1zaro para fora. Qual ovelha fiel e d\u00f3cil, L\u00e1zaro ouve a voz do Pastor e, totalmente livre, volta a viver.<\/em><\/p>\n","protected":false},"excerpt":{"rendered":"<p>A mim, \u00f3 Deus, fazei justi\u00e7a, defendei a minha causa contra a gente sem piedade; do homem perverso e traidor libertai-me, porque sois, \u00f3 Deus, o meu socorro (Sl 42,1s). O Esp\u00edrito de&#8230;<\/p>\n","protected":false},"author":2,"featured_media":20011,"comment_status":"open","ping_status":"open","sticky":false,"template":"","format":"standard","meta":[],"categories":[7],"tags":[],"_links":{"self":[{"href":"https:\/\/www.salvatorianas.org.br\/blog\/wp-json\/wp\/v2\/posts\/20009"}],"collection":[{"href":"https:\/\/www.salvatorianas.org.br\/blog\/wp-json\/wp\/v2\/posts"}],"about":[{"href":"https:\/\/www.salvatorianas.org.br\/blog\/wp-json\/wp\/v2\/types\/post"}],"author":[{"embeddable":true,"href":"https:\/\/www.salvatorianas.org.br\/blog\/wp-json\/wp\/v2\/users\/2"}],"replies":[{"embeddable":true,"href":"https:\/\/www.salvatorianas.org.br\/blog\/wp-json\/wp\/v2\/comments?post=20009"}],"version-history":[{"count":1,"href":"https:\/\/www.salvatorianas.org.br\/blog\/wp-json\/wp\/v2\/posts\/20009\/revisions"}],"predecessor-version":[{"id":20012,"href":"https:\/\/www.salvatorianas.org.br\/blog\/wp-json\/wp\/v2\/posts\/20009\/revisions\/20012"}],"wp:featuredmedia":[{"embeddable":true,"href":"https:\/\/www.salvatorianas.org.br\/blog\/wp-json\/wp\/v2\/media\/20011"}],"wp:attachment":[{"href":"https:\/\/www.salvatorianas.org.br\/blog\/wp-json\/wp\/v2\/media?parent=20009"}],"wp:term":[{"taxonomy":"category","embeddable":true,"href":"https:\/\/www.salvatorianas.org.br\/blog\/wp-json\/wp\/v2\/categories?post=20009"},{"taxonomy":"post_tag","embeddable":true,"href":"https:\/\/www.salvatorianas.org.br\/blog\/wp-json\/wp\/v2\/tags?post=20009"}],"curies":[{"name":"wp","href":"https:\/\/api.w.org\/{rel}","templated":true}]}}