{"id":20005,"date":"2023-03-25T01:00:00","date_gmt":"2023-03-25T01:00:00","guid":{"rendered":"https:\/\/www.salvatorianas.org.br\/blog\/?p=20005"},"modified":"2023-03-24T19:40:26","modified_gmt":"2023-03-24T19:40:26","slug":"anunciacao-do-senhor-solenidade-sabado","status":"publish","type":"post","link":"https:\/\/www.salvatorianas.org.br\/blog\/anunciacao-do-senhor-solenidade-sabado\/","title":{"rendered":"Anuncia\u00e7\u00e3o do Senhor &#8211; Solenidade | S\u00e1bado"},"content":{"rendered":"\n<p>Ao entrar no mundo, Cristo disse: Eis-me aqui, \u00f3 Pai, para fazer a tua vontade (Hb 10,5.7).<\/p>\n\n\n\n<p><em>A solenidade da Anuncia\u00e7\u00e3o recorda a encarna\u00e7\u00e3o do Senhor, que d\u00e1 in\u00edcio a uma nova hist\u00f3ria. No momento da anuncia\u00e7\u00e3o, Maria reflete consigo mesma e dialoga com o anjo; sua vida \u00e9 revestida pelo Esp\u00edrito Santo, que a prepara para a miss\u00e3o. Contemplando o mist\u00e9rio da encarna\u00e7\u00e3o, tornemo-nos, assim como a pequena jovem de Nazar\u00e9, abertos e generosos para fazer a vontade de Deus.<\/em>Primeira Leitura:&nbsp;<strong>Isa\u00edas 7,10-14; 8,10<\/strong><\/p>\n\n\n\n<p>Leitura do livro do profeta Isa\u00edas \u2013 Naqueles dias,&nbsp;<sup>10<\/sup>o Senhor falou com Acaz, dizendo:&nbsp;<sup>11<\/sup>\u201cPede ao Senhor teu Deus que te fa\u00e7a ver um sinal, quer provenha da profundeza da terra, quer venha das alturas do c\u00e9u\u201d.&nbsp;<sup>12<\/sup>Mas Acaz respondeu: \u201cN\u00e3o pedirei nem tentarei o Senhor\u201d.&nbsp;<sup>13<\/sup>Disse o profeta: \u201cOuvi, ent\u00e3o, v\u00f3s, casa de Davi: ser\u00e1 que achais pouco incomodar os homens e passais a incomodar at\u00e9 o meu Deus?&nbsp;<sup>14<\/sup>Pois bem, o pr\u00f3prio Senhor vos dar\u00e1 um sinal. Eis que uma virgem conceber\u00e1 e dar\u00e1 \u00e0 luz um filho, e lhe por\u00e1 o nome de Emanuel,&nbsp;<sup>8,10<\/sup>porque Deus est\u00e1 conosco\u201d. \u2013 Palavra do Senhor.Salmo Responsorial:&nbsp;<strong>39(40)<\/strong><\/p>\n\n\n\n<p><em><strong>Eis que venho fazer, com prazer,&nbsp;\/&nbsp;a vossa vontade, Senhor!<\/strong><\/em><\/p>\n\n\n\n<p>1. Sacrif\u00edcio e obla\u00e7\u00e3o n\u00e3o quisestes,&nbsp;\/&nbsp;mas abristes, Senhor, meus ouvidos;&nbsp;\/&nbsp;n\u00e3o pedistes ofertas nem v\u00edtimas,&nbsp;\u2020&nbsp;holocaustos por nossos pecados,&nbsp;\/&nbsp;e ent\u00e3o eu vos disse: \u201cEis que venho!\u201d&nbsp;\u2013 R.<\/p>\n\n\n\n<p>2. Sobre mim est\u00e1 escrito no livro:&nbsp;\u2020&nbsp;\u201cCom prazer fa\u00e7o a vossa vontade,&nbsp;\/&nbsp;guardo em meu cora\u00e7\u00e3o vossa lei!\u201d&nbsp;\u2013 R.<\/p>\n\n\n\n<p>3. Boas-novas de vossa justi\u00e7a&nbsp;\u2020&nbsp;anunciei numa grande assembleia;&nbsp;\/&nbsp;v\u00f3s sabeis: n\u00e3o fechei os meus l\u00e1bios!&nbsp;\u2013 R.<\/p>\n\n\n\n<p>4. Proclamei toda a vossa justi\u00e7a&nbsp;\u2020&nbsp;sem ret\u00ea-la no meu cora\u00e7\u00e3o;&nbsp;\/&nbsp;vosso aux\u00edlio e lealdade narrei.&nbsp;\/&nbsp;N\u00e3o calei vossa gra\u00e7a e verdade&nbsp;\/&nbsp;na presen\u00e7a da grande assembleia.&nbsp;\u2013 R.Segunda Leitura:&nbsp;<strong>Hebreus 10,4-10<\/strong><\/p>\n\n\n\n<p>Leitura da carta aos Hebreus \u2013 Irm\u00e3os,&nbsp;<sup>4<\/sup>\u00e9 imposs\u00edvel eliminar os pecados com o sangue de touros e bodes.&nbsp;<sup>5<\/sup>Por isso, ao entrar no mundo, Cristo afirma: \u201cTu n\u00e3o quiseste v\u00edtima nem oferenda, mas formaste-me um corpo.&nbsp;<sup>6<\/sup>N\u00e3o foram do teu agrado holocaustos nem sacrif\u00edcios pelo pecado.&nbsp;<sup>7<\/sup>Por isso eu disse: Eis que eu venho. No livro est\u00e1 escrito a meu respeito: Eu vim, \u00f3 Deus, para fazer a tua vontade\u201d.&nbsp;<sup>8<\/sup>Depois de dizer: \u201cTu n\u00e3o quiseste nem te agradaram v\u00edtimas, oferendas, holocaustos, sacrif\u00edcios pelo pecado\u201d \u2013 coisas oferecidas segundo a Lei -,&nbsp;<sup>9<\/sup>ele acrescenta: \u201cEu vim para fazer a tua vontade\u201d. Com isso, suprime o primeiro sacrif\u00edcio para estabelecer o segundo.&nbsp;<sup>10<\/sup>\u00c9 gra\u00e7as a essa vontade que somos santificados pela oferenda do corpo de Jesus Cristo, realizada uma vez por todas. \u2013 Palavra do Senhor.Evangelho:&nbsp;<strong>Lucas 1,26-38<\/strong><\/p>\n\n\n\n<p><strong><em>Gl\u00f3ria a Cristo, Palavra eterna do Pai, que \u00e9 amor!<\/em><\/strong><\/p>\n\n\n\n<p><strong>A Palavra se fez carne e habitou entre n\u00f3s.&nbsp;\/&nbsp;E n\u00f3s vimos sua gl\u00f3ria, que recebe de Deus Pai (Jo 1,14).&nbsp;\u2013 R.<\/strong><\/p>\n\n\n\n<p>Proclama\u00e7\u00e3o do Evangelho de Jesus Cristo segundo Lucas \u2013 Naquele tempo,&nbsp;<sup>26<\/sup>o anjo Gabriel foi enviado por Deus a uma cidade da Galileia, chamada Nazar\u00e9,&nbsp;<sup>27<\/sup>a uma virgem, prometida em casamento a um homem chamado Jos\u00e9. Ele era descendente de Davi e o nome da virgem era Maria.&nbsp;<sup>28<\/sup>O anjo entrou onde ela estava e disse: \u201cAlegra-te, cheia de gra\u00e7a, o Senhor est\u00e1 contigo!\u201d&nbsp;<sup>29<\/sup>Maria ficou perturbada com essas palavras e come\u00e7ou a pensar qual seria o significado da sauda\u00e7\u00e3o.&nbsp;<sup>30<\/sup>O anjo, ent\u00e3o, disse-lhe: \u201cN\u00e3o tenhas medo, Maria, porque encontraste gra\u00e7a diante de Deus.&nbsp;<sup>31<\/sup>Eis que conceber\u00e1s e dar\u00e1s \u00e0 luz um filho, a quem por\u00e1s o nome de Jesus.&nbsp;<sup>32<\/sup>Ele ser\u00e1 grande, ser\u00e1 chamado Filho do Alt\u00edssimo, e o Senhor Deus lhe dar\u00e1 o trono de seu pai Davi.&nbsp;<sup>33<\/sup>Ele reinar\u00e1 para sempre sobre os descendentes de Jac\u00f3, e o seu reino n\u00e3o ter\u00e1 fim\u201d.&nbsp;<sup>34<\/sup>Maria perguntou ao anjo: \u201cComo acontecer\u00e1 isso se eu n\u00e3o conhe\u00e7o homem algum?\u201d&nbsp;<sup>35<\/sup>O anjo respondeu: \u201cO Esp\u00edrito vir\u00e1 sobre ti e o poder do Alt\u00edssimo te cobrir\u00e1 com sua sombra. Por isso, o menino que vai nascer ser\u00e1 chamado Santo, Filho de Deus.&nbsp;<sup>36<\/sup>Tamb\u00e9m Isabel, tua parenta, concebeu um filho na velhice. Este j\u00e1 \u00e9 o sexto m\u00eas daquela que era considerada est\u00e9ril,&nbsp;<sup>37<\/sup>porque para Deus nada \u00e9 imposs\u00edvel\u201d.&nbsp;<sup>38<\/sup>Maria, ent\u00e3o, disse: \u201cEis aqui a serva do Senhor; fa\u00e7a-se em mim segundo a tua palavra!\u201d E o anjo retirou-se. \u2013 Palavra da salva\u00e7\u00e3o.Reflex\u00e3o:<\/p>\n\n\n\n<p><em>A data de 25 de mar\u00e7o corresponde \u00e0 de 25 de dezembro, da qual se distancia exatamente nove meses, tempo da gesta\u00e7\u00e3o de Maria. A Anuncia\u00e7\u00e3o \u00e9 uma verdadeira festa da encarna\u00e7\u00e3o do Verbo. Deus escolheu Maria para cooperar ativamente no mist\u00e9rio da reden\u00e7\u00e3o humana e anunciou-lhe, pelo anjo, a sua vontade. Por sua virgindade, sua f\u00e9 e sua disponibilidade interior, Maria correspondia perfeitamente aos requisitos divinos. Nesse dia, Maria fica sabendo que \u201cencontrou gra\u00e7a junto de Deus\u201d e que vai conceber um filho. Ele ser\u00e1 o Santo, o Filho do Alt\u00edssimo: \u201cPelo an\u00fancio do anjo ela acolheu no cora\u00e7\u00e3o e no corpo o Verbo de Deus e trouxe a vida ao mundo\u201d (Lumen Gentium, 53). Realiza-se, desse modo, a profecia de Isa\u00edas: Deus se torna o Emanuel, o Deus conosco.<\/em><\/p>\n","protected":false},"excerpt":{"rendered":"<p>Ao entrar no mundo, Cristo disse: Eis-me aqui, \u00f3 Pai, para fazer a tua vontade (Hb 10,5.7). A solenidade da Anuncia\u00e7\u00e3o recorda a encarna\u00e7\u00e3o do Senhor, que d\u00e1 in\u00edcio a uma nova hist\u00f3ria&#8230;.<\/p>\n","protected":false},"author":2,"featured_media":20007,"comment_status":"open","ping_status":"open","sticky":false,"template":"","format":"standard","meta":[],"categories":[7],"tags":[],"_links":{"self":[{"href":"https:\/\/www.salvatorianas.org.br\/blog\/wp-json\/wp\/v2\/posts\/20005"}],"collection":[{"href":"https:\/\/www.salvatorianas.org.br\/blog\/wp-json\/wp\/v2\/posts"}],"about":[{"href":"https:\/\/www.salvatorianas.org.br\/blog\/wp-json\/wp\/v2\/types\/post"}],"author":[{"embeddable":true,"href":"https:\/\/www.salvatorianas.org.br\/blog\/wp-json\/wp\/v2\/users\/2"}],"replies":[{"embeddable":true,"href":"https:\/\/www.salvatorianas.org.br\/blog\/wp-json\/wp\/v2\/comments?post=20005"}],"version-history":[{"count":1,"href":"https:\/\/www.salvatorianas.org.br\/blog\/wp-json\/wp\/v2\/posts\/20005\/revisions"}],"predecessor-version":[{"id":20008,"href":"https:\/\/www.salvatorianas.org.br\/blog\/wp-json\/wp\/v2\/posts\/20005\/revisions\/20008"}],"wp:featuredmedia":[{"embeddable":true,"href":"https:\/\/www.salvatorianas.org.br\/blog\/wp-json\/wp\/v2\/media\/20007"}],"wp:attachment":[{"href":"https:\/\/www.salvatorianas.org.br\/blog\/wp-json\/wp\/v2\/media?parent=20005"}],"wp:term":[{"taxonomy":"category","embeddable":true,"href":"https:\/\/www.salvatorianas.org.br\/blog\/wp-json\/wp\/v2\/categories?post=20005"},{"taxonomy":"post_tag","embeddable":true,"href":"https:\/\/www.salvatorianas.org.br\/blog\/wp-json\/wp\/v2\/tags?post=20005"}],"curies":[{"name":"wp","href":"https:\/\/api.w.org\/{rel}","templated":true}]}}