{"id":19969,"date":"2023-03-19T14:26:14","date_gmt":"2023-03-19T14:26:14","guid":{"rendered":"https:\/\/www.salvatorianas.org.br\/blog\/?p=19969"},"modified":"2023-03-21T19:46:14","modified_gmt":"2023-03-21T19:46:14","slug":"ecos-do-segundo-dia-da-assembleia-provincial-18-03-2023","status":"publish","type":"post","link":"https:\/\/www.salvatorianas.org.br\/blog\/ecos-do-segundo-dia-da-assembleia-provincial-18-03-2023\/","title":{"rendered":"Ecos do segundo dia da assembleia Provincial &#8211; 18\/03\/2023"},"content":{"rendered":"\n<p><\/p>\n\n\n\n<p><\/p>\n\n\n\n<p>\u201cO sol nasceu, \u00e9 um novo dia bendito seja Deus quanta alegria\u201d. Com este mantra iniciamos o dia, seguindo do momento de espiritualidade motivada pelo regional de Videira que nos levaram a refletir, rezar e aprofundar por meio de s\u00edmbolos e da partilha do p\u00e3o, o texto b\u00edblico e o tema da Campanha da Fraternidade 2023: Fraternidade e Fome. \u201cDai-lhes v\u00f3s mesmos de comer\u201d.<\/p>\n\n\n\n<p>\u201cO que vimos ouvimos, experimentamos vos anunciamos\u201d. Em seguida foi destinado tempo para a realiza\u00e7\u00e3o das assembleias do IEAS e da Organiza\u00e7\u00e3o religiosa. Na din\u00e2mica da Campanha da Fraternidade fizemos a partilha, em pequenos grupos, dos relat\u00f3rios das atividades realizadas em toda rede salvatoriana. Cada grupo recebeu um prato para \u201cencher\u201d com as palavras significativas que brotaram dos relat\u00f3rios. Durantes as assembleias do IEAS e da Organiza\u00e7\u00e3o religiosa tivemos a oportunidade de ver a realidade de toda a miss\u00e3o, nos alegrar com as conquistas e, frente aos desafios, tomar decis\u00f5es e aprovar a\u00e7\u00f5es a serem desenvolvidas durante o quadri\u00eanio para responder ao carisma e aos apelos que vem da miss\u00e3o onde estamos inseridas.<\/p>\n\n\n\n<p>Nos alegramos escutando a partilha das Ir. Lisete Buganti e da Ir. Maria Jos\u00e9 Vieira sobre a abertura da comunidade interprovincial em Humait\u00e1- Amaz\u00f4nia. Foi uma experi\u00eancia de muita alegria e profunda acolhida&nbsp; pela comunidade, lideran\u00e7as e religiosos. Tamb\u00e9m acompanhamos a partilha do gestor Jairo Rambo sobre a visita que fez a Miss\u00e3o Salvatoriana em Mo\u00e7ambique.<\/p>\n\n\n\n<p>O dia foi conclu\u00eddo com uma celebra\u00e7\u00e3o Eucar\u00edstica presidida pelo Pe. Cesar Barros \u2013 Salvatoriano.&nbsp;<\/p>\n\n\n\n<p><\/p>\n\n\n\n<figure class=\"wp-block-image size-large\"><img decoding=\"async\" loading=\"lazy\" width=\"905\" height=\"1024\" src=\"https:\/\/www.salvatorianas.org.br\/blog\/wp-content\/uploads\/2023\/03\/1.b-905x1024.jpg\" alt=\"\" class=\"wp-image-19971\" srcset=\"https:\/\/www.salvatorianas.org.br\/blog\/wp-content\/uploads\/2023\/03\/1.b-905x1024.jpg 905w, https:\/\/www.salvatorianas.org.br\/blog\/wp-content\/uploads\/2023\/03\/1.b-265x300.jpg 265w, https:\/\/www.salvatorianas.org.br\/blog\/wp-content\/uploads\/2023\/03\/1.b-768x869.jpg 768w, https:\/\/www.salvatorianas.org.br\/blog\/wp-content\/uploads\/2023\/03\/1.b.jpg 1102w\" sizes=\"(max-width: 905px) 100vw, 905px\" \/><\/figure>\n\n\n\n<figure class=\"wp-block-image size-full\"><img decoding=\"async\" loading=\"lazy\" width=\"848\" height=\"633\" src=\"https:\/\/www.salvatorianas.org.br\/blog\/wp-content\/uploads\/2023\/03\/1.c.jpg\" alt=\"\" class=\"wp-image-19972\" srcset=\"https:\/\/www.salvatorianas.org.br\/blog\/wp-content\/uploads\/2023\/03\/1.c.jpg 848w, https:\/\/www.salvatorianas.org.br\/blog\/wp-content\/uploads\/2023\/03\/1.c-300x224.jpg 300w, https:\/\/www.salvatorianas.org.br\/blog\/wp-content\/uploads\/2023\/03\/1.c-768x573.jpg 768w\" sizes=\"(max-width: 848px) 100vw, 848px\" \/><\/figure>\n\n\n\n<p><\/p>\n\n\n\n<figure class=\"wp-block-image size-full\"><img decoding=\"async\" loading=\"lazy\" width=\"958\" height=\"691\" src=\"https:\/\/www.salvatorianas.org.br\/blog\/wp-content\/uploads\/2023\/03\/1.d.jpg\" alt=\"\" class=\"wp-image-19973\" srcset=\"https:\/\/www.salvatorianas.org.br\/blog\/wp-content\/uploads\/2023\/03\/1.d.jpg 958w, https:\/\/www.salvatorianas.org.br\/blog\/wp-content\/uploads\/2023\/03\/1.d-300x216.jpg 300w, https:\/\/www.salvatorianas.org.br\/blog\/wp-content\/uploads\/2023\/03\/1.d-768x554.jpg 768w\" sizes=\"(max-width: 958px) 100vw, 958px\" \/><\/figure>\n\n\n\n<figure class=\"wp-block-image size-large\"><img decoding=\"async\" loading=\"lazy\" width=\"797\" height=\"1024\" src=\"https:\/\/www.salvatorianas.org.br\/blog\/wp-content\/uploads\/2023\/03\/1.g-797x1024.jpg\" alt=\"\" class=\"wp-image-19976\" srcset=\"https:\/\/www.salvatorianas.org.br\/blog\/wp-content\/uploads\/2023\/03\/1.g-797x1024.jpg 797w, https:\/\/www.salvatorianas.org.br\/blog\/wp-content\/uploads\/2023\/03\/1.g-233x300.jpg 233w, https:\/\/www.salvatorianas.org.br\/blog\/wp-content\/uploads\/2023\/03\/1.g-768x987.jpg 768w, https:\/\/www.salvatorianas.org.br\/blog\/wp-content\/uploads\/2023\/03\/1.g.jpg 960w\" sizes=\"(max-width: 797px) 100vw, 797px\" \/><\/figure>\n\n\n\n<p><\/p>\n\n\n\n<figure class=\"wp-block-image size-full\"><img decoding=\"async\" loading=\"lazy\" width=\"815\" height=\"576\" src=\"https:\/\/www.salvatorianas.org.br\/blog\/wp-content\/uploads\/2023\/03\/3333333.jpg\" alt=\"\" class=\"wp-image-19977\" srcset=\"https:\/\/www.salvatorianas.org.br\/blog\/wp-content\/uploads\/2023\/03\/3333333.jpg 815w, https:\/\/www.salvatorianas.org.br\/blog\/wp-content\/uploads\/2023\/03\/3333333-300x212.jpg 300w, https:\/\/www.salvatorianas.org.br\/blog\/wp-content\/uploads\/2023\/03\/3333333-768x543.jpg 768w\" sizes=\"(max-width: 815px) 100vw, 815px\" \/><\/figure>\n\n\n\n<figure class=\"wp-block-image size-full\"><img decoding=\"async\" loading=\"lazy\" width=\"1001\" height=\"759\" src=\"https:\/\/www.salvatorianas.org.br\/blog\/wp-content\/uploads\/2023\/03\/888888.jpg\" alt=\"\" class=\"wp-image-19979\" srcset=\"https:\/\/www.salvatorianas.org.br\/blog\/wp-content\/uploads\/2023\/03\/888888.jpg 1001w, https:\/\/www.salvatorianas.org.br\/blog\/wp-content\/uploads\/2023\/03\/888888-300x227.jpg 300w, https:\/\/www.salvatorianas.org.br\/blog\/wp-content\/uploads\/2023\/03\/888888-768x582.jpg 768w\" sizes=\"(max-width: 1001px) 100vw, 1001px\" \/><\/figure>\n\n\n\n<p><\/p>\n\n\n\n<figure class=\"wp-block-image size-full\"><img decoding=\"async\" loading=\"lazy\" width=\"720\" height=\"654\" src=\"https:\/\/www.salvatorianas.org.br\/blog\/wp-content\/uploads\/2023\/03\/9999.jpg\" alt=\"\" class=\"wp-image-19980\" srcset=\"https:\/\/www.salvatorianas.org.br\/blog\/wp-content\/uploads\/2023\/03\/9999.jpg 720w, https:\/\/www.salvatorianas.org.br\/blog\/wp-content\/uploads\/2023\/03\/9999-300x273.jpg 300w\" sizes=\"(max-width: 720px) 100vw, 720px\" \/><\/figure>\n\n\n\n<figure class=\"wp-block-image size-full\"><img decoding=\"async\" loading=\"lazy\" width=\"1013\" height=\"768\" src=\"https:\/\/www.salvatorianas.org.br\/blog\/wp-content\/uploads\/2023\/03\/1010101010.jpg\" alt=\"\" class=\"wp-image-19981\" srcset=\"https:\/\/www.salvatorianas.org.br\/blog\/wp-content\/uploads\/2023\/03\/1010101010.jpg 1013w, https:\/\/www.salvatorianas.org.br\/blog\/wp-content\/uploads\/2023\/03\/1010101010-300x227.jpg 300w, https:\/\/www.salvatorianas.org.br\/blog\/wp-content\/uploads\/2023\/03\/1010101010-768x582.jpg 768w\" sizes=\"(max-width: 1013px) 100vw, 1013px\" \/><\/figure>\n\n\n\n<p><\/p>\n\n\n\n<p><\/p>\n\n\n\n<p><\/p>\n","protected":false},"excerpt":{"rendered":"<p>\u201cO sol nasceu, \u00e9 um novo dia bendito seja Deus quanta alegria\u201d. Com este mantra iniciamos o dia, seguindo do momento de espiritualidade motivada pelo regional de Videira que nos levaram a refletir,&#8230;<\/p>\n","protected":false},"author":2,"featured_media":19970,"comment_status":"open","ping_status":"open","sticky":false,"template":"","format":"standard","meta":[],"categories":[1],"tags":[],"_links":{"self":[{"href":"https:\/\/www.salvatorianas.org.br\/blog\/wp-json\/wp\/v2\/posts\/19969"}],"collection":[{"href":"https:\/\/www.salvatorianas.org.br\/blog\/wp-json\/wp\/v2\/posts"}],"about":[{"href":"https:\/\/www.salvatorianas.org.br\/blog\/wp-json\/wp\/v2\/types\/post"}],"author":[{"embeddable":true,"href":"https:\/\/www.salvatorianas.org.br\/blog\/wp-json\/wp\/v2\/users\/2"}],"replies":[{"embeddable":true,"href":"https:\/\/www.salvatorianas.org.br\/blog\/wp-json\/wp\/v2\/comments?post=19969"}],"version-history":[{"count":4,"href":"https:\/\/www.salvatorianas.org.br\/blog\/wp-json\/wp\/v2\/posts\/19969\/revisions"}],"predecessor-version":[{"id":19992,"href":"https:\/\/www.salvatorianas.org.br\/blog\/wp-json\/wp\/v2\/posts\/19969\/revisions\/19992"}],"wp:featuredmedia":[{"embeddable":true,"href":"https:\/\/www.salvatorianas.org.br\/blog\/wp-json\/wp\/v2\/media\/19970"}],"wp:attachment":[{"href":"https:\/\/www.salvatorianas.org.br\/blog\/wp-json\/wp\/v2\/media?parent=19969"}],"wp:term":[{"taxonomy":"category","embeddable":true,"href":"https:\/\/www.salvatorianas.org.br\/blog\/wp-json\/wp\/v2\/categories?post=19969"},{"taxonomy":"post_tag","embeddable":true,"href":"https:\/\/www.salvatorianas.org.br\/blog\/wp-json\/wp\/v2\/tags?post=19969"}],"curies":[{"name":"wp","href":"https:\/\/api.w.org\/{rel}","templated":true}]}}