{"id":19963,"date":"2023-03-18T22:17:19","date_gmt":"2023-03-18T22:17:19","guid":{"rendered":"https:\/\/www.salvatorianas.org.br\/blog\/?p=19963"},"modified":"2023-03-20T16:27:20","modified_gmt":"2023-03-20T16:27:20","slug":"sao-jose-com-coracao-de-pai-rogai-por-nos","status":"publish","type":"post","link":"https:\/\/www.salvatorianas.org.br\/blog\/sao-jose-com-coracao-de-pai-rogai-por-nos\/","title":{"rendered":"S\u00c3O JOS\u00c9, COM CORA\u00c7\u00c3O DE PAI, ROGAI POR N\u00d3S!"},"content":{"rendered":"\n<figure class=\"wp-block-image size-full\"><img decoding=\"async\" loading=\"lazy\" width=\"960\" height=\"960\" src=\"https:\/\/www.salvatorianas.org.br\/blog\/wp-content\/uploads\/2023\/03\/modelo.jpg\" alt=\"\" class=\"wp-image-19964\" srcset=\"https:\/\/www.salvatorianas.org.br\/blog\/wp-content\/uploads\/2023\/03\/modelo.jpg 960w, https:\/\/www.salvatorianas.org.br\/blog\/wp-content\/uploads\/2023\/03\/modelo-300x300.jpg 300w, https:\/\/www.salvatorianas.org.br\/blog\/wp-content\/uploads\/2023\/03\/modelo-150x150.jpg 150w, https:\/\/www.salvatorianas.org.br\/blog\/wp-content\/uploads\/2023\/03\/modelo-768x768.jpg 768w\" sizes=\"(max-width: 960px) 100vw, 960px\" \/><\/figure>\n\n\n\n<p><\/p>\n\n\n\n<p>Nesse m\u00eas de mar\u00e7o, celebramos a <strong>Solenidade de S\u00e3o Jos\u00e9<\/strong>, pai adotivo de Jesus, patrono da Igreja, protetor da Fam\u00edlia Sagrada e padroeiro de nossa Congrega\u00e7\u00e3o. Recentemente o Papa Francisco presenteou a Igreja com uma Carta Apost\u00f3lica sobre a figura de Jos\u00e9; a carta chama-se, em l\u00edngua latina, <strong><em>\u201cPatris Corde\u201d \u2013 \u201cCom Cora\u00e7\u00e3o de Pai\u201d. <\/em><\/strong>Vamos ver alguns pontos de destaque da Carta.<\/p>\n\n\n\n<p>O Papa Francisco come\u00e7a relembrando passagens b\u00edblicas sobre S\u00e3o Jos\u00e9, que n\u00e3o profere uma palavra sequer nos Evangelhos. Depois, relembra o magist\u00e9rio dos Papas anteriores, que falam muito de S\u00e3o Jos\u00e9 e proclamam-no Padroeiro da Igreja, dos Oper\u00e1rios, Guardi\u00e3o do Redentor, Patrono da Boa Morte. Lembrando de todos os que, no sil\u00eancio e \u201cescondidos\u201d, tem protagonismo na hist\u00f3ria da salva\u00e7\u00e3o, Francisco come\u00e7a uma reflex\u00e3o dividida em sete <strong><em>caracter\u00edsticas de S\u00e3o Jos\u00e9:<\/em><\/strong><\/p>\n\n\n\n<p>1. <strong>Pai amado:<\/strong> a vida de Jos\u00e9 foi um servi\u00e7o ao minist\u00e9rio divino, doou-se totalmente \u00e1 Sagrada Fam\u00edlia. \u00c9 por isso que \u00e9 t\u00e3o amado pela Igreja de todos os tempos, e \u00e9 invocado por in\u00fameros santas e santos. Essa confian\u00e7a do povo em S\u00e3o Jos\u00e9 consiste no fato de que ele amou e cuidou, com todas as for\u00e7as, da Sagrada Fam\u00edlia.<\/p>\n\n\n\n<p><strong>2. Pai na ternura:<\/strong> Jos\u00e9 foi mais do que um tutor para Jesus, mas um verdadeiro pai. Conduziu, ensinou, ouviu, orientou Jesus na sua inf\u00e2ncia, adolesc\u00eancia e juventude. Jos\u00e9 sabia de suas limita\u00e7\u00f5es e fraquezas, mas \u00e9 precisamente por isso que Deus conta com nossas fraquezas pra fazer acontecer seu projeto! E, mesmo nas dificuldades, Jos\u00e9 n\u00e3o perdeu a ternura, que \u00e9 uma virtude divina; nas palavras de Francisco, \u201c\u00e9 a melhor forma para tocar o que h\u00e1 de fr\u00e1gil em n\u00f3s\u201d (n. 2).<\/p>\n\n\n\n<p><strong>3. Pai na obedi\u00eancia:<\/strong> Deus se relevou a Jos\u00e9 pelo sonho. Pensando em abandonar Maria em seu segredo, Deus interv\u00e9m pelo Anjo; pela obedi\u00eancia a Deus, Jos\u00e9 aceita o projeto do Senhor, A pr\u00f3pria viagem de Nazar\u00e9 a Bel\u00e9m, onde o Salvador nasceria, foi para Jos\u00e9 um ato de obedi\u00eancia, Jos\u00e9 ensinou a Jesus a virtude da obedi\u00eancia: \u201cJesus retornou com eles a Nazar\u00e9 e lhes era obediente\u201d (Lc 2,51). Foi essa mesma obedi\u00eancia que Jesus manifestou a Deus, Pai quando chegou a sua <strong><em>hora<\/em><\/strong>.<\/p>\n\n\n\n<p><strong>4. Pai no acolhimento:<\/strong> acolheu Maria sem impor condi\u00e7\u00f5es, apenas confiou. Acolheu Jesus com amor; Jos\u00e9 deixou de lado a \u201cl\u00f3gica humana\u201d para <strong><em>acolher a mensagem de Deus. <\/em><\/strong>\u00c0s vezes, em nossa vida, as coisas saem da l\u00f3gica natural, mas \u00e9 precisamente nesses momentos que precisamos fazer o que Jos\u00e9 fez: acolher, com coragem e for\u00e7a, a vontade de Deus, mesmo quando ela n\u00e3o concorda com a nossa. Diz o Papa que \u201ca f\u00e9 que Cristo nos \u00e9 a que vemos em S\u00e3o Jos\u00e9, que n\u00e3o procura atalhos\u201d (n. 4)<\/p>\n\n\n\n<p><strong>5. Pai com coragem criativa:<\/strong> Deus n\u00e3o interv\u00e9m direta e claramente, mas por meio de acontecimentos e pessoas; o senhor Deus confia na coragem criativa de Jos\u00e9 para salvar a Fam\u00edlia Sagrada do perigo. \u00c9 preciso que tenhamos a coragem criativa que teve Jos\u00e9, para encontrar meios de fazer crescer, ao nosso redor, \u201cvida, e a vida em abund\u00e2ncia\u201d (Jo 10,10). Deus confiou em Jos\u00e9; confia em voc\u00ea tamb\u00e9m! \u00c9 por isso que precisamos cuidar do \u201cMenino\u201d que continua presente em cada pessoa necessitada, e amar a Igreja colocando-se \u00e1 disposi\u00e7\u00e3o de todos; isso \u00e9 \u201ccuidar do Menino e sua M\u00e3e\u201d.<\/p>\n\n\n\n<p><strong>6. Pai trabalhador:<\/strong> frequentemente, Jos\u00e9 \u00e9 invocado como o \u201csanto oper\u00e1rio\u201d, especialmente no dia 01 de maio, quando \u00e9 invocado sob o t\u00edtulo de \u201cS\u00e3o Jos\u00e9 Oper\u00e1rio\u201d. O trabalho \u00e9 participa\u00e7\u00e3o na obra da salva\u00e7\u00e3o, desenvolve as potencialidades humanas, dignifica a pessoa. \u00c9 preciso redescobrir a import\u00e2ncia do trabalho, e Jos\u00e9 pode nos ajudar nisso, lembrando-nos que Deus que se fez homem, Jesus de Nazar\u00e9, n\u00e3o fez pouco caso do trabalho.<\/p>\n\n\n\n<p><strong>7. Pai na sombra:<\/strong> Jos\u00e9 tornou-se pai, cuidando de forma respons\u00e1vel de Jesus. Diz o Papa: \u201cNa sociedade atual, muitas vezes os filhos parecem ser \u00f3rf\u00e3os de pai. A pr\u00f3pria igreja de hoje precisa de pai\u201d (n. 7). Ser pai \u00e9 introduzir o filho na realidade, torna-lo capaz de op\u00e7\u00f5es. Jos\u00e9 \u00e9 chamado de \u201ccast\u00edssimo\u201d; \u00e9 a s\u00edntese de uma atitude de liberdade. O amor s\u00f3 \u00e9 amor quando \u00e9 casto, ou seja, livre, sem pris\u00f5es. Jos\u00e9 viveu o \u201cdom de si\u201d: deu-se totalmente, Francisco reflete que uma pessoa casada, um padre, uma religiosa que n\u00e3o se d\u00e1 a si mesmo, e fica preso apenas no que \u00e9 \u201csacrif\u00edcio\u201d, corre o risco de ficar infeliz.<\/p>\n\n\n\n<p>Que essa Carta Apost\u00f3lica nos ajude a refletir sobre a grandeza de S\u00e3o Jos\u00e9 e de suas virtudes! Imitemos seu exemplo de amor, obedi\u00eancia e cuidado. Neste Terceiro Ano Vocacional, Deus nos aben\u00e7oe e nos fa\u00e7a, cada dia mais, cuidadores da Vida e semeadores de Esperan\u00e7a!<\/p>\n\n\n\n<p><strong><em>Luan R. Oliveira <\/em><\/strong><strong><\/strong><\/p>\n\n\n\n<p><strong><em>Animador Vocacional Diocesano &#8211; <\/em><\/strong><strong>Diocese de Lages\/SC<\/strong><\/p>\n","protected":false},"excerpt":{"rendered":"<p>Nesse m\u00eas de mar\u00e7o, celebramos a Solenidade de S\u00e3o Jos\u00e9, pai adotivo de Jesus, patrono da Igreja, protetor da Fam\u00edlia Sagrada e padroeiro de nossa Congrega\u00e7\u00e3o. Recentemente o Papa Francisco presenteou a Igreja&#8230;<\/p>\n","protected":false},"author":2,"featured_media":0,"comment_status":"open","ping_status":"open","sticky":false,"template":"","format":"standard","meta":[],"categories":[1],"tags":[],"_links":{"self":[{"href":"https:\/\/www.salvatorianas.org.br\/blog\/wp-json\/wp\/v2\/posts\/19963"}],"collection":[{"href":"https:\/\/www.salvatorianas.org.br\/blog\/wp-json\/wp\/v2\/posts"}],"about":[{"href":"https:\/\/www.salvatorianas.org.br\/blog\/wp-json\/wp\/v2\/types\/post"}],"author":[{"embeddable":true,"href":"https:\/\/www.salvatorianas.org.br\/blog\/wp-json\/wp\/v2\/users\/2"}],"replies":[{"embeddable":true,"href":"https:\/\/www.salvatorianas.org.br\/blog\/wp-json\/wp\/v2\/comments?post=19963"}],"version-history":[{"count":2,"href":"https:\/\/www.salvatorianas.org.br\/blog\/wp-json\/wp\/v2\/posts\/19963\/revisions"}],"predecessor-version":[{"id":19966,"href":"https:\/\/www.salvatorianas.org.br\/blog\/wp-json\/wp\/v2\/posts\/19963\/revisions\/19966"}],"wp:attachment":[{"href":"https:\/\/www.salvatorianas.org.br\/blog\/wp-json\/wp\/v2\/media?parent=19963"}],"wp:term":[{"taxonomy":"category","embeddable":true,"href":"https:\/\/www.salvatorianas.org.br\/blog\/wp-json\/wp\/v2\/categories?post=19963"},{"taxonomy":"post_tag","embeddable":true,"href":"https:\/\/www.salvatorianas.org.br\/blog\/wp-json\/wp\/v2\/tags?post=19963"}],"curies":[{"name":"wp","href":"https:\/\/api.w.org\/{rel}","templated":true}]}}