{"id":19960,"date":"2023-03-19T01:00:00","date_gmt":"2023-03-19T01:00:00","guid":{"rendered":"https:\/\/www.salvatorianas.org.br\/blog\/?p=19960"},"modified":"2023-03-18T17:22:21","modified_gmt":"2023-03-18T17:22:21","slug":"4o-domingo-da-quaresma","status":"publish","type":"post","link":"https:\/\/www.salvatorianas.org.br\/blog\/4o-domingo-da-quaresma\/","title":{"rendered":"4\u00ba Domingo da Quaresma"},"content":{"rendered":"\n<p>Alegra-te, Jerusal\u00e9m! Reuni-vos, v\u00f3s todos que a amais; v\u00f3s que estais tristes, exultai de alegria! Saciai-vos com a abund\u00e2ncia de suas consola\u00e7\u00f5es (Is 66,10s).<\/p>\n\n\n\n<p><em>Somos filhos e filhas da luz, reunidos para adorar o Senhor e celebrar a Eucaristia, a qual ilumina nossa vida e afasta as trevas que nos impedem de dedicar aten\u00e7\u00e3o \u00e0s necessidades do pr\u00f3ximo. Esta liturgia nos convida a viver na alegria de sermos conduzidos por Jesus: ele cura nossas cegueiras e nos permite ver e julgar as realidades do mundo com os olhos da f\u00e9.<\/em>Primeira Leitura:&nbsp;<strong>1 Samuel 16,1.6-7.10-13<\/strong><\/p>\n\n\n\n<p>Leitura do primeiro livro de Samuel \u2013 Naqueles dias, o Senhor disse a Samuel:&nbsp;<sup>1<\/sup>\u201cEnche o chifre de \u00f3leo e vem para que eu te envie \u00e0 casa de Jess\u00e9 de Bel\u00e9m, pois escolhi um rei para mim entre os seus filhos\u201d.&nbsp;<sup>6<\/sup>Assim que chegou, Samuel viu a Eliab e disse consigo: \u201cCertamente \u00e9 este o ungido do Senhor!\u201d&nbsp;<sup>7<\/sup>Mas o Senhor disse-lhe: \u201cN\u00e3o olhes para a sua apar\u00eancia nem para a sua grande estatura, porque eu o rejeitei. N\u00e3o julgo segundo os crit\u00e9rios do homem: o homem v\u00ea as apar\u00eancias, mas o Senhor olha o cora\u00e7\u00e3o\u201d.&nbsp;<sup>10<\/sup>Jess\u00e9 fez vir seus sete filhos \u00e0 presen\u00e7a de Samuel, mas Samuel disse: \u201cO Senhor n\u00e3o escolheu a nenhum deles\u201d.&nbsp;<sup>11<\/sup>E acrescentou: \u201cEst\u00e3o aqui todos os teus filhos?\u201d Jess\u00e9 respondeu: \u201cResta ainda o mais novo, que est\u00e1 apascentando as ovelhas\u201d. E Samuel ordenou a Jess\u00e9: \u201cManda busc\u00e1-lo, pois n\u00e3o nos sentaremos \u00e0 mesa enquanto ele n\u00e3o chegar\u201d.&nbsp;<sup>12<\/sup>Jess\u00e9 mandou busc\u00e1-lo. Era Davi, ruivo, de belos olhos e de formosa apar\u00eancia. E o Senhor disse: \u201cLevanta-te, unge-o: \u00e9 este!\u201d&nbsp;<sup>13<\/sup>Samuel tomou o chifre com \u00f3leo e ungiu a Davi na presen\u00e7a de seus irm\u00e3os. E a partir daquele dia o esp\u00edrito do Senhor se apoderou de Davi. \u2013 Palavra do Senhor.Salmo Responsorial:&nbsp;<strong>22(23)<\/strong><\/p>\n\n\n\n<p><em><strong>O Senhor \u00e9 o pastor que me conduz;&nbsp;\/&nbsp;n\u00e3o me falta coisa alguma.<\/strong><\/em><\/p>\n\n\n\n<p>1. O Senhor \u00e9 o pastor que me conduz;&nbsp;\/&nbsp;n\u00e3o me falta coisa alguma.&nbsp;\/&nbsp;Pelos prados e campinas verdejantes&nbsp;\/&nbsp;ele me leva a descansar.&nbsp;\/&nbsp;Para as \u00e1guas repousantes me encaminha&nbsp;\/&nbsp;e restaura as minhas for\u00e7as.&nbsp;\u2013 R.<\/p>\n\n\n\n<p>2. Ele me guia no caminho mais seguro,&nbsp;\/&nbsp;pela honra do seu nome.&nbsp;\/&nbsp;Mesmo que eu passe pelo vale tenebroso,&nbsp;\/&nbsp;nenhum mal eu temerei.&nbsp;\/&nbsp;Estais comigo com bast\u00e3o e com cajado,&nbsp;\/&nbsp;eles me d\u00e3o a seguran\u00e7a!&nbsp;\u00ad\u00ad- R.<\/p>\n\n\n\n<p>3. Preparais \u00e0 minha frente uma mesa,&nbsp;\/&nbsp;bem \u00e0 vista do inimigo;&nbsp;\/&nbsp;com \u00f3leo v\u00f3s ungis minha cabe\u00e7a,&nbsp;\/&nbsp;e o meu c\u00e1lice transborda.&nbsp;\u2013 R.<\/p>\n\n\n\n<p>4. Felicidade e todo bem h\u00e3o de seguir-me&nbsp;\/&nbsp;por toda a minha vida;&nbsp;\/&nbsp;e na casa do Senhor habitarei&nbsp;\/&nbsp;pelos tempos infinitos.&nbsp;\u2013 R.Segunda Leitura:&nbsp;<strong>Ef\u00e9sios 5,8-14<\/strong><\/p>\n\n\n\n<p>Leitura da carta de S\u00e3o Paulo aos Ef\u00e9sios \u2013 Irm\u00e3os,&nbsp;<sup>8<\/sup>outrora \u00e9reis trevas, mas agora sois luz no Senhor. Vivei como filhos da luz.&nbsp;<sup>9<\/sup>E o fruto da luz chama-se bondade, justi\u00e7a, verdade.&nbsp;<sup>10<\/sup>Discerni o que agrada ao Senhor.&nbsp;<sup>11<\/sup>N\u00e3o vos associeis \u00e0s obras das trevas, que n\u00e3o levam a nada; antes, desmascarai-as.&nbsp;<sup>12<\/sup>O que essa gente faz em segredo, tem vergonha at\u00e9 de diz\u00ea-lo.&nbsp;<sup>13<\/sup>Mas tudo que \u00e9 conden\u00e1vel torna-se manifesto pela luz; e tudo o que \u00e9 manifesto \u00e9 luz.&nbsp;<sup>14<\/sup>\u00c9 por isso que se diz: \u201cDesperta, tu que dormes, levanta-te dentre os mortos e sobre ti Cristo resplandecer\u00e1\u201d. \u2013 Palavra do Senhor.Evangelho:&nbsp;<strong>Jo\u00e3o 9,1-41 ou 1.6-9.13-17.34-38<\/strong><\/p>\n\n\n\n<p><strong>[A forma breve est\u00e1 entre colchetes.]<\/strong><\/p>\n\n\n\n<p><strong><em>Louvor e honra a v\u00f3s, Senhor Jesus.<\/em><\/strong><\/p>\n\n\n\n<p><strong>Pois eu sou a luz do mundo, quem nos diz \u00e9 o Senhor;&nbsp;\/&nbsp;e vai ter a luz da vida quem se faz meu seguidor! (Jo 8,12)&nbsp;\u2013 R.<\/strong><\/p>\n\n\n\n<p>Proclama\u00e7\u00e3o do Evangelho de Jesus Cristo segundo Jo\u00e3o \u2013&nbsp;<strong>[<\/strong>Naquele tempo,&nbsp;<sup>1<\/sup>ao passar, Jesus viu um homem cego de nascen\u00e7a.<strong>]<\/strong>&nbsp;<sup>2<\/sup>Os disc\u00edpulos perguntaram a Jesus: \u201cMestre, quem pecou para que nascesse cego: ele ou os seus pais?\u201d&nbsp;<sup>3<\/sup>Jesus respondeu: \u201cNem ele nem seus pais pecaram, mas isso serve para que as obras de Deus se manifestem nele.&nbsp;<sup>4<\/sup>\u00c9 necess\u00e1rio que n\u00f3s realizemos as obras daquele que me enviou, enquanto \u00e9 dia. Vem a noite, em que ningu\u00e9m pode trabalhar.&nbsp;<sup>5<\/sup>Enquanto estou no mundo, eu sou a luz do mundo\u201d.&nbsp;<sup>6<\/sup>Dito isso,&nbsp;<strong>[<\/strong>Jesus cuspiu no ch\u00e3o, fez lama com a saliva e colocou-a sobre os olhos do cego.&nbsp;<sup>7<\/sup>E disse-lhe: \u201cVai lavar-te na piscina de Silo\u00e9\u201d (que quer dizer \u201cEnviado\u201d). O cego foi, lavou-se e voltou enxergando.&nbsp;<sup>8<\/sup>Os vizinhos e os que costumavam ver o cego \u2013 pois ele era mendigo \u2013 diziam: \u201cN\u00e3o \u00e9 aquele que ficava pedindo esmola?\u201d&nbsp;<sup>9<\/sup>Uns diziam: \u201cSim, \u00e9 ele!\u201d Outros afirmavam: \u201cN\u00e3o \u00e9 ele, mas algu\u00e9m parecido com ele\u201d. Ele, por\u00e9m, dizia: \u201cSou eu mesmo!\u201d<strong>]<\/strong>&nbsp;<sup>10<\/sup>Ent\u00e3o lhe perguntaram: \u201cComo \u00e9 que se abriram os teus olhos?\u201d&nbsp;<sup>11<\/sup>Ele respondeu: \u201cAquele homem chamado Jesus fez lama, colocou-a nos meus olhos e disse-me: \u2018Vai a Silo\u00e9 e lava-te\u2019. Ent\u00e3o fui, lavei-me e comecei a ver\u201d.&nbsp;<sup>12<\/sup>Perguntaram-lhe: \u201cOnde est\u00e1 ele?\u201d Respondeu: \u201cN\u00e3o sei\u201d.&nbsp;<strong>[<\/strong><sup>13<\/sup>Levaram ent\u00e3o aos fariseus o homem que tinha sido cego.&nbsp;<sup>14<\/sup>Ora, era s\u00e1bado o dia em que Jesus tinha feito lama e aberto os olhos do cego.&nbsp;<sup>15<\/sup>Novamente, ent\u00e3o, lhe perguntaram os fariseus como tinha recuperado a vista. Respondeu-lhes: \u201cColocou lama sobre meus olhos, fui lavar-me e agora vejo!\u201d&nbsp;<sup>16<\/sup>Disseram, ent\u00e3o, alguns dos fariseus: \u201cEsse homem n\u00e3o vem de Deus, pois n\u00e3o guarda o s\u00e1bado\u201d. Mas outros diziam: \u201cComo pode um pecador fazer tais sinais?\u201d&nbsp;<sup>17<\/sup>E havia diverg\u00eancia entre eles. Perguntaram outra vez ao cego: \u201cE tu, que dizes daquele que te abriu os olhos?\u201d Respondeu: \u201c\u00c9 um profeta\u201d.<strong>]&nbsp;<\/strong><sup>18<\/sup>Ent\u00e3o os judeus n\u00e3o acreditaram que ele tinha sido cego e que tinha recuperado a vista. Chamaram os pais dele&nbsp;<sup>19<\/sup>e perguntaram-lhes: \u201cEste \u00e9 o vosso filho, que dizeis ter nascido cego? Como \u00e9 que ele agora est\u00e1 enxergando?\u201d&nbsp;<sup>20<\/sup>Os seus pais disseram: \u201cSabemos que este \u00e9 nosso filho e que nasceu cego.&nbsp;<sup>21<\/sup>Como agora est\u00e1 enxergando, isso n\u00e3o sabemos. E quem lhe abriu os olhos tamb\u00e9m n\u00e3o sabemos. Interrogai-o, ele \u00e9 maior de idade, ele pode falar por si mesmo\u201d.&nbsp;<sup>22<\/sup>Os seus pais disseram isso porque tinham medo das autoridades judaicas. De fato, os judeus j\u00e1 tinham combinado expulsar da comunidade quem declarasse que Jesus era o Messias.&nbsp;<sup>23<\/sup>Foi por isso que seus pais disseram: \u201c\u00c9 maior de idade. Interrogai-o a ele\u201d.&nbsp;<sup>24<\/sup>Ent\u00e3o, os judeus chamaram de novo o homem que tinha sido cego. Disseram-lhe: \u201cD\u00e1 gl\u00f3ria a Deus! N\u00f3s sabemos que esse homem \u00e9 um pecador\u201d.&nbsp;<sup>25<\/sup>Ent\u00e3o ele respondeu: \u201cSe ele \u00e9 pecador, n\u00e3o sei. S\u00f3 sei que eu era cego e agora vejo\u201d.&nbsp;<sup>26<\/sup>Perguntaram-lhe ent\u00e3o: \u201cQue \u00e9 que ele te fez? Como te abriu os olhos?\u201d&nbsp;<sup>27<\/sup>Respondeu ele: \u201cEu j\u00e1 vos disse, e n\u00e3o escutastes. Por que quereis ouvir de novo? Por acaso quereis tornar-vos disc\u00edpulos dele?\u201d&nbsp;<sup>28<\/sup>Ent\u00e3o, insultaram-no, dizendo: \u201cTu, sim, \u00e9s disc\u00edpulo dele! N\u00f3s somos disc\u00edpulos de Mois\u00e9s.&nbsp;<sup>29<\/sup>N\u00f3s sabemos que Deus falou a Mois\u00e9s, mas esse n\u00e3o sabemos de onde \u00e9\u201d.&nbsp;<sup>30<\/sup>Respondeu-lhes o homem: \u201cEspantoso! V\u00f3s n\u00e3o sabeis de onde ele \u00e9? No entanto, ele abriu-me os olhos!&nbsp;<sup>31<\/sup>Sabemos que Deus n\u00e3o escuta os pecadores, mas escuta aquele que \u00e9 piedoso e que faz a sua vontade.&nbsp;<sup>32<\/sup>Jamais se ouviu dizer que algu\u00e9m tenha aberto os olhos a um cego de nascen\u00e7a.&nbsp;<sup>33<\/sup>Se esse homem n\u00e3o viesse de Deus, n\u00e3o poderia fazer nada\u201d.&nbsp;<strong>[<\/strong><sup>34<\/sup>Os fariseus disseram-lhe: \u201cTu nasceste todo em pecado e est\u00e1s nos ensinando?\u201d E expulsaram-no da comunidade.&nbsp;<sup>35<\/sup>Jesus soube que o tinham expulsado. Encontrando-o, perguntou-lhe: \u201cAcreditas no Filho do Homem?\u201d&nbsp;<sup>36<\/sup>Respondeu ele: \u201cQuem \u00e9, Senhor, para que eu creia nele?\u201d&nbsp;<sup>37<\/sup>Jesus disse: \u201cTu o est\u00e1s vendo; \u00e9 aquele que est\u00e1 falando contigo\u201d. Exclamou ele:&nbsp;<sup>38<\/sup>\u201cEu creio, Senhor!\u201d E prostrou-se diante de Jesus.<strong>]<\/strong>&nbsp;<sup>39<\/sup>Ent\u00e3o, Jesus disse: \u201cEu vim a este mundo para exercer um julgamento, a fim de que os que n\u00e3o veem vejam e os que veem se tornem cegos\u201d.&nbsp;<sup>40<\/sup>Alguns fariseus, que estavam com ele, ouviram isso e lhe disseram: \u201cPorventura tamb\u00e9m n\u00f3s somos cegos?\u201d&nbsp;<sup>41<\/sup>Respondeu-lhes Jesus: \u201cSe f\u00f4sseis cegos, n\u00e3o ter\u00edeis culpa; mas como dizeis \u2018n\u00f3s vemos\u2019, o vosso pecado permanece\u201d. \u2013 Palavra da salva\u00e7\u00e3o.Reflex\u00e3o:<\/p>\n\n\n\n<p><em>A cura do cego de nascimento recorda o nosso batismo. Fomos lavados pela \u00e1gua, s\u00edmbolo de purifica\u00e7\u00e3o e vida nova, e ungidos com \u00f3leo, s\u00edmbolo da for\u00e7a de Deus para a miss\u00e3o nova que assumimos. H\u00e1 um contraste entre o caminho percorrido pelo cego e a atitude radical e inflex\u00edvel das autoridades religiosas. O cego parte da cegueira f\u00edsica, da total depend\u00eancia, para a total autonomia, pr\u00f3pria de quem v\u00ea; e da ignor\u00e2ncia religiosa para a liberta\u00e7\u00e3o interior da f\u00e9. Os dirigentes judeus, ao contr\u00e1rio, permanecem incr\u00e9dulos em rela\u00e7\u00e3o a Cristo, \u201cluz do mundo\u201d. Enxergam fisicamente, mas o cora\u00e7\u00e3o deles est\u00e1 longe de acolher as a\u00e7\u00f5es libertadoras de Jesus. Preferem manter o povo dominado e explorado. A nosso respeito, Jesus diz: \u201cVoc\u00eas s\u00e3o a luz do mundo\u201d (Mt 5,14). Somos?<\/em><\/p>\n","protected":false},"excerpt":{"rendered":"<p>Alegra-te, Jerusal\u00e9m! Reuni-vos, v\u00f3s todos que a amais; v\u00f3s que estais tristes, exultai de alegria! Saciai-vos com a abund\u00e2ncia de suas consola\u00e7\u00f5es (Is 66,10s). Somos filhos e filhas da luz, reunidos para adorar&#8230;<\/p>\n","protected":false},"author":2,"featured_media":19961,"comment_status":"open","ping_status":"open","sticky":false,"template":"","format":"standard","meta":[],"categories":[7],"tags":[],"_links":{"self":[{"href":"https:\/\/www.salvatorianas.org.br\/blog\/wp-json\/wp\/v2\/posts\/19960"}],"collection":[{"href":"https:\/\/www.salvatorianas.org.br\/blog\/wp-json\/wp\/v2\/posts"}],"about":[{"href":"https:\/\/www.salvatorianas.org.br\/blog\/wp-json\/wp\/v2\/types\/post"}],"author":[{"embeddable":true,"href":"https:\/\/www.salvatorianas.org.br\/blog\/wp-json\/wp\/v2\/users\/2"}],"replies":[{"embeddable":true,"href":"https:\/\/www.salvatorianas.org.br\/blog\/wp-json\/wp\/v2\/comments?post=19960"}],"version-history":[{"count":1,"href":"https:\/\/www.salvatorianas.org.br\/blog\/wp-json\/wp\/v2\/posts\/19960\/revisions"}],"predecessor-version":[{"id":19962,"href":"https:\/\/www.salvatorianas.org.br\/blog\/wp-json\/wp\/v2\/posts\/19960\/revisions\/19962"}],"wp:featuredmedia":[{"embeddable":true,"href":"https:\/\/www.salvatorianas.org.br\/blog\/wp-json\/wp\/v2\/media\/19961"}],"wp:attachment":[{"href":"https:\/\/www.salvatorianas.org.br\/blog\/wp-json\/wp\/v2\/media?parent=19960"}],"wp:term":[{"taxonomy":"category","embeddable":true,"href":"https:\/\/www.salvatorianas.org.br\/blog\/wp-json\/wp\/v2\/categories?post=19960"},{"taxonomy":"post_tag","embeddable":true,"href":"https:\/\/www.salvatorianas.org.br\/blog\/wp-json\/wp\/v2\/tags?post=19960"}],"curies":[{"name":"wp","href":"https:\/\/api.w.org\/{rel}","templated":true}]}}