{"id":19957,"date":"2023-03-18T17:18:18","date_gmt":"2023-03-18T17:18:18","guid":{"rendered":"https:\/\/www.salvatorianas.org.br\/blog\/?p=19957"},"modified":"2023-03-18T17:18:19","modified_gmt":"2023-03-18T17:18:19","slug":"sao-jose-esposo-da-virgem-maria-sabado","status":"publish","type":"post","link":"https:\/\/www.salvatorianas.org.br\/blog\/sao-jose-esposo-da-virgem-maria-sabado\/","title":{"rendered":"S\u00e3o Jos\u00e9, Esposo da Virgem Maria | S\u00e1bado"},"content":{"rendered":"\n<p><strong>S\u00c3O JOS\u00c9<\/strong><\/p>\n\n\n\n<p><em><strong>ESPOSO DE MARIA E PADROEIRO DA IGREJA<\/strong><\/em><\/p>\n\n\n\n<p>Eis o servo fiel e prudente a quem o Senhor confiou a sua casa (Lc 12,42).<\/p>\n\n\n\n<p><em>Jos\u00e9, chefe da fam\u00edlia de Nazar\u00e9, humilde, justo, modelo dos trabalhadores e patrono universal da Igreja, cumpriu com fidelidade a vontade divina. Foi servo atencioso no momento da anuncia\u00e7\u00e3o e no cuidado com Maria e com o menino Jesus. Confiando em sua poderosa intercess\u00e3o, rezemos em favor de nossas fam\u00edlias e pela paz no mundo.<\/em>Primeira Leitura:&nbsp;<strong>2 Samuel 7,4-5.12-14.16<\/strong><\/p>\n\n\n\n<p>Leitura do segundo livro de Samuel \u2013 Naqueles dias,&nbsp;<sup>4<\/sup>a palavra do Senhor foi dirigida a Nat\u00e3 nestes termos:&nbsp;<sup>5<\/sup>\u201cVai dizer ao meu servo Davi: \u2018Assim fala o Senhor:&nbsp;<sup>12<\/sup>Quando chegar o fim dos teus dias e repousares com teus pais, ent\u00e3o suscitarei, depois de ti, um filho teu e confirmarei a sua realeza.&nbsp;<sup>13<\/sup>Ser\u00e1 ele que construir\u00e1 uma casa para o meu nome, e eu firmarei para sempre o seu trono real.&nbsp;<sup>14<\/sup>Eu serei para ele um pai, e ele ser\u00e1 para mim um filho.&nbsp;<sup>16<\/sup>Tua casa e teu reino ser\u00e3o est\u00e1veis para sempre diante de mim, e teu trono ser\u00e1 firme para sempre&#8217;\u201d. \u2013 Palavra do Senhor.Salmo Responsorial:&nbsp;<strong>88(89)<\/strong><\/p>\n\n\n\n<p><em><strong>Eis que a sua descend\u00eancia durar\u00e1 eternamente.<\/strong><\/em><\/p>\n\n\n\n<p>1. \u00d3 Senhor, eu cantarei eternamente o vosso amor,&nbsp;\/&nbsp;de gera\u00e7\u00e3o em gera\u00e7\u00e3o eu cantarei vossa verdade!&nbsp;\/&nbsp;Porque dissestes: \u201cO amor \u00e9 garantido para sempre!\u201d&nbsp;\/&nbsp;E a vossa lealdade \u00e9 t\u00e3o firme como os c\u00e9us.&nbsp;\u2013 R.<\/p>\n\n\n\n<p>2. \u201cEu firmei uma alian\u00e7a com meu servo, meu eleito,&nbsp;\/&nbsp;e eu fiz um juramento a Davi, meu servidor.&nbsp;\/&nbsp;Para sempre, no teu trono, firmarei tua linhagem,&nbsp;\/&nbsp;de gera\u00e7\u00e3o em gera\u00e7\u00e3o garantirei o teu reinado!&nbsp;\u2013 R.<\/p>\n\n\n\n<p>3. Ele, ent\u00e3o, me invocar\u00e1: \u2018\u00d3 Senhor, v\u00f3s sois meu Pai,&nbsp;\/&nbsp;sois meu Deus, sois meu rochedo onde encontro a salva\u00e7\u00e3o!\u2019&nbsp;\/&nbsp;Guardarei eternamente para ele a minha gra\u00e7a&nbsp;\/&nbsp;e com ele firmarei minha alian\u00e7a indissol\u00favel.\u201d&nbsp;\u2013 R.Segunda Leitura:&nbsp;<strong>Romanos 4,13.16-18.22<\/strong><\/p>\n\n\n\n<p>Leitura da carta de S\u00e3o Paulo aos Romanos \u2013 Irm\u00e3os,&nbsp;<sup>13<\/sup>n\u00e3o foi por causa da Lei, mas por causa da justi\u00e7a que vem da f\u00e9, que Deus prometeu o mundo como heran\u00e7a a Abra\u00e3o ou \u00e0 sua descend\u00eancia.&nbsp;<sup>16<\/sup>\u00c9 em virtude da f\u00e9 que algu\u00e9m se torna herdeiro. Logo, a condi\u00e7\u00e3o de herdeiro \u00e9 uma gra\u00e7a, um dom gratuito, e a promessa de Deus continua valendo para toda a descend\u00eancia de Abra\u00e3o, tanto para a descend\u00eancia que se apega \u00e0 Lei quanto para a que se apoia somente na f\u00e9 de Abra\u00e3o, que \u00e9 o pai de todos n\u00f3s.&nbsp;<sup>17<\/sup>Pois est\u00e1 escrito: \u201cEu fiz de ti pai de muitos povos\u201d. Ele \u00e9 pai diante de Deus porque creu em Deus, que vivifica os mortos e faz existir o que antes n\u00e3o existia.&nbsp;<sup>18<\/sup>Contra toda a humana esperan\u00e7a, ele firmou-se na esperan\u00e7a e na f\u00e9. Assim, tornou-se pai de muitos povos, conforme lhe fora dito: \u201cAssim ser\u00e1 a tua posteridade\u201d.&nbsp;<sup>22<\/sup>Esta sua atitude de f\u00e9 lhe foi creditada como justi\u00e7a. \u2013 Palavra do Senhor.Evangelho:&nbsp;<strong>Mateus 1,16.18-21.24<\/strong><\/p>\n\n\n\n<p><strong><em>Louvor e gl\u00f3ria a ti, Senhor,&nbsp;\/&nbsp;Cristo, Palavra de Deus!<\/em><\/strong><\/p>\n\n\n\n<p><strong>Felizes os que habitam vossa casa,&nbsp;\/&nbsp;para sempre eles h\u00e3o de vos louvar! (Sl 83,5)&nbsp;\u2013 R.<\/strong><\/p>\n\n\n\n<p>Proclama\u00e7\u00e3o do Evangelho de Jesus Cristo segundo Mateus \u2013&nbsp;<sup>16<\/sup>Jac\u00f3 gerou Jos\u00e9, o esposo de Maria, da qual nasceu Jesus, que \u00e9 chamado o Cristo.&nbsp;<sup>18<\/sup>A origem de Jesus Cristo foi assim: Maria, sua m\u00e3e, estava prometida em casamento a Jos\u00e9 e, antes de viverem juntos, ela ficou gr\u00e1vida pela a\u00e7\u00e3o do Esp\u00edrito Santo.&nbsp;<sup>19<\/sup>Jos\u00e9, seu marido, era justo e, n\u00e3o querendo denunci\u00e1-la, resolveu abandonar Maria em segredo.&nbsp;<sup>20<\/sup>Enquanto Jos\u00e9 pensava nisso, eis que o anjo do Senhor apareceu-lhe em sonho e lhe disse: \u201cJos\u00e9, filho de Davi, n\u00e3o tenhas medo de receber Maria como tua esposa, porque ela concebeu pela a\u00e7\u00e3o do Esp\u00edrito Santo.&nbsp;<sup>21<\/sup>Ela dar\u00e1 \u00e0 luz um filho, e tu lhe dar\u00e1s o nome de Jesus, pois ele vai salvar o seu povo dos seus pecados\u201d.&nbsp;<sup>24<\/sup>Quando acordou, Jos\u00e9 fez conforme o anjo do Senhor havia mandado. \u2013 Palavra da salva\u00e7\u00e3o.<\/p>\n\n\n\n<p><strong>Evangelho opcional:&nbsp;Lucas 2,41-51.<\/strong>Reflex\u00e3o:<\/p>\n\n\n\n<p><em>Embora S\u00e3o Jos\u00e9 seja cercado de profunda venera\u00e7\u00e3o pelas gera\u00e7\u00f5es crist\u00e3s, sua festa s\u00f3 alcan\u00e7ou visibilidade e expans\u00e3o nos \u00faltimos s\u00e9culos. Come\u00e7ou a fazer parte do Calend\u00e1rio universal em 1621. Pio IX, em 1870, o declarou patrono da Igreja universal. O Evangelho o apresenta como figura fundamental para a realiza\u00e7\u00e3o do projeto de Deus. Jos\u00e9 legou a Jesus a descend\u00eancia de Davi. Ele \u00e9 o pai de Jesus segundo a lei, esposo de Maria, chefe da fam\u00edlia de Nazar\u00e9. Est\u00e1 presente e age eficazmente, sobretudo no nascimento e inf\u00e2ncia de Jesus. No epis\u00f3dio de hoje, Jos\u00e9 participa da afli\u00e7\u00e3o de Maria ao notar a aus\u00eancia do adolescente Jesus. Questionaram-no, mas \u201cn\u00e3o compreenderam o que ele lhes tinha dito\u201d. Certamente, \u00e0 semelhan\u00e7a de Maria, Jos\u00e9 meditava no cora\u00e7\u00e3o sobre todas essas coisas.<\/em><\/p>\n","protected":false},"excerpt":{"rendered":"<p>S\u00c3O JOS\u00c9 ESPOSO DE MARIA E PADROEIRO DA IGREJA Eis o servo fiel e prudente a quem o Senhor confiou a sua casa (Lc 12,42). Jos\u00e9, chefe da fam\u00edlia de Nazar\u00e9, humilde, justo,&#8230;<\/p>\n","protected":false},"author":2,"featured_media":19958,"comment_status":"open","ping_status":"open","sticky":false,"template":"","format":"standard","meta":[],"categories":[7],"tags":[],"_links":{"self":[{"href":"https:\/\/www.salvatorianas.org.br\/blog\/wp-json\/wp\/v2\/posts\/19957"}],"collection":[{"href":"https:\/\/www.salvatorianas.org.br\/blog\/wp-json\/wp\/v2\/posts"}],"about":[{"href":"https:\/\/www.salvatorianas.org.br\/blog\/wp-json\/wp\/v2\/types\/post"}],"author":[{"embeddable":true,"href":"https:\/\/www.salvatorianas.org.br\/blog\/wp-json\/wp\/v2\/users\/2"}],"replies":[{"embeddable":true,"href":"https:\/\/www.salvatorianas.org.br\/blog\/wp-json\/wp\/v2\/comments?post=19957"}],"version-history":[{"count":1,"href":"https:\/\/www.salvatorianas.org.br\/blog\/wp-json\/wp\/v2\/posts\/19957\/revisions"}],"predecessor-version":[{"id":19959,"href":"https:\/\/www.salvatorianas.org.br\/blog\/wp-json\/wp\/v2\/posts\/19957\/revisions\/19959"}],"wp:featuredmedia":[{"embeddable":true,"href":"https:\/\/www.salvatorianas.org.br\/blog\/wp-json\/wp\/v2\/media\/19958"}],"wp:attachment":[{"href":"https:\/\/www.salvatorianas.org.br\/blog\/wp-json\/wp\/v2\/media?parent=19957"}],"wp:term":[{"taxonomy":"category","embeddable":true,"href":"https:\/\/www.salvatorianas.org.br\/blog\/wp-json\/wp\/v2\/categories?post=19957"},{"taxonomy":"post_tag","embeddable":true,"href":"https:\/\/www.salvatorianas.org.br\/blog\/wp-json\/wp\/v2\/tags?post=19957"}],"curies":[{"name":"wp","href":"https:\/\/api.w.org\/{rel}","templated":true}]}}