{"id":19953,"date":"2023-03-18T12:11:37","date_gmt":"2023-03-18T12:11:37","guid":{"rendered":"https:\/\/www.salvatorianas.org.br\/blog\/?p=19953"},"modified":"2023-03-21T19:48:42","modified_gmt":"2023-03-21T19:48:42","slug":"ecos-do-primeiro-dia-da-assembleia-provincial-17-03-2023","status":"publish","type":"post","link":"https:\/\/www.salvatorianas.org.br\/blog\/ecos-do-primeiro-dia-da-assembleia-provincial-17-03-2023\/","title":{"rendered":"Ecos do primeiro dia da Assembleia Provincial &#8211;  17\/03\/2023"},"content":{"rendered":"\n<figure class=\"wp-block-image size-large is-style-default\"><img decoding=\"async\" loading=\"lazy\" width=\"769\" height=\"1024\" src=\"https:\/\/www.salvatorianas.org.br\/blog\/wp-content\/uploads\/2023\/03\/e-769x1024.jpg\" alt=\"\" class=\"wp-image-19954\" srcset=\"https:\/\/www.salvatorianas.org.br\/blog\/wp-content\/uploads\/2023\/03\/e-769x1024.jpg 769w, https:\/\/www.salvatorianas.org.br\/blog\/wp-content\/uploads\/2023\/03\/e-225x300.jpg 225w, https:\/\/www.salvatorianas.org.br\/blog\/wp-content\/uploads\/2023\/03\/e-768x1023.jpg 768w, https:\/\/www.salvatorianas.org.br\/blog\/wp-content\/uploads\/2023\/03\/e-1153x1536.jpg 1153w, https:\/\/www.salvatorianas.org.br\/blog\/wp-content\/uploads\/2023\/03\/e.jpg 1201w\" sizes=\"(max-width: 769px) 100vw, 769px\" \/><\/figure>\n\n\n\n<p><\/p>\n\n\n\n<p><\/p>\n\n\n\n<p>\u201cTudo est\u00e1 interligado como se fossemos um. Tudo est\u00e1 interligado nesta casa comum\u201d. Com este mantra a Coordenadora Provincial, Ir. Lisete Buganti, nos motivou a iniciar a assembleia que tem como tema: \u201cDialogar e polilogar, num mundo de diversidade para ressignificar a universalidade do carisma\u201d.<\/p>\n\n\n\n<p>Em suas palavras de introdu\u00e7\u00e3o destacou 3 aspectos importantes para concretizar o documento capitular: 1\u00ba<strong> Pertencimento<\/strong> \u2013 ser membro \u00e9 ser parte do todo; 2\u00ba <strong>Foco <\/strong>\u2013 focar na pessoa de Jesus Salvador, conhec\u00ea-lo, experimentar para tornar conhecido, n\u00f3s somos espa\u00e7o de acolhida e salva\u00e7\u00e3o; 3\u00ba<strong> Testemunho<\/strong> \u2013 daquilo que vimos, ouvimos e experimentamos. Ir. Lisete Buganti ainda destacou os tr\u00eas verbos que o Papa Francisco nos desafia a viver: <strong>encontrar, escutar, discernir <\/strong>e acrescentou os verbos <strong>agir e anunciar.<\/strong> E convidou toda a Prov\u00edncia a deixar o nosso cora\u00e7\u00e3o arder para colocar os p\u00e9s a caminho da miss\u00e3o.<\/p>\n\n\n\n<p>Na ora\u00e7\u00e3o inicial acolhemos a luz do C\u00edrio Pascal e a rel\u00edquia do Bem-Aventurado Francisco Jordan e foi entregue as participantes da assembleia o Documento Capitular do XXV Cap\u00edtulo Provincial que nos orienta para o quadri\u00eanio de 2023-2026.<\/p>\n\n\n\n<p>A Ir. Dulcelene Ceccato em sua assessoria sobre o tema embasado em seus estudos filos\u00f3ficos descritos em seu livro \u201cFilosofia intercultural. Uma abordagem da \u00e9tica de L\u00e9vinas e do estar em Kusch\u201d ampliou o nosso horizonte com os conceitos e origem da palavra \u201cOUTRO\u201d, contextualiza\u00e7\u00e3o da realidade atual; coloniza\u00e7\u00e3o europeia e seus efeitos; modos de aproxima\u00e7\u00e3o ao \u201coutro\u201d; dialogar\/polilogar: nova profecia salvatoriana.<\/p>\n\n\n\n<p>Fomos desafiadas a desconstruir ideias e vis\u00f5es err\u00f4neas dos acontecimentos hist\u00f3ricos da coloniza\u00e7\u00e3o. &nbsp;Necessitamos aprofundar o conhecimento real da hist\u00f3ria, levando em conta que \u201co outro \u00e9 essa alteridade que interrompe as minhas proje\u00e7\u00f5es sobre ele, porque me interpela\u201d como ser \u00fanico e semelhante a mim, a viver a profecia questionando-nos e modificando desde do nosso interior a cultura cotidiana que expressamos nas rela\u00e7\u00f5es e assim como Jesus Salvador nos responsabilizarmos pela vida e dignidade de todos.<\/p>\n","protected":false},"excerpt":{"rendered":"<p>\u201cTudo est\u00e1 interligado como se fossemos um. Tudo est\u00e1 interligado nesta casa comum\u201d. Com este mantra a Coordenadora Provincial, Ir. Lisete Buganti, nos motivou a iniciar a assembleia que tem como tema: \u201cDialogar&#8230;<\/p>\n","protected":false},"author":2,"featured_media":0,"comment_status":"open","ping_status":"open","sticky":false,"template":"","format":"standard","meta":[],"categories":[1],"tags":[],"_links":{"self":[{"href":"https:\/\/www.salvatorianas.org.br\/blog\/wp-json\/wp\/v2\/posts\/19953"}],"collection":[{"href":"https:\/\/www.salvatorianas.org.br\/blog\/wp-json\/wp\/v2\/posts"}],"about":[{"href":"https:\/\/www.salvatorianas.org.br\/blog\/wp-json\/wp\/v2\/types\/post"}],"author":[{"embeddable":true,"href":"https:\/\/www.salvatorianas.org.br\/blog\/wp-json\/wp\/v2\/users\/2"}],"replies":[{"embeddable":true,"href":"https:\/\/www.salvatorianas.org.br\/blog\/wp-json\/wp\/v2\/comments?post=19953"}],"version-history":[{"count":4,"href":"https:\/\/www.salvatorianas.org.br\/blog\/wp-json\/wp\/v2\/posts\/19953\/revisions"}],"predecessor-version":[{"id":19995,"href":"https:\/\/www.salvatorianas.org.br\/blog\/wp-json\/wp\/v2\/posts\/19953\/revisions\/19995"}],"wp:attachment":[{"href":"https:\/\/www.salvatorianas.org.br\/blog\/wp-json\/wp\/v2\/media?parent=19953"}],"wp:term":[{"taxonomy":"category","embeddable":true,"href":"https:\/\/www.salvatorianas.org.br\/blog\/wp-json\/wp\/v2\/categories?post=19953"},{"taxonomy":"post_tag","embeddable":true,"href":"https:\/\/www.salvatorianas.org.br\/blog\/wp-json\/wp\/v2\/tags?post=19953"}],"curies":[{"name":"wp","href":"https:\/\/api.w.org\/{rel}","templated":true}]}}