{"id":19937,"date":"2023-03-17T14:09:45","date_gmt":"2023-03-17T14:09:45","guid":{"rendered":"https:\/\/www.salvatorianas.org.br\/blog\/?p=19937"},"modified":"2023-03-17T14:31:52","modified_gmt":"2023-03-17T14:31:52","slug":"primeiro-dia-assembleia-provincial","status":"publish","type":"post","link":"https:\/\/www.salvatorianas.org.br\/blog\/primeiro-dia-assembleia-provincial\/","title":{"rendered":"Primeiro dia \u2013 Assembleia Provincial"},"content":{"rendered":"\n<figure class=\"wp-block-image size-full\"><img decoding=\"async\" loading=\"lazy\" width=\"768\" height=\"1024\" src=\"https:\/\/www.salvatorianas.org.br\/blog\/wp-content\/uploads\/2023\/03\/Capa-4.jpg\" alt=\"\" class=\"wp-image-19938\" srcset=\"https:\/\/www.salvatorianas.org.br\/blog\/wp-content\/uploads\/2023\/03\/Capa-4.jpg 768w, https:\/\/www.salvatorianas.org.br\/blog\/wp-content\/uploads\/2023\/03\/Capa-4-225x300.jpg 225w\" sizes=\"(max-width: 768px) 100vw, 768px\" \/><\/figure>\n\n\n\n<p>Hoje, 17 de mar\u00e7o de 2023 iniciou-se a Assembleia Provincial das Irm\u00e3s do Divino Salvador \u2013 Prov\u00edncia Santa Catarina. A mesma estar\u00e1 acontecendo at\u00e9 o dia 19 de mar\u00e7o na Casa de encontro das Irm\u00e3s Vicentinas, em Curitiba\/PR.<\/p>\n\n\n\n<p>Esta assembleia anual \u00e9 um momento forte para rezar o Documento Capitular fazendo mem\u00f3ria orante do caminho realizado e da estrada que ele nos abre para o quadri\u00eanio 2023-2026;\u00a0 refletir o tema da interculturalidade num mundo de diversidade e polariza\u00e7\u00f5es; partilhar, refletir e assumir encaminhamentos para a continuidade da ressignifica\u00e7\u00e3o de nossa vida apost\u00f3lico-mission\u00e1ria para o ano e quadri\u00eanio; realizar as assembleias do IEAS e da Organiza\u00e7\u00e3o Religiosa e celebrar a nossa voca\u00e7\u00e3o-miss\u00e3o salvatoriana.<\/p>\n\n\n\n<figure class=\"wp-block-gallery columns-2 is-cropped wp-block-gallery-1 is-layout-flex\"><ul class=\"blocks-gallery-grid\"><li class=\"blocks-gallery-item\"><figure><img decoding=\"async\" loading=\"lazy\" width=\"768\" height=\"1024\" src=\"https:\/\/www.salvatorianas.org.br\/blog\/wp-content\/uploads\/2023\/03\/1.png\" alt=\"\" data-id=\"19940\" data-link=\"https:\/\/www.salvatorianas.org.br\/blog\/?attachment_id=19940\" class=\"wp-image-19940\" srcset=\"https:\/\/www.salvatorianas.org.br\/blog\/wp-content\/uploads\/2023\/03\/1.png 768w, https:\/\/www.salvatorianas.org.br\/blog\/wp-content\/uploads\/2023\/03\/1-225x300.png 225w\" sizes=\"(max-width: 768px) 100vw, 768px\" \/><\/figure><\/li><li class=\"blocks-gallery-item\"><figure><img decoding=\"async\" loading=\"lazy\" width=\"1024\" height=\"768\" src=\"https:\/\/www.salvatorianas.org.br\/blog\/wp-content\/uploads\/2023\/03\/2.jpg\" alt=\"\" data-id=\"19942\" data-full-url=\"https:\/\/www.salvatorianas.org.br\/blog\/wp-content\/uploads\/2023\/03\/2.jpg\" data-link=\"https:\/\/www.salvatorianas.org.br\/blog\/?attachment_id=19942\" class=\"wp-image-19942\" srcset=\"https:\/\/www.salvatorianas.org.br\/blog\/wp-content\/uploads\/2023\/03\/2.jpg 1024w, https:\/\/www.salvatorianas.org.br\/blog\/wp-content\/uploads\/2023\/03\/2-300x225.jpg 300w, https:\/\/www.salvatorianas.org.br\/blog\/wp-content\/uploads\/2023\/03\/2-768x576.jpg 768w\" sizes=\"(max-width: 1024px) 100vw, 1024px\" \/><\/figure><\/li><\/ul><\/figure>\n\n\n\n<figure class=\"wp-block-image size-full\"><img decoding=\"async\" loading=\"lazy\" width=\"768\" height=\"1024\" src=\"https:\/\/www.salvatorianas.org.br\/blog\/wp-content\/uploads\/2023\/03\/3-1.jpg\" alt=\"\" class=\"wp-image-19947\" srcset=\"https:\/\/www.salvatorianas.org.br\/blog\/wp-content\/uploads\/2023\/03\/3-1.jpg 768w, https:\/\/www.salvatorianas.org.br\/blog\/wp-content\/uploads\/2023\/03\/3-1-225x300.jpg 225w\" sizes=\"(max-width: 768px) 100vw, 768px\" \/><\/figure>\n\n\n\n<figure class=\"wp-block-image size-full\"><img decoding=\"async\" loading=\"lazy\" width=\"768\" height=\"1024\" src=\"https:\/\/www.salvatorianas.org.br\/blog\/wp-content\/uploads\/2023\/03\/4.jpg\" alt=\"\" class=\"wp-image-19944\" srcset=\"https:\/\/www.salvatorianas.org.br\/blog\/wp-content\/uploads\/2023\/03\/4.jpg 768w, https:\/\/www.salvatorianas.org.br\/blog\/wp-content\/uploads\/2023\/03\/4-225x300.jpg 225w\" sizes=\"(max-width: 768px) 100vw, 768px\" \/><\/figure>\n\n\n\n<figure class=\"wp-block-image size-full\"><img decoding=\"async\" loading=\"lazy\" width=\"1024\" height=\"768\" src=\"https:\/\/www.salvatorianas.org.br\/blog\/wp-content\/uploads\/2023\/03\/5-1.jpg\" alt=\"\" class=\"wp-image-19945\" srcset=\"https:\/\/www.salvatorianas.org.br\/blog\/wp-content\/uploads\/2023\/03\/5-1.jpg 1024w, https:\/\/www.salvatorianas.org.br\/blog\/wp-content\/uploads\/2023\/03\/5-1-300x225.jpg 300w, https:\/\/www.salvatorianas.org.br\/blog\/wp-content\/uploads\/2023\/03\/5-1-768x576.jpg 768w\" sizes=\"(max-width: 1024px) 100vw, 1024px\" \/><\/figure>\n\n\n\n<figure class=\"wp-block-image size-full\"><img decoding=\"async\" loading=\"lazy\" width=\"768\" height=\"1024\" src=\"https:\/\/www.salvatorianas.org.br\/blog\/wp-content\/uploads\/2023\/03\/6.jpg\" alt=\"\" class=\"wp-image-19946\" srcset=\"https:\/\/www.salvatorianas.org.br\/blog\/wp-content\/uploads\/2023\/03\/6.jpg 768w, https:\/\/www.salvatorianas.org.br\/blog\/wp-content\/uploads\/2023\/03\/6-225x300.jpg 225w\" sizes=\"(max-width: 768px) 100vw, 768px\" \/><\/figure>\n","protected":false},"excerpt":{"rendered":"<p>Hoje, 17 de mar\u00e7o de 2023 iniciou-se a Assembleia Provincial das Irm\u00e3s do Divino Salvador \u2013 Prov\u00edncia Santa Catarina. A mesma estar\u00e1 acontecendo at\u00e9 o dia 19 de mar\u00e7o na Casa de encontro&#8230;<\/p>\n","protected":false},"author":2,"featured_media":0,"comment_status":"open","ping_status":"open","sticky":false,"template":"","format":"standard","meta":[],"categories":[1],"tags":[],"_links":{"self":[{"href":"https:\/\/www.salvatorianas.org.br\/blog\/wp-json\/wp\/v2\/posts\/19937"}],"collection":[{"href":"https:\/\/www.salvatorianas.org.br\/blog\/wp-json\/wp\/v2\/posts"}],"about":[{"href":"https:\/\/www.salvatorianas.org.br\/blog\/wp-json\/wp\/v2\/types\/post"}],"author":[{"embeddable":true,"href":"https:\/\/www.salvatorianas.org.br\/blog\/wp-json\/wp\/v2\/users\/2"}],"replies":[{"embeddable":true,"href":"https:\/\/www.salvatorianas.org.br\/blog\/wp-json\/wp\/v2\/comments?post=19937"}],"version-history":[{"count":1,"href":"https:\/\/www.salvatorianas.org.br\/blog\/wp-json\/wp\/v2\/posts\/19937\/revisions"}],"predecessor-version":[{"id":19948,"href":"https:\/\/www.salvatorianas.org.br\/blog\/wp-json\/wp\/v2\/posts\/19937\/revisions\/19948"}],"wp:attachment":[{"href":"https:\/\/www.salvatorianas.org.br\/blog\/wp-json\/wp\/v2\/media?parent=19937"}],"wp:term":[{"taxonomy":"category","embeddable":true,"href":"https:\/\/www.salvatorianas.org.br\/blog\/wp-json\/wp\/v2\/categories?post=19937"},{"taxonomy":"post_tag","embeddable":true,"href":"https:\/\/www.salvatorianas.org.br\/blog\/wp-json\/wp\/v2\/tags?post=19937"}],"curies":[{"name":"wp","href":"https:\/\/api.w.org\/{rel}","templated":true}]}}