{"id":19924,"date":"2023-03-16T13:17:30","date_gmt":"2023-03-16T13:17:30","guid":{"rendered":"https:\/\/www.salvatorianas.org.br\/blog\/?p=19924"},"modified":"2023-03-16T13:17:31","modified_gmt":"2023-03-16T13:17:31","slug":"3a-semana-da-quaresma-quinta-feira","status":"publish","type":"post","link":"https:\/\/www.salvatorianas.org.br\/blog\/3a-semana-da-quaresma-quinta-feira\/","title":{"rendered":"3\u00aa Semana da Quaresma | Quinta-feira"},"content":{"rendered":"\n<p>Eu sou a salva\u00e7\u00e3o do povo, diz o Senhor: quando, em qualquer afli\u00e7\u00e3o, clamarem por mim, eu os ouvirei e serei seu Deus para sempre.<\/p>\n\n\n\n<p><em>Ao longo da hist\u00f3ria da salva\u00e7\u00e3o, Deus nunca deixou faltar sua palavra ao povo; este, por\u00e9m, nem sempre o acolheu, at\u00e9 a ponto de recusar o bem como se fosse um mal. De nossa parte, deixemo-nos embalar pelo incentivo do salmista: \u201cOxal\u00e1 ouv\u00edsseis hoje a sua voz\u201d.<\/em>Primeira Leitura:&nbsp;<strong>Jeremias 7,23-28<\/strong><\/p>\n\n\n\n<p>Leitura do livro do profeta Jeremias \u2013 Assim fala o Senhor:&nbsp;<sup>23<\/sup>\u201cDei esta ordem ao povo, dizendo: Ouvi a minha voz, assim serei o vosso Deus e v\u00f3s sereis o meu povo; e segui adiante por todo o caminho que eu vos indicar para serdes felizes.&nbsp;<sup>24<\/sup>Mas eles n\u00e3o ouviram e n\u00e3o prestaram aten\u00e7\u00e3o; ao contr\u00e1rio, seguindo as m\u00e1s inclina\u00e7\u00f5es do cora\u00e7\u00e3o, andaram para tr\u00e1s e n\u00e3o para a frente,&nbsp;<sup>25<\/sup>desde o dia em que seus pais sa\u00edram do Egito at\u00e9 o dia de hoje. A todos enviei meus servos, os profetas, e enviei-os cada dia, come\u00e7ando bem cedo;&nbsp;<sup>26<\/sup>mas n\u00e3o ouviram e n\u00e3o prestaram aten\u00e7\u00e3o, ao contr\u00e1rio: obstinaram-se no erro, procedendo ainda pior que seus pais.&nbsp;<sup>27<\/sup>Se falares todas essas coisas, eles n\u00e3o te escutar\u00e3o e, se os chamares, n\u00e3o te dar\u00e3o resposta.&nbsp;<sup>28<\/sup>Dir\u00e1s, ent\u00e3o: \u2018Esta \u00e9 a na\u00e7\u00e3o que n\u00e3o escutou a voz do Senhor, seu Deus, e n\u00e3o aceitou corre\u00e7\u00e3o. Sua f\u00e9 morreu, foi arrancada de sua boca&#8217;\u201d. \u2013 Palavra do Senhor.Salmo Responsorial:&nbsp;<strong>94(95)<\/strong><\/p>\n\n\n\n<p><strong>Oxal\u00e1 ouv\u00edsseis hoje a voz do Senhor:&nbsp;\/&nbsp;N\u00e3o fecheis os vossos cora\u00e7\u00f5es.<\/strong><\/p>\n\n\n\n<p>1. Vinde, exultemos de alegria no Senhor,&nbsp;\/&nbsp;aclamemos o rochedo que nos salva!&nbsp;\/&nbsp;Ao seu encontro caminhemos com louvores,&nbsp;\/&nbsp;e com cantos de alegria o celebremos!&nbsp;\u2013 R.<\/p>\n\n\n\n<p>2. Vinde, adoremos e prostremo-nos por terra,&nbsp;\/&nbsp;e ajoelhemos ante o Deus que nos criou!&nbsp;\/&nbsp;Porque ele \u00e9 o nosso Deus, nosso pastor,&nbsp;\u2020&nbsp;e n\u00f3s somos o seu povo e seu rebanho,&nbsp;\/&nbsp;as ovelhas que conduz com sua m\u00e3o.&nbsp;\u2013 R.<\/p>\n\n\n\n<p>3. Oxal\u00e1 ouv\u00edsseis hoje a sua voz:&nbsp;\/&nbsp;\u201cN\u00e3o fecheis os cora\u00e7\u00f5es como em Meriba,&nbsp;\/&nbsp;como em Massa, no deserto, aquele dia&nbsp;\u2020&nbsp;em que outrora vossos pais me provocaram,&nbsp;\/&nbsp;apesar de terem visto as minhas obras\u201d.&nbsp;\u2013 R.Evangelho:&nbsp;<strong>Lucas 11,14-23<\/strong><\/p>\n\n\n\n<p><strong><em>Jesus Cristo, sois bendito,&nbsp;\/&nbsp;sois o ungido de Deus Pai!<\/em><\/strong><\/p>\n\n\n\n<p><strong>Voltai ao Senhor, vosso Deus;&nbsp;\/&nbsp;ele \u00e9 bom, compassivo e clemente (Jl 2,12s).&nbsp;\u2013 R.<\/strong><\/p>\n\n\n\n<p>Proclama\u00e7\u00e3o do Evangelho de Jesus Cristo segundo Lucas \u2013 Naquele tempo,&nbsp;<sup>14<\/sup>Jesus estava expulsando um dem\u00f4nio que era mudo. Quando o dem\u00f4nio saiu, o mudo come\u00e7ou a falar, e as multid\u00f5es ficaram admiradas.&nbsp;<sup>15<\/sup>Mas alguns disseram: \u201c\u00c9 por Belzebu, o pr\u00edncipe dos dem\u00f4nios, que ele expulsa os dem\u00f4nios\u201d.&nbsp;<sup>16<\/sup>Outros, para tentar Jesus, pediam-lhe um sinal do c\u00e9u.&nbsp;<sup>17<\/sup>Mas, conhecendo seus pensamentos, Jesus disse-lhes: \u201cTodo reino dividido contra si mesmo ser\u00e1 destru\u00eddo; e cair\u00e1 uma casa por cima da outra.&nbsp;<sup>18<\/sup>Ora, se at\u00e9 satan\u00e1s est\u00e1 dividido contra si mesmo, como poder\u00e1 sobreviver o seu reino? V\u00f3s dizeis que \u00e9 por Belzebu que eu expulso os dem\u00f4nios.&nbsp;<sup>19<\/sup>Se \u00e9 por meio de Belzebu que eu expulso dem\u00f4nios, vossos filhos os expulsam por meio de quem? Por isso, eles mesmos ser\u00e3o vossos ju\u00edzes.&nbsp;<sup>20<\/sup>Mas, se \u00e9 pelo dedo de Deus que eu expulso os dem\u00f4nios, ent\u00e3o chegou para v\u00f3s o Reino de Deus.&nbsp;<sup>21<\/sup>Quando um homem forte e bem armado guarda a pr\u00f3pria casa, seus bens est\u00e3o seguros.&nbsp;<sup>22<\/sup>Mas, quando chega um homem mais forte do que ele, vence-o, arranca-lhe a armadura na qual ele confiava e reparte o que roubou.&nbsp;<sup>23<\/sup>Quem n\u00e3o est\u00e1 comigo est\u00e1 contra mim. E quem n\u00e3o recolhe comigo dispersa\u201d. \u2013 Palavra da salva\u00e7\u00e3o.Reflex\u00e3o:<\/p>\n\n\n\n<p><em>Por n\u00e3o reconhecerem a a\u00e7\u00e3o de Deus na pessoa de Jesus, seus advers\u00e1rios caem na mais rid\u00edcula contradi\u00e7\u00e3o. Atribuem ao poder do maligno as boas obras que Jesus realiza diante deles. Na verdade, est\u00e3o completamente dominados pelo esp\u00edrito do mal; escolhem o mundo da injusti\u00e7a que Jesus veio combater. Fique bem claro: Jesus expulsa o mal pelo poder do sumo Bem, o pr\u00f3prio Deus. E o grande sinal \u00e9 que o Reino de Deus j\u00e1 chegou. O \u201chomem forte\u201d, como diz Jesus, \u00e9 ele mesmo, que chega e derrota o inimigo. \u00c9 sensato quem fica do lado de Jesus. Com ele, podemos levar vida fecunda. Sem ele, perde-se o tempo, perde-se a vida! Quando h\u00e1 m\u00e1 vontade, pode-se cair no engano de ver maldade at\u00e9 numa a\u00e7\u00e3o boa, praticada de cora\u00e7\u00e3o sincero.<\/em><\/p>\n","protected":false},"excerpt":{"rendered":"<p>Eu sou a salva\u00e7\u00e3o do povo, diz o Senhor: quando, em qualquer afli\u00e7\u00e3o, clamarem por mim, eu os ouvirei e serei seu Deus para sempre. Ao longo da hist\u00f3ria da salva\u00e7\u00e3o, Deus nunca&#8230;<\/p>\n","protected":false},"author":2,"featured_media":19925,"comment_status":"open","ping_status":"open","sticky":false,"template":"","format":"standard","meta":[],"categories":[7],"tags":[],"_links":{"self":[{"href":"https:\/\/www.salvatorianas.org.br\/blog\/wp-json\/wp\/v2\/posts\/19924"}],"collection":[{"href":"https:\/\/www.salvatorianas.org.br\/blog\/wp-json\/wp\/v2\/posts"}],"about":[{"href":"https:\/\/www.salvatorianas.org.br\/blog\/wp-json\/wp\/v2\/types\/post"}],"author":[{"embeddable":true,"href":"https:\/\/www.salvatorianas.org.br\/blog\/wp-json\/wp\/v2\/users\/2"}],"replies":[{"embeddable":true,"href":"https:\/\/www.salvatorianas.org.br\/blog\/wp-json\/wp\/v2\/comments?post=19924"}],"version-history":[{"count":2,"href":"https:\/\/www.salvatorianas.org.br\/blog\/wp-json\/wp\/v2\/posts\/19924\/revisions"}],"predecessor-version":[{"id":19927,"href":"https:\/\/www.salvatorianas.org.br\/blog\/wp-json\/wp\/v2\/posts\/19924\/revisions\/19927"}],"wp:featuredmedia":[{"embeddable":true,"href":"https:\/\/www.salvatorianas.org.br\/blog\/wp-json\/wp\/v2\/media\/19925"}],"wp:attachment":[{"href":"https:\/\/www.salvatorianas.org.br\/blog\/wp-json\/wp\/v2\/media?parent=19924"}],"wp:term":[{"taxonomy":"category","embeddable":true,"href":"https:\/\/www.salvatorianas.org.br\/blog\/wp-json\/wp\/v2\/categories?post=19924"},{"taxonomy":"post_tag","embeddable":true,"href":"https:\/\/www.salvatorianas.org.br\/blog\/wp-json\/wp\/v2\/tags?post=19924"}],"curies":[{"name":"wp","href":"https:\/\/api.w.org\/{rel}","templated":true}]}}