{"id":19916,"date":"2023-03-14T20:34:07","date_gmt":"2023-03-14T20:34:07","guid":{"rendered":"https:\/\/www.salvatorianas.org.br\/blog\/?p=19916"},"modified":"2023-03-14T20:36:35","modified_gmt":"2023-03-14T20:36:35","slug":"seminario-regional-de-animacao-vocacional","status":"publish","type":"post","link":"https:\/\/www.salvatorianas.org.br\/blog\/seminario-regional-de-animacao-vocacional\/","title":{"rendered":"Semin\u00e1rio Regional de anima\u00e7\u00e3o vocacional"},"content":{"rendered":"\n<p>Estamos no ano vocacional sob o tema: <em>\u201cCora\u00e7\u00f5es ardentes, p\u00e9s a caminho\u201d<\/em>. <\/p>\n\n\n\n<p>O Semin\u00e1rio regional que aconteceu nos dias 10 a 12 de mar\u00e7o no centro de forma\u00e7\u00e3o em Lages &#8211; SC, foi um espa\u00e7o de aprofundamento, reflex\u00e3o e motiva\u00e7\u00e3o para melhor vivenciarmos este ano. O tema: Os tr\u00eas \u201cAs\u201d da voca\u00e7\u00e3o; Ambiente vocacional, Atitudes vocacionais e acompanhamento vocacional, foi assessorado pelo Pe. Marcelo Ribeiro da Silva da diocese de Toledo &#8211; PR. Participaram as Irm\u00e3s Salvatorianas Edenilse Maria Marcon e Maria Jovelina Oliveira, juntamente com a equipe de Anima\u00e7\u00e3o vocacional da Diocese de Lages e demais dioceses do regional sul4 e o SAV\/CRB.<\/p>\n\n\n\n<figure class=\"wp-block-image size-large\"><img decoding=\"async\" loading=\"lazy\" width=\"1024\" height=\"768\" src=\"https:\/\/www.salvatorianas.org.br\/blog\/wp-content\/uploads\/2023\/03\/WhatsApp-Image-2023-03-14-at-17.02.57-2-1024x768.jpeg\" alt=\"\" class=\"wp-image-19917\" srcset=\"https:\/\/www.salvatorianas.org.br\/blog\/wp-content\/uploads\/2023\/03\/WhatsApp-Image-2023-03-14-at-17.02.57-2-1024x768.jpeg 1024w, https:\/\/www.salvatorianas.org.br\/blog\/wp-content\/uploads\/2023\/03\/WhatsApp-Image-2023-03-14-at-17.02.57-2-300x225.jpeg 300w, https:\/\/www.salvatorianas.org.br\/blog\/wp-content\/uploads\/2023\/03\/WhatsApp-Image-2023-03-14-at-17.02.57-2-768x576.jpeg 768w, https:\/\/www.salvatorianas.org.br\/blog\/wp-content\/uploads\/2023\/03\/WhatsApp-Image-2023-03-14-at-17.02.57-2-1536x1152.jpeg 1536w, https:\/\/www.salvatorianas.org.br\/blog\/wp-content\/uploads\/2023\/03\/WhatsApp-Image-2023-03-14-at-17.02.57-2.jpeg 1600w\" sizes=\"(max-width: 1024px) 100vw, 1024px\" \/><\/figure>\n\n\n\n<figure class=\"wp-block-image size-large\"><img decoding=\"async\" loading=\"lazy\" width=\"1024\" height=\"768\" src=\"https:\/\/www.salvatorianas.org.br\/blog\/wp-content\/uploads\/2023\/03\/WhatsApp-Image-2023-03-14-at-17.02.57-1-1024x768.jpeg\" alt=\"\" class=\"wp-image-19918\" srcset=\"https:\/\/www.salvatorianas.org.br\/blog\/wp-content\/uploads\/2023\/03\/WhatsApp-Image-2023-03-14-at-17.02.57-1-1024x768.jpeg 1024w, https:\/\/www.salvatorianas.org.br\/blog\/wp-content\/uploads\/2023\/03\/WhatsApp-Image-2023-03-14-at-17.02.57-1-300x225.jpeg 300w, https:\/\/www.salvatorianas.org.br\/blog\/wp-content\/uploads\/2023\/03\/WhatsApp-Image-2023-03-14-at-17.02.57-1-768x576.jpeg 768w, https:\/\/www.salvatorianas.org.br\/blog\/wp-content\/uploads\/2023\/03\/WhatsApp-Image-2023-03-14-at-17.02.57-1-1536x1152.jpeg 1536w, https:\/\/www.salvatorianas.org.br\/blog\/wp-content\/uploads\/2023\/03\/WhatsApp-Image-2023-03-14-at-17.02.57-1.jpeg 1600w\" sizes=\"(max-width: 1024px) 100vw, 1024px\" \/><\/figure>\n\n\n\n<figure class=\"wp-block-image size-large\"><img decoding=\"async\" loading=\"lazy\" width=\"1024\" height=\"769\" src=\"https:\/\/www.salvatorianas.org.br\/blog\/wp-content\/uploads\/2023\/03\/WhatsApp-Image-2023-03-14-at-17.02.57-1024x769.jpeg\" alt=\"\" class=\"wp-image-19919\" srcset=\"https:\/\/www.salvatorianas.org.br\/blog\/wp-content\/uploads\/2023\/03\/WhatsApp-Image-2023-03-14-at-17.02.57-1024x769.jpeg 1024w, https:\/\/www.salvatorianas.org.br\/blog\/wp-content\/uploads\/2023\/03\/WhatsApp-Image-2023-03-14-at-17.02.57-300x225.jpeg 300w, https:\/\/www.salvatorianas.org.br\/blog\/wp-content\/uploads\/2023\/03\/WhatsApp-Image-2023-03-14-at-17.02.57-768x577.jpeg 768w, https:\/\/www.salvatorianas.org.br\/blog\/wp-content\/uploads\/2023\/03\/WhatsApp-Image-2023-03-14-at-17.02.57.jpeg 1332w\" sizes=\"(max-width: 1024px) 100vw, 1024px\" \/><\/figure>\n\n\n\n<figure class=\"wp-block-image size-large\"><img decoding=\"async\" loading=\"lazy\" width=\"1024\" height=\"768\" src=\"https:\/\/www.salvatorianas.org.br\/blog\/wp-content\/uploads\/2023\/03\/WhatsApp-Image-2023-03-14-at-17.02.56-1024x768.jpeg\" alt=\"\" class=\"wp-image-19920\" srcset=\"https:\/\/www.salvatorianas.org.br\/blog\/wp-content\/uploads\/2023\/03\/WhatsApp-Image-2023-03-14-at-17.02.56-1024x768.jpeg 1024w, https:\/\/www.salvatorianas.org.br\/blog\/wp-content\/uploads\/2023\/03\/WhatsApp-Image-2023-03-14-at-17.02.56-300x225.jpeg 300w, https:\/\/www.salvatorianas.org.br\/blog\/wp-content\/uploads\/2023\/03\/WhatsApp-Image-2023-03-14-at-17.02.56-768x576.jpeg 768w, https:\/\/www.salvatorianas.org.br\/blog\/wp-content\/uploads\/2023\/03\/WhatsApp-Image-2023-03-14-at-17.02.56.jpeg 1280w\" sizes=\"(max-width: 1024px) 100vw, 1024px\" \/><\/figure>\n","protected":false},"excerpt":{"rendered":"<p>Estamos no ano vocacional sob o tema: \u201cCora\u00e7\u00f5es ardentes, p\u00e9s a caminho\u201d. O Semin\u00e1rio regional que aconteceu nos dias 10 a 12 de mar\u00e7o no centro de forma\u00e7\u00e3o em Lages &#8211; SC, foi&#8230;<\/p>\n","protected":false},"author":2,"featured_media":19919,"comment_status":"open","ping_status":"open","sticky":false,"template":"","format":"standard","meta":[],"categories":[1],"tags":[],"_links":{"self":[{"href":"https:\/\/www.salvatorianas.org.br\/blog\/wp-json\/wp\/v2\/posts\/19916"}],"collection":[{"href":"https:\/\/www.salvatorianas.org.br\/blog\/wp-json\/wp\/v2\/posts"}],"about":[{"href":"https:\/\/www.salvatorianas.org.br\/blog\/wp-json\/wp\/v2\/types\/post"}],"author":[{"embeddable":true,"href":"https:\/\/www.salvatorianas.org.br\/blog\/wp-json\/wp\/v2\/users\/2"}],"replies":[{"embeddable":true,"href":"https:\/\/www.salvatorianas.org.br\/blog\/wp-json\/wp\/v2\/comments?post=19916"}],"version-history":[{"count":1,"href":"https:\/\/www.salvatorianas.org.br\/blog\/wp-json\/wp\/v2\/posts\/19916\/revisions"}],"predecessor-version":[{"id":19921,"href":"https:\/\/www.salvatorianas.org.br\/blog\/wp-json\/wp\/v2\/posts\/19916\/revisions\/19921"}],"wp:featuredmedia":[{"embeddable":true,"href":"https:\/\/www.salvatorianas.org.br\/blog\/wp-json\/wp\/v2\/media\/19919"}],"wp:attachment":[{"href":"https:\/\/www.salvatorianas.org.br\/blog\/wp-json\/wp\/v2\/media?parent=19916"}],"wp:term":[{"taxonomy":"category","embeddable":true,"href":"https:\/\/www.salvatorianas.org.br\/blog\/wp-json\/wp\/v2\/categories?post=19916"},{"taxonomy":"post_tag","embeddable":true,"href":"https:\/\/www.salvatorianas.org.br\/blog\/wp-json\/wp\/v2\/tags?post=19916"}],"curies":[{"name":"wp","href":"https:\/\/api.w.org\/{rel}","templated":true}]}}