{"id":19913,"date":"2023-03-14T17:25:51","date_gmt":"2023-03-14T17:25:51","guid":{"rendered":"https:\/\/www.salvatorianas.org.br\/blog\/?p=19913"},"modified":"2023-03-14T17:25:52","modified_gmt":"2023-03-14T17:25:52","slug":"3a-semana-da-quaresma-terca-feira","status":"publish","type":"post","link":"https:\/\/www.salvatorianas.org.br\/blog\/3a-semana-da-quaresma-terca-feira\/","title":{"rendered":"3\u00aa Semana da Quaresma | Ter\u00e7a-feira"},"content":{"rendered":"\n<p>Eu vos chamo, meu Deus, porque me atendeis; inclinai vosso ouvido e escutai-me. Guardai-me como a pupila dos olhos, \u00e0 sombra das vossas asas abrigai-me (Sl 16,6.8).<\/p>\n\n\n\n<p><em>Repletos de confian\u00e7a no Senhor, que acolhe e \u201creconduz ao bom caminho os pecadores\u201d, seja nossa esta profunda s\u00faplica em favor do seu povo: \u201cTrata-nos segundo tua clem\u00eancia e segundo tua imensa miseric\u00f3rdia\u201d. Rezemos pelas necessidades de nossa na\u00e7\u00e3o.<\/em>Primeira Leitura:&nbsp;<strong>Daniel 3,25.34-43<\/strong><\/p>\n\n\n\n<p>Leitura da profecia de Daniel \u2013 Naqueles dias,&nbsp;<sup>25<\/sup>Azarias parou e, de p\u00e9, come\u00e7ou a rezar; abrindo a boca no meio do fogo, disse:&nbsp;<sup>34<\/sup>\u201cOh! n\u00e3o nos desampares nunca, n\u00f3s te pedimos; por teu nome, n\u00e3o desfa\u00e7as tua alian\u00e7a&nbsp;<sup>35<\/sup>nem retires de n\u00f3s tua benevol\u00eancia, por Abra\u00e3o, teu amigo, por Isaac, teu servo, e por Israel, teu santo,&nbsp;<sup>36<\/sup>aos quais prometeste multiplicar a descend\u00eancia como estrelas do c\u00e9u e como areia que est\u00e1 na beira do mar.&nbsp;<sup>37<\/sup>Senhor, estamos hoje reduzidos ao menor de todos os povos, somos hoje o mais humilde em toda a terra, por causa de nossos pecados;&nbsp;<sup>38<\/sup>neste tempo estamos sem chefes, sem profetas, sem guia, n\u00e3o h\u00e1 holocausto nem sacrif\u00edcio, n\u00e3o h\u00e1 obla\u00e7\u00e3o nem incenso, n\u00e3o h\u00e1 um lugar para oferecermos, em tua presen\u00e7a, as prim\u00edcias e encontrarmos benevol\u00eancia;&nbsp;<sup>39<\/sup>mas, de alma contrita e em esp\u00edrito de humildade, sejamos acolhidos, e como nos holocaustos de carneiros e touros,&nbsp;<sup>40<\/sup>e como nos sacrif\u00edcios de milhares de cordeiros gordos, assim se efetue hoje nosso sacrif\u00edcio em tua presen\u00e7a, e tu fa\u00e7as que n\u00f3s te sigamos at\u00e9 o fim; n\u00e3o se sentir\u00e1 frustrado quem p\u00f5e em ti sua confian\u00e7a.&nbsp;<sup>41<\/sup>De agora em diante, queremos, de todo o cora\u00e7\u00e3o, seguir-te, temer-te, buscar tua face;&nbsp;<sup>42<\/sup>n\u00e3o nos deixes confundidos, mas trata-nos segundo a tua clem\u00eancia e segundo a tua imensa miseric\u00f3rdia;&nbsp;<sup>43<\/sup>liberta-nos com o poder de tuas maravilhas e torna teu nome glorificado, Senhor\u201d. \u2013 Palavra do Senhor.Salmo Responsorial:&nbsp;<strong>24(25)<\/strong><\/p>\n\n\n\n<p><em><strong>Recordai, Senhor, a vossa compaix\u00e3o!<\/strong><\/em><\/p>\n\n\n\n<p>1. Mostrai-me, \u00f3 Senhor, vossos caminhos&nbsp;\/&nbsp;e fazei-me conhecer a vossa estrada!&nbsp;\/&nbsp;Vossa verdade me oriente e me conduza,&nbsp;\/&nbsp;porque sois o Deus da minha salva\u00e7\u00e3o.&nbsp;\u2013 R.<\/p>\n\n\n\n<p>2. Recordai, Senhor meu Deus, vossa ternura&nbsp;\/&nbsp;e a vossa compaix\u00e3o, que s\u00e3o eternas!&nbsp;\/&nbsp;De mim lembrai-vos, porque sois miseric\u00f3rdia&nbsp;\/&nbsp;e sois bondade sem limites, \u00f3 Senhor!&nbsp;\u2013 R.<\/p>\n\n\n\n<p>3. O Senhor \u00e9 piedade e retid\u00e3o&nbsp;\/&nbsp;e reconduz ao bom caminho os pecadores.&nbsp;\/&nbsp;Ele dirige os humildes na justi\u00e7a&nbsp;\/&nbsp;e aos pobres ele ensina o seu caminho.&nbsp;\u2013 R.Evangelho:&nbsp;<strong>Mateus 18,21-35<\/strong><\/p>\n\n\n\n<p><strong><em>Jesus Cristo, sois bendito,&nbsp;\/&nbsp;sois o ungido de Deus Pai!<\/em><\/strong><\/p>\n\n\n\n<p><strong>Voltai ao Senhor, vosso Deus;&nbsp;\/&nbsp;ele \u00e9 bom, compassivo e clemente (Jl 2,12s).&nbsp;\u2013 R.<\/strong><\/p>\n\n\n\n<p>Proclama\u00e7\u00e3o do Evangelho de Jesus Cristo segundo Mateus \u2013 Naquele tempo,&nbsp;<sup>21<\/sup>Pedro aproximou-se de Jesus e perguntou: \u201cSenhor, quantas vezes devo perdoar se meu irm\u00e3o pecar contra mim? At\u00e9 sete vezes?\u201d&nbsp;<sup>22<\/sup>Jesus respondeu: \u201cN\u00e3o te digo at\u00e9 sete vezes, mas at\u00e9 setenta vezes sete.&nbsp;<sup>23<\/sup>Porque o Reino dos C\u00e9us \u00e9 como um rei que resolveu acertar as contas com seus empregados.&nbsp;<sup>24<\/sup>Quando come\u00e7ou o acerto, trouxeram-lhe um que lhe devia uma enorme fortuna.&nbsp;<sup>25<\/sup>Como o empregado n\u00e3o tivesse com que pagar, o patr\u00e3o mandou que fosse vendido como escravo, junto com a mulher e os filhos e tudo o que possu\u00eda, para que pagasse a d\u00edvida.&nbsp;<sup>26<\/sup>O empregado, por\u00e9m, caiu aos p\u00e9s do patr\u00e3o e, prostrado, suplicava: \u2018D\u00e1-me um prazo! E eu te pagarei tudo\u2019.&nbsp;<sup>27<\/sup>Diante disso, o patr\u00e3o teve compaix\u00e3o, soltou o empregado e perdoou-lhe a d\u00edvida.&nbsp;<sup>28<\/sup>Ao sair dali, aquele empregado encontrou um dos seus companheiros que lhe devia apenas cem moedas. Ele o agarrou e come\u00e7ou a sufoc\u00e1-lo, dizendo: \u2018Paga o que me deves\u2019.&nbsp;<sup>29<\/sup>O companheiro, caindo aos seus p\u00e9s, suplicava: \u2018D\u00e1-me um prazo! E eu te pagarei\u2019.&nbsp;<sup>30<\/sup>Mas o empregado n\u00e3o quis saber disso. Saiu e mandou jog\u00e1-lo na pris\u00e3o, at\u00e9 que pagasse o que devia.&nbsp;<sup>31<\/sup>Vendo o que havia acontecido, os outros empregados ficaram muito tristes, procuraram o patr\u00e3o e lhe contaram tudo.&nbsp;<sup>32<\/sup>Ent\u00e3o o patr\u00e3o mandou cham\u00e1-lo e lhe disse: \u2018Empregado perverso, eu te perdoei toda a tua d\u00edvida, porque tu me suplicaste.&nbsp;<sup>33<\/sup>N\u00e3o devias tu tamb\u00e9m ter compaix\u00e3o do teu companheiro, como eu tive compaix\u00e3o de ti?\u2019&nbsp;<sup>34<\/sup>O patr\u00e3o indignou-se e mandou entregar aquele empregado aos torturadores, at\u00e9 que pagasse toda a sua d\u00edvida.&nbsp;<sup>35<\/sup>\u00c9 assim que o meu Pai que est\u00e1 nos c\u00e9us far\u00e1 convosco se cada um n\u00e3o perdoar de cora\u00e7\u00e3o ao seu irm\u00e3o\u201d. \u2013 Palavra da salva\u00e7\u00e3o.Reflex\u00e3o:<\/p>\n\n\n\n<p><em>Muito oportuna a pergunta de Pedro a Jesus sobre o perd\u00e3o. A resposta vem imediatamente, sem deixar margem a d\u00favidas: \u00e9 necess\u00e1rio perdoar todas as vezes que algu\u00e9m nos ofende. Para ilustrar o ensinamento novo, Jesus conta a par\u00e1bola dos dois devedores. E salienta a despropor\u00e7\u00e3o entre o perd\u00e3o generoso que nos vem de Deus e o nosso perd\u00e3o, muitas vezes mesquinho ou dado de m\u00e1 vontade. A par\u00e1bola mostra tamb\u00e9m que Deus nos perdoa quando n\u00f3s perdoamos. Ao perdoar algu\u00e9m, abrimos o canal para que o perd\u00e3o de Deus chegue at\u00e9 n\u00f3s. Detalhe: n\u00e3o se trata de um perd\u00e3o qualquer, da boca para fora. \u00c9 necess\u00e1rio perdoar \u201cde cora\u00e7\u00e3o\u201d. Todos somos pecadores e precisamos do perd\u00e3o de Deus. Estamos dispostos a oferecer o perd\u00e3o a quem nos ofendeu?<\/em><\/p>\n","protected":false},"excerpt":{"rendered":"<p>Eu vos chamo, meu Deus, porque me atendeis; inclinai vosso ouvido e escutai-me. Guardai-me como a pupila dos olhos, \u00e0 sombra das vossas asas abrigai-me (Sl 16,6.8). Repletos de confian\u00e7a no Senhor, que&#8230;<\/p>\n","protected":false},"author":2,"featured_media":19914,"comment_status":"open","ping_status":"open","sticky":false,"template":"","format":"standard","meta":[],"categories":[7],"tags":[],"_links":{"self":[{"href":"https:\/\/www.salvatorianas.org.br\/blog\/wp-json\/wp\/v2\/posts\/19913"}],"collection":[{"href":"https:\/\/www.salvatorianas.org.br\/blog\/wp-json\/wp\/v2\/posts"}],"about":[{"href":"https:\/\/www.salvatorianas.org.br\/blog\/wp-json\/wp\/v2\/types\/post"}],"author":[{"embeddable":true,"href":"https:\/\/www.salvatorianas.org.br\/blog\/wp-json\/wp\/v2\/users\/2"}],"replies":[{"embeddable":true,"href":"https:\/\/www.salvatorianas.org.br\/blog\/wp-json\/wp\/v2\/comments?post=19913"}],"version-history":[{"count":1,"href":"https:\/\/www.salvatorianas.org.br\/blog\/wp-json\/wp\/v2\/posts\/19913\/revisions"}],"predecessor-version":[{"id":19915,"href":"https:\/\/www.salvatorianas.org.br\/blog\/wp-json\/wp\/v2\/posts\/19913\/revisions\/19915"}],"wp:featuredmedia":[{"embeddable":true,"href":"https:\/\/www.salvatorianas.org.br\/blog\/wp-json\/wp\/v2\/media\/19914"}],"wp:attachment":[{"href":"https:\/\/www.salvatorianas.org.br\/blog\/wp-json\/wp\/v2\/media?parent=19913"}],"wp:term":[{"taxonomy":"category","embeddable":true,"href":"https:\/\/www.salvatorianas.org.br\/blog\/wp-json\/wp\/v2\/categories?post=19913"},{"taxonomy":"post_tag","embeddable":true,"href":"https:\/\/www.salvatorianas.org.br\/blog\/wp-json\/wp\/v2\/tags?post=19913"}],"curies":[{"name":"wp","href":"https:\/\/api.w.org\/{rel}","templated":true}]}}