{"id":19910,"date":"2023-03-13T18:26:14","date_gmt":"2023-03-13T18:26:14","guid":{"rendered":"https:\/\/www.salvatorianas.org.br\/blog\/?p=19910"},"modified":"2023-09-12T14:12:26","modified_gmt":"2023-09-12T14:12:26","slug":"os-10-anos-de-pontificado-do-papa-francisco-reflexos-dos-gestos-e-acoes","status":"publish","type":"post","link":"https:\/\/www.salvatorianas.org.br\/blog\/os-10-anos-de-pontificado-do-papa-francisco-reflexos-dos-gestos-e-acoes\/","title":{"rendered":"Os 10 anos de pontificado do Papa Francisco: reflexos dos gestos e a\u00e7\u00f5es"},"content":{"rendered":"\n<p><\/p>\n\n\n\n<p>Nesta segunda-feira, 13 de mar\u00e7o, o Papa Francisco completa 10 anos de pontificado. Nessa d\u00e9cada, Francisco tem marcado a realidade com sua presen\u00e7a frente aos desafios no interior da Igreja e \u00e0s mudan\u00e7as e conflitos que se manifestam no mundo. A partir dos gestos e dos processos que leva adiante na Igreja, e tamb\u00e9m dos documentos que produz, tem anunciado o Evangelho e convidado \u00e0 fraternidade, \u00e0 proximidade e \u00e0 ternura, a exemplo de Jesus, como ele mesmo costuma dizer.<\/p>\n\n\n\n<p>Dentre todas as realidades nas quais a Igreja toca com sua presen\u00e7a, algumas foram escolhidas para serem destacadas neste momento em que Francisco chega aos 10 anos de pontificado: a fraternidade humana, a aten\u00e7\u00e3o \u00e0 fam\u00edlia, a ecologia integral, o combate aos abusos na Igreja, a presen\u00e7a na sociedade e uma nova perspectiva para os crist\u00e3os leigos.<\/p>\n\n\n\n<h2 class=\"wp-block-heading\">Fratelli tutti<\/h2>\n\n\n\n<p>Um dos marcos do pontificado do Papa Francisco foi a oferta \u00e0 humanidade da enc\u00edclica&nbsp;<em>Fratelli tutti,&nbsp;<\/em>documento que apresenta o desejo de que, como humanidade, \u201cpossamos reviver em todos a aspira\u00e7\u00e3o mundial \u00e0 fraternidade\u201d. Para o subsecret\u00e1rio adjunto de Pastoral da Confer\u00eancia Nacional dos Bispos do Brasil (CNBB), padre Marcus Barbosa Guimar\u00e3es, a carta enc\u00edclica \u201c\u00e9 um grande presente do Papa Francisco para a Igreja e para a nossa humanidade\u201d.<\/p>\n\n\n\n<p><em>\u201cDe modo especial, entre os in\u00fameros pontos, as in\u00fameras contribui\u00e7\u00f5es que a Fratelli tutti nos traz, eu destacaria duas chaves que parecem centrais: a primeira, como lembra o Papa: se quisermos viver a fraternidade, devemos reconhecer a verdade fundamental que Deus \u00e9 nosso Pai. E se Deus \u00e9 nosso Pai, somos filhos e filhas, todos, sem distin\u00e7\u00e3o, e somos irm\u00e3os e irm\u00e3s. Essa \u00e9 a raiz, \u00e9 a verdade central. \u00c9 a certeza que fecunda o compromisso, o dom da fraternidade\u201d.<\/em><\/p>\n\n\n\n<p><em>\u201cA segunda inspira\u00e7\u00e3o que me vem dessa carta, ao l\u00ea-la, \u00e9 o que o Papa Francisco nos diz que precisamos recome\u00e7ar. E se vamos recome\u00e7ar a reconstru\u00e7\u00e3o da fraternidade,de um modo artesanal\u2026 devemos recome\u00e7a-la a partir dos pobres, para que ningu\u00e9m fique de lado\u201d.<\/em><\/p>\n\n\n\n<h2 class=\"wp-block-heading\"><strong>Fam\u00edlia<\/strong><\/h2>\n\n\n\n<p>A realidade da fam\u00edlia tem sido outro destaque no pontificado do Papa Francisco. Foram duas assembleias sinodais, uma exorta\u00e7\u00e3o apost\u00f3lica, um ano tem\u00e1tico e dezenas de catequeses sobre o tema.&nbsp;<\/p>\n\n\n\n<p><em>\u201cNesses 10 anos de pontificado, temos muito que agradecer ao Papa Francisco pela sua dedica\u00e7\u00e3o e o seu amor pela fam\u00edlia. Com o S\u00ednodo, trouxe a fam\u00edlia para o centro da aten\u00e7\u00e3o pastoral, um olhar para um modo de ser Igreja que \u00e9 como a fam\u00edlia: de corresponsabilidade, de cuidado, de amor, de ternura, de gratuidade\u201d, comentou o bispo de Rio Grande (RS) e presidente da Comiss\u00e3o para Vida e a Fam\u00edlia da CNBB, dom Ricardo Hoepers.<\/em><\/p>\n\n\n\n<p>Para dom Ricardo, a&nbsp;<em>Amoris Laetitia<\/em>&nbsp;\u201cveio&nbsp;confirmar o trabalho que j\u00e1 vinha sendo feito pela Pastoral Familiar\u201d e trouxe para os setores inspirados na&nbsp;<em>Familiaris Consortio<\/em>, de S\u00e3o Jo\u00e3o Paulo II, \u201cum ar de renova\u00e7\u00e3o, uma motiva\u00e7\u00e3o ainda maior para cuidarmos das fragilidades das fam\u00edlias\u201d.<\/p>\n\n\n\n<h2 class=\"wp-block-heading\"><strong>Ecologia Integral<\/strong><\/h2>\n\n\n\n<p>Francisco deu especial aten\u00e7\u00e3o ao cuidado da casa comum nesses primeiros anos de pontificado. Marca disso foi a enc\u00edclica&nbsp;<em>Laudato Si\u2019<\/em>&nbsp;\u2013 sobre o cuidado da casa comum.&nbsp;A leiga Patr\u00edcia Cabral, que faz parte das articula\u00e7\u00f5es da Comunidades Eclesiais de Base (CEBs), do Laicato, e do Comit\u00ea Repam no Regional Norte 1, aponta como o \u201cgrande diferencial\u201d a proposta da reflex\u00e3o do tema da ecologia integral com a enc\u00edclica Laudato Si\u2019 \u201cque, aqui no Brasil, casou com a Campanha da Fraternidade dos biomas e \u201cfez com que a gente pudesse refletir mais sobre a maneira como n\u00f3s cuidamos dessa casa comum, e entender a nossa perten\u00e7a a esse corpo, que n\u00e3o estamos isolados\u201d.<\/p>\n\n\n\n<p>Para ela, essa ideia de perten\u00e7a favorece a compreens\u00e3o da necessidade de cuidar. \u201cN\u00e3o \u00e9 simplesmente n\u00e3o cortar as plantas, mas renovar aquilo que est\u00e1 sendo destru\u00eddo de outra forma\u201d, pontua.<\/p>\n\n\n\n<h2 class=\"wp-block-heading\"><strong>Presen\u00e7a na sociedade<\/strong><\/h2>\n\n\n\n<p>O arcebispo de Goi\u00e2nia (GO), dom Jo\u00e3o Justino de Medeiros Silva, destacou a experi\u00eancia de cuidado com a vida da Igreja e a rela\u00e7\u00e3o com a sociedade durante o pontificado de Francisco. Sobre a presen\u00e7a na sociedade, ele destacou que o Papa tem contribu\u00eddo com&nbsp;diversas abordagens, como o cuidado e o zelo com a educa\u00e7\u00e3o na proposta do Pacto Educativo Global; o cuidado com o tema da ecologia, \u201ccom a sua bel\u00edssima enc\u00edclica Laudato Si\u2019 \u2013 sobre o cuidado da casa comum\u201d; e a Economia de Francisco, \u201cproposi\u00e7\u00e3o que interpela a economia, a partir da participa\u00e7\u00e3o de jovens\u201d.<\/p>\n\n\n\n<p><em>\u201cEsses tr\u00eas temas s\u00e3o muito interessantes, poder\u00edamos citar tantos outros, mas creio que s\u00e3o de uma import\u00e2ncia muito grande para pensar a presen\u00e7a da Igreja na sociedade\u201d, comentou dom Justino.<\/em><\/p>\n\n\n\n<h2 class=\"wp-block-heading\"><strong>Leigos<\/strong><\/h2>\n\n\n\n<p>Francisco tem marcado a Igreja com um novo impulso ministerial para os leigos, de forma especial para as mulheres e, com a proposta do S\u00ednodo, prop\u00f5e uma nova din\u00e2mica nas rela\u00e7\u00f5es entre as diversas voca\u00e7\u00f5es.<\/p>\n\n\n\n<p>Marilza Schuina, membro do Conselho Nacional do Laicato do Brasil, avalia que o Papa Francisco \u201cnos chama a uma Igreja em sa\u00edda, uma Igreja-povo de Deus, onde todos e todas sejam sujeitos da evangeliza\u00e7\u00e3o\u201d. Em rela\u00e7\u00e3o aos crist\u00e3os leigos e leigas, Marilza considera que Francisco \u201cv\u00ea e espera um laicato maduro, capaz de discernir sobre os sinais dos tempos, em comunh\u00e3o com a sua comunidade, buscar o melhor caminho, um laicato que assuma a voca\u00e7\u00e3o no mundo, na hist\u00f3ria, um laicato capaz de semear, trazer os sinais do Reino da justi\u00e7a, do amor e da paz\u201d.&nbsp;&nbsp;<\/p>\n\n\n\n<p><em>\u201cFrancisco, nessa dimens\u00e3o da Igreja em sa\u00edda, fala de um laicato em sa\u00edda, que ofere\u00e7a \u00e0 Igreja, um novo modo de ser Igreja, de ser presen\u00e7a em todos os lugares onde ningu\u00e9m mais chega, onde ningu\u00e9m mais v\u00e1 ou aonde o padre, o bispo, at\u00e9 o Papa pode ir, mas, nesses lugares, o leigo e a leiga n\u00e3o vai, ele est\u00e1 l\u00e1, ele vive l\u00e1, ele mora l\u00e1. Ele, portanto, \u00e9 sinal desta Igreja presente no mundo\u201d, comenta.&nbsp;&nbsp;<\/em><\/p>\n\n\n\n<p>Marilza acredita que permanece um desafio \u00e0 quest\u00e3o das mulheres, ao qual o Papa Francisco tem se mostrado sens\u00edvel, \u201cpara que cada vez mais sejam reconhecidos os direitos da mulher na Igreja, a estar nos espa\u00e7os de decis\u00e3o, a ter seu lugar reconhecido efetivamente\u201d.&nbsp;<\/p>\n\n\n\n<h2 class=\"wp-block-heading\"><strong>Preven\u00e7\u00e3o aos abusos<\/strong><\/h2>\n\n\n\n<p>A presidente do<a href=\"https:\/\/www.cnbb.org.br\/5-meses-nucleo-lux-mundi-dia-nacional-de-combate-ao-abuso-e-a-exploracao-sexual-de-criancas-e-adolescentes\/\" target=\"_blank\" rel=\"noreferrer noopener\">&nbsp;N\u00facleo Lux Mundi<\/a>, Eliane De Carli, comanda uma das estruturas na criada pela Igreja no Brasil cuja atua\u00e7\u00e3o tem sido considerada delicada, mas essencial para combater a chaga dos abusos na Igreja. O escrit\u00f3rio \u00e9 respons\u00e1vel por assessorar as dioceses e entidades religiosas na implementa\u00e7\u00e3o de servi\u00e7os de preven\u00e7\u00e3o e prote\u00e7\u00e3o, conforme estabelecido pelo Papa Francisco.<\/p>\n\n\n\n<p>\u201cA gente avalia [a cria\u00e7\u00e3o de iniciativas de preven\u00e7\u00e3o e combate aos abusos] como um momento bastante especial para a Igreja porque ele traz a quest\u00e3o de uma mudan\u00e7a de paradigmas, no sentido de trabalhar com transpar\u00eancia, com cuidado, com a prote\u00e7\u00e3o e a preven\u00e7\u00e3o no caso dos abusos\u201d, disse Eliane.<\/p>\n\n\n\n<p><\/p>\n\n\n\n<figure class=\"wp-block-image\"><img alt=\"\"\/><\/figure>\n\n\n\n<p><strong>Fonte: CNBB<\/strong><\/p>\n","protected":false},"excerpt":{"rendered":"<p>Nesta segunda-feira, 13 de mar\u00e7o, o Papa Francisco completa 10 anos de pontificado. Nessa d\u00e9cada, Francisco tem marcado a realidade com sua presen\u00e7a frente aos desafios no interior da Igreja e \u00e0s mudan\u00e7as&#8230;<\/p>\n","protected":false},"author":2,"featured_media":19911,"comment_status":"open","ping_status":"open","sticky":true,"template":"","format":"standard","meta":[],"categories":[1],"tags":[],"_links":{"self":[{"href":"https:\/\/www.salvatorianas.org.br\/blog\/wp-json\/wp\/v2\/posts\/19910"}],"collection":[{"href":"https:\/\/www.salvatorianas.org.br\/blog\/wp-json\/wp\/v2\/posts"}],"about":[{"href":"https:\/\/www.salvatorianas.org.br\/blog\/wp-json\/wp\/v2\/types\/post"}],"author":[{"embeddable":true,"href":"https:\/\/www.salvatorianas.org.br\/blog\/wp-json\/wp\/v2\/users\/2"}],"replies":[{"embeddable":true,"href":"https:\/\/www.salvatorianas.org.br\/blog\/wp-json\/wp\/v2\/comments?post=19910"}],"version-history":[{"count":2,"href":"https:\/\/www.salvatorianas.org.br\/blog\/wp-json\/wp\/v2\/posts\/19910\/revisions"}],"predecessor-version":[{"id":21068,"href":"https:\/\/www.salvatorianas.org.br\/blog\/wp-json\/wp\/v2\/posts\/19910\/revisions\/21068"}],"wp:featuredmedia":[{"embeddable":true,"href":"https:\/\/www.salvatorianas.org.br\/blog\/wp-json\/wp\/v2\/media\/19911"}],"wp:attachment":[{"href":"https:\/\/www.salvatorianas.org.br\/blog\/wp-json\/wp\/v2\/media?parent=19910"}],"wp:term":[{"taxonomy":"category","embeddable":true,"href":"https:\/\/www.salvatorianas.org.br\/blog\/wp-json\/wp\/v2\/categories?post=19910"},{"taxonomy":"post_tag","embeddable":true,"href":"https:\/\/www.salvatorianas.org.br\/blog\/wp-json\/wp\/v2\/tags?post=19910"}],"curies":[{"name":"wp","href":"https:\/\/api.w.org\/{rel}","templated":true}]}}