{"id":19906,"date":"2023-03-09T12:16:46","date_gmt":"2023-03-09T12:16:46","guid":{"rendered":"https:\/\/www.salvatorianas.org.br\/blog\/?p=19906"},"modified":"2023-03-09T12:16:47","modified_gmt":"2023-03-09T12:16:47","slug":"2a-semana-da-quaresma-quinta-feira","status":"publish","type":"post","link":"https:\/\/www.salvatorianas.org.br\/blog\/2a-semana-da-quaresma-quinta-feira\/","title":{"rendered":"2\u00aa Semana da Quaresma | Quinta-feira"},"content":{"rendered":"\n<p>Provai-me, \u00f3 Deus, e conhecei meus pensamentos: vede se ando pela vereda do mal e conduzi-me no caminho da eternidade (Sl 138,23s).<\/p>\n\n\n\n<p><em>A confian\u00e7a e a esperan\u00e7a em Deus s\u00e3o fonte de vida para o ser humano, como a \u00e1gua para a \u00e1rvore. S\u00f3 o Senhor conhece o \u00edntimo dos cora\u00e7\u00f5es e d\u00e1 \u201ca cada qual conforme o seu proceder\u201d. Celebremos o Cristo, cuja ressurrei\u00e7\u00e3o \u00e9, para n\u00f3s, um chamado \u00e0 convers\u00e3o e \u00e0 solidariedade com o pobre.<\/em>Primeira Leitura:&nbsp;<strong>Jeremias 17,5-10<\/strong><\/p>\n\n\n\n<p>Leitura do livro do profeta Jeremias \u2013&nbsp;<sup>5<\/sup>Isto diz o Senhor: \u201cMaldito o homem que confia no homem e faz consistir sua for\u00e7a na carne humana, enquanto o seu cora\u00e7\u00e3o se afasta do Senhor;&nbsp;<sup>6<\/sup>como os cardos no deserto, ele n\u00e3o v\u00ea chegar a flora\u00e7\u00e3o, prefere vegetar na secura do ermo, em regi\u00e3o salobra e desabitada.&nbsp;<sup>7<\/sup>Bendito o homem que confia no Senhor, cuja esperan\u00e7a \u00e9 o Senhor;&nbsp;<sup>8<\/sup>\u00e9 como a \u00e1rvore plantada junto \u00e0s \u00e1guas, que estende as ra\u00edzes em busca de umidade, por isso n\u00e3o teme a chegada do calor: sua folhagem mant\u00e9m-se verde, n\u00e3o sofre m\u00edngua em tempo de seca e nunca deixa de dar frutos.&nbsp;<sup>9<\/sup>Em tudo \u00e9 enganador o cora\u00e7\u00e3o, e isso \u00e9 incur\u00e1vel; quem poder\u00e1 conhec\u00ea-lo?&nbsp;<sup>10<\/sup>Eu sou o Senhor, que perscruto o cora\u00e7\u00e3o e provo os sentimentos, que dou a cada qual conforme o seu proceder e conforme o fruto de suas obras\u201d. \u2013 Palavra do Senhor.Salmo Responsorial:&nbsp;<strong>1<\/strong><\/p>\n\n\n\n<p><em><strong>\u00c9 feliz quem a Deus se confia!<\/strong><\/em><\/p>\n\n\n\n<p>1. Feliz \u00e9 todo aquele que n\u00e3o anda&nbsp;\/&nbsp;conforme os conselhos dos perversos;&nbsp;\/&nbsp;que n\u00e3o entra no caminho dos malvados&nbsp;\/&nbsp;nem junto aos zombadores vai sentar-se;&nbsp;\/&nbsp;mas encontra seu prazer na lei de Deus&nbsp;\/&nbsp;e a medita, dia e noite, sem cessar.&nbsp;\u2013 R.<\/p>\n\n\n\n<p>2. Eis que ele \u00e9 semelhante a uma \u00e1rvore&nbsp;\/&nbsp;que \u00e0 beira da torrente est\u00e1 plantada;&nbsp;\/&nbsp;ela sempre d\u00e1 seus frutos a seu tempo,&nbsp;\u2020&nbsp;e jamais as suas folhas v\u00e3o murchar.&nbsp;\/&nbsp;Eis que tudo o que ele faz vai prosperar.&nbsp;\u2013 R.<\/p>\n\n\n\n<p>3. Mas bem outra \u00e9 a sorte dos perversos.&nbsp;\u2020&nbsp;Ao contr\u00e1rio, s\u00e3o iguais \u00e0 palha seca&nbsp;\/&nbsp;espalhada e dispersada pelo vento.&nbsp;\/&nbsp;Pois Deus vigia o caminho dos eleitos,&nbsp;\/&nbsp;mas a estrada dos malvados leva \u00e0 morte.&nbsp;\u2013 R.Evangelho:&nbsp;<strong>Lucas 16,19-31<\/strong><\/p>\n\n\n\n<p><strong><em>Gl\u00f3ria<\/em><em>&nbsp;a Cristo, Palavra eterna do Pai, que \u00e9 amor!<\/em><\/strong><\/p>\n\n\n\n<p><strong>Felizes os que observam&nbsp;\/&nbsp;a Palavra do Senhor de reto cora\u00e7\u00e3o&nbsp;\/&nbsp;e que produzem muitos frutos,&nbsp;\/&nbsp;at\u00e9 o fim perseverantes! (Lc 8,15)&nbsp;\u2013 R.<\/strong><\/p>\n\n\n\n<p>Proclama\u00e7\u00e3o do Evangelho de Jesus Cristo segundo Lucas \u2013 Naquele tempo, disse Jesus aos fariseus:&nbsp;<sup>19<\/sup>\u201cHavia um homem rico, que se vestia com roupas finas e elegantes e fazia festas espl\u00eandidas todos os dias.&nbsp;<sup>20<\/sup>Um pobre, chamado L\u00e1zaro, cheio de feridas, estava no ch\u00e3o, \u00e0 porta do rico.&nbsp;<sup>21<\/sup>Ele queria matar a fome com as sobras que ca\u00edam da mesa do rico. E, al\u00e9m disso, vinham os cachorros lamber suas feridas.&nbsp;<sup>22<\/sup>Quando o pobre morreu, os anjos levaram-no para junto de Abra\u00e3o. Morreu tamb\u00e9m o rico e foi enterrado.&nbsp;<sup>23<\/sup>Na regi\u00e3o dos mortos, no meio dos tormentos, o rico levantou os olhos e viu de longe a Abra\u00e3o, com L\u00e1zaro ao seu lado.&nbsp;<sup>24<\/sup>Ent\u00e3o gritou: \u2018Pai Abra\u00e3o, tem piedade de mim! Manda L\u00e1zaro molhar a ponta do dedo para me refrescar a l\u00edngua, porque sofro muito nestas chamas\u2019.&nbsp;<sup>25<\/sup>Mas Abra\u00e3o respondeu: \u2018Filho, lembra-te que tu recebeste teus bens durante a vida e L\u00e1zaro, por sua vez, os males. Agora, por\u00e9m, ele encontra aqui consolo e tu \u00e9s atormentado.&nbsp;<sup>26<\/sup>E, al\u00e9m disso, h\u00e1 um grande abismo entre n\u00f3s: por mais que algu\u00e9m desejasse, n\u00e3o poderia passar daqui para junto de v\u00f3s e nem os da\u00ed poderiam atravessar at\u00e9 n\u00f3s\u2019.&nbsp;<sup>27<\/sup>O rico insistiu: \u2018Pai, eu te suplico, manda L\u00e1zaro \u00e0 casa do meu pai,&nbsp;<sup>28<\/sup>porque eu tenho cinco irm\u00e3os. Manda preveni-los, para que n\u00e3o venham tamb\u00e9m eles para este lugar de tormento\u2019.&nbsp;<sup>29<\/sup>Mas Abra\u00e3o respondeu: \u2018Eles t\u00eam Mois\u00e9s e os Profetas, que os escutem!\u2019&nbsp;<sup>30<\/sup>O rico insistiu: \u2018N\u00e3o, pai Abra\u00e3o, mas se um dos mortos for at\u00e9 eles, certamente v\u00e3o se converter\u2019.&nbsp;<sup>31<\/sup>Mas Abra\u00e3o lhe disse: \u2018Se n\u00e3o escutam a Mois\u00e9s nem aos Profetas, eles n\u00e3o acreditar\u00e3o, mesmo que algu\u00e9m ressuscite dos mortos&#8217;\u201d. \u2013 Palavra da salva\u00e7\u00e3o.Reflex\u00e3o:<\/p>\n\n\n\n<p><em>Lucas comp\u00f5e um drama para mostrar que os ricos cavam para si um abismo que os separa da Vida. O homem rico \u00e9 debochado: entrega-se aos prazeres da comida e do luxo, al\u00e9m de desprezar o mendigo, deitado \u00e0 porta de sua casa. O pobre tem identidade, seu nome \u00e9 L\u00e1zaro, e espera saciar a fome com as sobras do rica\u00e7o. \u00c9 da natureza do rico avarento enxergar s\u00f3 a si mesmo: fecha-se no pr\u00f3prio orgulho e ignora a humilha\u00e7\u00e3o e sofrimento alheios; falta-lhe a decis\u00e3o de ser solid\u00e1rio e fraterno com quem passa necessidade. Final do drama: cada pessoa presta conta dos seus atos. O pobre, que viveu em total despojamento \u00e0 semelhan\u00e7a de Cristo, passa da morte \u00e0 gl\u00f3ria. O rico, que viveu de modo ego\u00edsta e desprezou os demais filhos de Deus, vai ao encontro de uma vida de tormentos.<\/em><\/p>\n","protected":false},"excerpt":{"rendered":"<p>Provai-me, \u00f3 Deus, e conhecei meus pensamentos: vede se ando pela vereda do mal e conduzi-me no caminho da eternidade (Sl 138,23s). A confian\u00e7a e a esperan\u00e7a em Deus s\u00e3o fonte de vida&#8230;<\/p>\n","protected":false},"author":2,"featured_media":19907,"comment_status":"open","ping_status":"open","sticky":false,"template":"","format":"standard","meta":[],"categories":[7],"tags":[],"_links":{"self":[{"href":"https:\/\/www.salvatorianas.org.br\/blog\/wp-json\/wp\/v2\/posts\/19906"}],"collection":[{"href":"https:\/\/www.salvatorianas.org.br\/blog\/wp-json\/wp\/v2\/posts"}],"about":[{"href":"https:\/\/www.salvatorianas.org.br\/blog\/wp-json\/wp\/v2\/types\/post"}],"author":[{"embeddable":true,"href":"https:\/\/www.salvatorianas.org.br\/blog\/wp-json\/wp\/v2\/users\/2"}],"replies":[{"embeddable":true,"href":"https:\/\/www.salvatorianas.org.br\/blog\/wp-json\/wp\/v2\/comments?post=19906"}],"version-history":[{"count":1,"href":"https:\/\/www.salvatorianas.org.br\/blog\/wp-json\/wp\/v2\/posts\/19906\/revisions"}],"predecessor-version":[{"id":19908,"href":"https:\/\/www.salvatorianas.org.br\/blog\/wp-json\/wp\/v2\/posts\/19906\/revisions\/19908"}],"wp:featuredmedia":[{"embeddable":true,"href":"https:\/\/www.salvatorianas.org.br\/blog\/wp-json\/wp\/v2\/media\/19907"}],"wp:attachment":[{"href":"https:\/\/www.salvatorianas.org.br\/blog\/wp-json\/wp\/v2\/media?parent=19906"}],"wp:term":[{"taxonomy":"category","embeddable":true,"href":"https:\/\/www.salvatorianas.org.br\/blog\/wp-json\/wp\/v2\/categories?post=19906"},{"taxonomy":"post_tag","embeddable":true,"href":"https:\/\/www.salvatorianas.org.br\/blog\/wp-json\/wp\/v2\/tags?post=19906"}],"curies":[{"name":"wp","href":"https:\/\/api.w.org\/{rel}","templated":true}]}}