{"id":19879,"date":"2023-03-01T12:29:00","date_gmt":"2023-03-01T12:29:00","guid":{"rendered":"https:\/\/www.salvatorianas.org.br\/blog\/?p=19879"},"modified":"2023-03-01T12:29:01","modified_gmt":"2023-03-01T12:29:01","slug":"1a-semana-da-quaresma-quarta-feira","status":"publish","type":"post","link":"https:\/\/www.salvatorianas.org.br\/blog\/1a-semana-da-quaresma-quarta-feira\/","title":{"rendered":"1\u00aa Semana da Quaresma | Quarta-feira"},"content":{"rendered":"\n<p><strong>Ora\u00e7\u00e3o do dia<\/strong><\/p>\n\n\n\n<p>Considerai, \u00f3 Deus, com bondade o fervor do vosso povo. E, enquanto mortificamos o corpo, sejamos espiritualmente fortalecidos pelos frutos das boas obras. Por Nosso Senhor Jesus Cristo, Vosso Filho, na unidade do Esp\u00edrito Santo.<strong>Leitura (Jonas 3,1-10)<\/strong><\/p>\n\n\n\n<p>3 1 A palavra do Senhor foi dirigida pela segunda vez a Jonas nestes termos:<\/p>\n\n\n\n<p>2 &#8220;Vai a N\u00ednive, a grande cidade, e faze-lhe conhecer a mensagem que te ordenei&#8221;.<\/p>\n\n\n\n<p>3 Jonas p\u00f4s-se a caminho e foi a N\u00ednive, segundo a ordem do Senhor. N\u00ednive era, diante de Deus, uma grande cidade: eram precisos tr\u00eas dias para percorr\u00ea-la.<\/p>\n\n\n\n<p>4 Jonas foi pela cidade durante todo um dia, pregando: &#8220;Daqui a quarenta dias N\u00ednive ser\u00e1 destru\u00edda&#8221;.<\/p>\n\n\n\n<p>5 Os ninivitas creram (nessa mensagem) de Deus, e proclamaram um jejum, vestindo-se de sacos desde o maior at\u00e9 o menor.<\/p>\n\n\n\n<p>6 A not\u00edcia chegou ao conhecimento do rei de N\u00ednive; ele levantou-se do seu trono, tirou o manto, cobriu-se de saco e sentou-se sobre a cinza.<\/p>\n\n\n\n<p>7 Em seguida, foi publicado pela cidade, por ordem do rei e dos pr\u00edncipes, este decreto: Fica proibido aos homens e aos animais, tanto do gado maior como do menor, comer o que quer que seja, assim como pastar ou beber.<\/p>\n\n\n\n<p>8 Homens e animais se cobrir\u00e3o de sacos. Todos clamem a Deus, em alta voz; deixe cada um o seu mau caminho e converta-se da viol\u00eancia que h\u00e1 em suas m\u00e3os.<\/p>\n\n\n\n<p>9 Quem sabe, Deus se arrepender\u00e1, acalmar\u00e1 o ardor de sua c\u00f3lera e deixar\u00e1 de nos perder!<\/p>\n\n\n\n<p>10 Diante de uma tal atitude, vendo como renunciavam aos seus maus caminhos, Deus arrependeu-se do mal que resolvera fazer-lhes, e n\u00e3o o executou.<\/p>\n\n\n\n<p>Palavra do Senhor.<\/p>\n\n\n\n<p>3 1 A palavra do Senhor foi dirigida pela segunda vez a Jonas nestes termos:<\/p>\n\n\n\n<p>2 &#8220;Vai a N\u00ednive, a grande cidade, e faze-lhe conhecer a mensagem que te ordenei&#8221;.<\/p>\n\n\n\n<p>3 Jonas p\u00f4s-se a caminho e foi a N\u00ednive, segundo a ordem do Senhor. N\u00ednive era, diante de Deus, uma grande cidade: eram precisos tr\u00eas dias para percorr\u00ea-la.<\/p>\n\n\n\n<p>4 Jonas foi pela cidade durante todo um dia, pregando: &#8220;Daqui a quarenta dias N\u00ednive ser\u00e1 destru\u00edda&#8221;.<\/p>\n\n\n\n<p>5 Os ninivitas creram (nessa mensagem) de Deus, e proclamaram um jejum, vestindo-se de sacos desde o maior at\u00e9 o menor.<\/p>\n\n\n\n<p>6 A not\u00edcia chegou ao conhecimento do rei de N\u00ednive; ele levantou-se do seu trono, tirou o manto, cobriu-se de saco e sentou-se sobre a cinza.<\/p>\n\n\n\n<p>7 Em seguida, foi publicado pela cidade, por ordem do rei e dos pr\u00edncipes, este decreto: Fica proibido aos homens e aos animais, tanto do gado maior como do menor, comer o que quer que seja, assim como pastar ou beber.<\/p>\n\n\n\n<p>8 Homens e animais se cobrir\u00e3o de sacos. Todos clamem a Deus, em alta voz; deixe cada um o seu mau caminho e converta-se da viol\u00eancia que h\u00e1 em suas m\u00e3os.<\/p>\n\n\n\n<p>9 Quem sabe, Deus se arrepender\u00e1, acalmar\u00e1 o ardor de sua c\u00f3lera e deixar\u00e1 de nos perder!<\/p>\n\n\n\n<p>10 Diante de uma tal atitude, vendo como renunciavam aos seus maus caminhos, Deus arrependeu-se do mal que resolvera fazer-lhes, e n\u00e3o o executou.<\/p>\n\n\n\n<p>Palavra do Senhor.<strong>Salmo Responsorial 50\/51<\/strong><\/p>\n\n\n\n<p><strong>\u00d3 Senhor, n\u00e3o desprezeis um cora\u00e7\u00e3o arrependido!<\/strong><\/p>\n\n\n\n<p>Tende piedade, \u00f3 meu Deus, miseric\u00f3rdia!<\/p>\n\n\n\n<p>Na imensid\u00e3o de vosso amor, purificai-me!<\/p>\n\n\n\n<p>Lavai-me todo inteiro do pecado<\/p>\n\n\n\n<p>e apagai completamente a minha culpa!<\/p>\n\n\n\n<p>Criai em mim um cora\u00e7\u00e3o que seja puro,<\/p>\n\n\n\n<p>dai-me de novo um esp\u00edrito decidido.<\/p>\n\n\n\n<p>\u00d3 Senhor, n\u00e3o me afasteis de vossa face<\/p>\n\n\n\n<p>nem retireis de mim o vosso Santo Esp\u00edrito!<\/p>\n\n\n\n<p>Pois n\u00e3o s\u00e3o de vosso agrado os sacrif\u00edcios,<\/p>\n\n\n\n<p>e, se oferto um holocausto, o rejeitais.<\/p>\n\n\n\n<p>Meu sacrif\u00edcio \u00e9 minha alma penitente,<\/p>\n\n\n\n<p>n\u00e3o desprezeis um cora\u00e7\u00e3o arrependido!<strong>Evangelho (Lucas 11,29-32)<\/strong><\/p>\n\n\n\n<p>Jesus Cristo, sois bendito, sois o ungido de Deus Pai!<\/p>\n\n\n\n<p>Voltai ao Senhor, vosso Deus, ele \u00e9 bom, compassivo e clemente (Jl 2,12s).<\/p>\n\n\n\n<p>Proclama\u00e7\u00e3o do Evangelho de Jesus Cristo segundo Lucas.<\/p>\n\n\n\n<p>Naquele tempo, 11 29 quando as multid\u00f5es se reuniram em grande quantidade, Jesus come\u00e7ou a dizer: &#8220;Esta gera\u00e7\u00e3o \u00e9 uma gera\u00e7\u00e3o perversa; pede um sinal, mas n\u00e3o se lhe dar\u00e1 outro sinal sen\u00e3o o sinal do profeta Jonas.<\/p>\n\n\n\n<p>30 Pois, como Jonas foi um sinal para os ninivitas, assim o Filho do Homem o ser\u00e1 para esta gera\u00e7\u00e3o.<\/p>\n\n\n\n<p>31 A rainha do meio-dia levantar-se-\u00e1 no dia do ju\u00edzo para condenar os homens desta gera\u00e7\u00e3o, porque ela veio dos confins da terra ouvir a sabedoria de Salom\u00e3o! Ora, aqui est\u00e1 quem \u00e9 mais que Salom\u00e3o.<\/p>\n\n\n\n<p>32 Os ninivitas levantar-se-\u00e3o no dia do ju\u00edzo para condenar os homens desta gera\u00e7\u00e3o, porque fizeram penit\u00eancia com a prega\u00e7\u00e3o de Jonas. Ora, aqui est\u00e1 quem \u00e9 mais do que Jonas&#8221;.<\/p>\n\n\n\n<p>Palavra da Salva\u00e7\u00e3o.<strong>Coment\u00e1rio ao Evangelho<\/strong><\/p>\n\n\n\n<p>UMA CHANCE PERDIDA<\/p>\n\n\n\n<p>Os contempor\u00e2neos de Jesus n\u00e3o fizeram muito caso de sua prega\u00e7\u00e3o. Quando confrontados com a exig\u00eancia de convers\u00e3o, colocavam em d\u00favida a pessoa de Mestre, exigindo dele sinais que comprovassem sua autoridade.<\/p>\n\n\n\n<p>No fundo, a gera\u00e7\u00e3o perversa daquele tempo n\u00e3o estava disposta a abrir m\u00e3o de seus esquemas, e a acolher a proposta que lhe era apresentada. As exig\u00eancias de Jesus eram vistas com desprezo por quem se sentia seguro, apegado \u00e0s pr\u00f3prias ideias, e convencido da pr\u00f3pria salva\u00e7\u00e3o; por quem havia reduzido Deus aos limites da pr\u00f3pria mentalidade, um Deus que j\u00e1 n\u00e3o tinha mais for\u00e7a para questionar; por quem cultuava a tradi\u00e7\u00e3o, apegando-se ao passado.<\/p>\n\n\n\n<p>A censura de Jesus a seus contempor\u00e2neos evidencia que eles tinham perdido uma grande chance oferecida por Deus. At\u00e9 mesmo os habitantes de N\u00ednive, apesar de serem pag\u00e3os, deram ouvido a Jonas; e fizeram penit\u00eancia, ap\u00f3s a prega\u00e7\u00e3o do profeta. Mesmo a rainha de Sab\u00e1, vinda de longe, fora ter com o rei Salom\u00e3o &#8211; homem extraordinariamente s\u00e1bio -, a fim de ser instru\u00edda por ele. A gera\u00e7\u00e3o do tempo de Jesus, ao inv\u00e9s disso, fechou-se, decididamente, diante do convite que lhe era feito, chegando at\u00e9 a suspeitar do Mestre.<\/p>\n\n\n\n<p>A prud\u00eancia nos recomenda a estarmos atentos aos apelos de Deus, para que n\u00e3o tenhamos de lamentar a chance perdida. Diante do convite de Jesus, \u00e9 necess\u00e1rio converter-se, sem demora.<\/p>\n\n\n\n<p>Ora\u00e7\u00e3o<\/p>\n\n\n\n<p>Esp\u00edrito de prud\u00eancia, faze-me acolher, sem demora, o convite de Jesus, de modo que eu n\u00e3o perca a chance de converter-me ao Evangelho da salva\u00e7\u00e3o.<\/p>\n","protected":false},"excerpt":{"rendered":"<p>Ora\u00e7\u00e3o do dia Considerai, \u00f3 Deus, com bondade o fervor do vosso povo. E, enquanto mortificamos o corpo, sejamos espiritualmente fortalecidos pelos frutos das boas obras. Por Nosso Senhor Jesus Cristo, Vosso Filho,&#8230;<\/p>\n","protected":false},"author":2,"featured_media":19880,"comment_status":"open","ping_status":"open","sticky":false,"template":"","format":"standard","meta":[],"categories":[7],"tags":[],"_links":{"self":[{"href":"https:\/\/www.salvatorianas.org.br\/blog\/wp-json\/wp\/v2\/posts\/19879"}],"collection":[{"href":"https:\/\/www.salvatorianas.org.br\/blog\/wp-json\/wp\/v2\/posts"}],"about":[{"href":"https:\/\/www.salvatorianas.org.br\/blog\/wp-json\/wp\/v2\/types\/post"}],"author":[{"embeddable":true,"href":"https:\/\/www.salvatorianas.org.br\/blog\/wp-json\/wp\/v2\/users\/2"}],"replies":[{"embeddable":true,"href":"https:\/\/www.salvatorianas.org.br\/blog\/wp-json\/wp\/v2\/comments?post=19879"}],"version-history":[{"count":1,"href":"https:\/\/www.salvatorianas.org.br\/blog\/wp-json\/wp\/v2\/posts\/19879\/revisions"}],"predecessor-version":[{"id":19881,"href":"https:\/\/www.salvatorianas.org.br\/blog\/wp-json\/wp\/v2\/posts\/19879\/revisions\/19881"}],"wp:featuredmedia":[{"embeddable":true,"href":"https:\/\/www.salvatorianas.org.br\/blog\/wp-json\/wp\/v2\/media\/19880"}],"wp:attachment":[{"href":"https:\/\/www.salvatorianas.org.br\/blog\/wp-json\/wp\/v2\/media?parent=19879"}],"wp:term":[{"taxonomy":"category","embeddable":true,"href":"https:\/\/www.salvatorianas.org.br\/blog\/wp-json\/wp\/v2\/categories?post=19879"},{"taxonomy":"post_tag","embeddable":true,"href":"https:\/\/www.salvatorianas.org.br\/blog\/wp-json\/wp\/v2\/tags?post=19879"}],"curies":[{"name":"wp","href":"https:\/\/api.w.org\/{rel}","templated":true}]}}