{"id":19876,"date":"2023-02-28T20:18:30","date_gmt":"2023-02-28T20:18:30","guid":{"rendered":"https:\/\/www.salvatorianas.org.br\/blog\/?p=19876"},"modified":"2023-02-28T20:18:32","modified_gmt":"2023-02-28T20:18:32","slug":"1a-semana-da-quaresma-terca-feira","status":"publish","type":"post","link":"https:\/\/www.salvatorianas.org.br\/blog\/1a-semana-da-quaresma-terca-feira\/","title":{"rendered":"1\u00aa Semana da Quaresma | Ter\u00e7a-feira"},"content":{"rendered":"\n<h3 class=\"wp-block-heading\">Ora\u00e7\u00e3o do dia<\/h3>\n\n\n\n<p>Olhai, \u00f3 Deus, vossa fam\u00edlia e fazei crescer no vosso amor aqueles que agora se mortificam pela penit\u00eancia corporal. Por Nosso Senhor Jesus Cristo, Vosso Filho, na unidade do Esp\u00edrito Santo.<\/p>\n\n\n\n<h3 class=\"wp-block-heading\">Leitura &#8211;&nbsp;Isa\u00edas 55,10-11<\/h3>\n\n\n\n<p>Leitura do livro do profeta Isa\u00edas.<\/p>\n\n\n\n<p>Isto diz o Senhor: 55 10 &#8220;Tal como a chuva e a neve caem do c\u00e9u e para l\u00e1 n\u00e3o volvem sem ter regado a terra, sem a ter fecundado, e feito germinar as plantas, sem dar o gr\u00e3o a semear e o p\u00e3o a comer,<\/p>\n\n\n\n<p>11 assim acontece \u00e0 palavra que minha boca profere: n\u00e3o volta sem ter produzido seu efeito, sem ter executado minha vontade e cumprido sua miss\u00e3o&#8221;.<\/p>\n\n\n\n<p>Palavra do Senhor.<\/p>\n\n\n\n<h3 class=\"wp-block-heading\">Salmo Responsorial &#8211;&nbsp;33\/34<\/h3>\n\n\n\n<p><strong>O Senhor liberta os justos de todas as ang\u00fastias.<\/strong><\/p>\n\n\n\n<p>Comigo engrandecei ao Senhor Deus,<\/p>\n\n\n\n<p>exaltemos todos juntos o seu nome!<\/p>\n\n\n\n<p>Todas as vezes que o busquei, ele me ouviu<\/p>\n\n\n\n<p>e de todos os temores me livrou.<\/p>\n\n\n\n<p>Contemplai a sua face e alegrai-vos,<\/p>\n\n\n\n<p>e vosso rosto n\u00e3o se cubra de vergonha!<\/p>\n\n\n\n<p>Este infeliz gritou a Deus e foi ouvido,<\/p>\n\n\n\n<p>e o Senhor o libertou de toda ang\u00fastia.<\/p>\n\n\n\n<p>O Senhor pousa seus olhos sobre os justos,<\/p>\n\n\n\n<p>e seu ouvido est\u00e1 atento ao seu chamado;<\/p>\n\n\n\n<p>mas ele volta a sua face contra os maus,<\/p>\n\n\n\n<p>para da terra apagar sua lembran\u00e7a.<\/p>\n\n\n\n<p>Clamam os justos, e o Senhor bondoso escuta<\/p>\n\n\n\n<p>e de todas as ang\u00fastias os liberta.<\/p>\n\n\n\n<p>Do cora\u00e7\u00e3o atribulado ele est\u00e1 perto<\/p>\n\n\n\n<p>e conforta os de esp\u00edrito abatido.<\/p>\n\n\n\n<h3 class=\"wp-block-heading\">Leitura &#8211;<\/h3>\n\n\n\n<h3 class=\"wp-block-heading\">Evangelho &#8211;&nbsp;Mateus 6,7-15<\/h3>\n\n\n\n<p>Gl\u00f3ria a Cristo, palavra eterna do Pai, que \u00e9 amor!<\/p>\n\n\n\n<p>O homem n\u00e3o vive somente de p\u00e3o, mas de toda palavra da boca de Deus (Mt 4,4).<\/p>\n\n\n\n<p>Proclama\u00e7\u00e3o do Evangelho de Jesus Cristo segundo Mateus.<\/p>\n\n\n\n<p>Naquele tempo, disse Jesus aos seus disc\u00edpulos 6 7 &#8220;Nas vossas ora\u00e7\u00f5es, n\u00e3o multipliqueis as palavras, como fazem os pag\u00e3os que julgam que ser\u00e3o ouvidos \u00e0 for\u00e7a de palavras.<\/p>\n\n\n\n<p>8 N\u00e3o os imiteis, porque vosso Pai sabe o que vos \u00e9 necess\u00e1rio, antes que v\u00f3s lho pe\u00e7ais.<\/p>\n\n\n\n<p>9 Eis como deveis rezar: Pai nosso, que estais no c\u00e9u, santificado seja o vosso nome;<\/p>\n\n\n\n<p>10 venha a n\u00f3s o vosso Reino; seja feita a vossa vontade, assim na terra como no c\u00e9u.<\/p>\n\n\n\n<p>11 O p\u00e3o nosso de cada dia nos dai hoje;<\/p>\n\n\n\n<p>12 perdoai-nos as nossas ofensas, assim como n\u00f3s perdoamos aos que nos ofenderam;<\/p>\n\n\n\n<p>13 e n\u00e3o nos deixeis cair em tenta\u00e7\u00e3o, mas livrai-nos do mal.<\/p>\n\n\n\n<p>14 Porque, se perdoardes aos homens as suas ofensas, vosso Pai celeste tamb\u00e9m vos perdoar\u00e1.<\/p>\n\n\n\n<p>15 Mas se n\u00e3o perdoardes aos homens, tampouco vosso Pai vos perdoar\u00e1&#8221;.<\/p>\n\n\n\n<p>Palavra da Salva\u00e7\u00e3o.<\/p>\n\n\n\n<h3 class=\"wp-block-heading\">Coment\u00e1rio ao Evangelho<\/h3>\n\n\n\n<p>A ORA\u00c7\u00c3O DO DISC\u00cdPULO<\/p>\n\n\n\n<p>&nbsp;&nbsp;&nbsp;&nbsp;&nbsp;&nbsp;&nbsp;&nbsp;&nbsp;&nbsp;&nbsp;&nbsp;&nbsp;&nbsp; A ora\u00e7\u00e3o crist\u00e3 consiste em estabelecer uma rela\u00e7\u00e3o amorosa com Deus. Uma rela\u00e7\u00e3o de amor d\u00e1-se num contexto de confian\u00e7a, de transpar\u00eancia, de profundidade. Nem sempre o ser humano \u00e9 capaz disto, quando se trata de relacionar-se com Deus, na ora\u00e7\u00e3o. \u00c9 comum a tenta\u00e7\u00e3o de querer argumentar com ele, de transform\u00e1-lo em dep\u00f3sito de lam\u00farias e de consider\u00e1-lo solu\u00e7\u00e3o para todas as pend\u00eancias humanas.<\/p>\n\n\n\n<p>&nbsp;&nbsp;&nbsp;&nbsp;&nbsp;&nbsp;&nbsp;&nbsp;&nbsp;&nbsp;&nbsp;&nbsp;&nbsp;&nbsp; Jesus denunciou certas tend\u00eancias erradas no tocante \u00e0 ora\u00e7\u00e3o e indicou uma pista para faz\u00ea-la de maneira consistente. A ora\u00e7\u00e3o \u00e9 um di\u00e1logo com o Pai, que n\u00e3o se coloca na mesma altura do orante: ele \u00e9 santo e est\u00e1 no c\u00e9u, embora esteja muito perto de quem reza. Diante dele, exige-se uma atitude de rever\u00eancia e humildade.<\/p>\n\n\n\n<p>&nbsp;&nbsp;&nbsp;&nbsp;&nbsp;&nbsp;&nbsp;&nbsp;&nbsp;&nbsp;&nbsp;&nbsp;&nbsp;&nbsp; O anseio fundamental do orante deve ser de que o Reino do Pai aconte\u00e7a na hist\u00f3ria humana e todas as pessoas se submetam a seu projeto. Por outro lado, ele sabe que tudo tem sua origem no Pai, inclusive o p\u00e3o de cada dia, considerado fruto da preocupa\u00e7\u00e3o paterna e materna de Deus pelo ser humano. O orante tamb\u00e9m tem consci\u00eancia da paci\u00eancia do Pai com suas fragilidades e pecados. O Pai est\u00e1 sempre disposto a perdoar e a confiar na sinceridade do arrependimento do pecador. Em contrapartida, este reconhece a import\u00e2ncia de perdoar a fragilidade e o pecado de seu semelhante. Enfim, o grande desejo do orante \u00e9 n\u00e3o se deixar levar pela maldade que o afasta do Pai e o leva a prescindir dele.<\/p>\n","protected":false},"excerpt":{"rendered":"<p>Ora\u00e7\u00e3o do dia Olhai, \u00f3 Deus, vossa fam\u00edlia e fazei crescer no vosso amor aqueles que agora se mortificam pela penit\u00eancia corporal. Por Nosso Senhor Jesus Cristo, Vosso Filho, na unidade do Esp\u00edrito&#8230;<\/p>\n","protected":false},"author":2,"featured_media":19877,"comment_status":"open","ping_status":"open","sticky":false,"template":"","format":"standard","meta":[],"categories":[7],"tags":[],"_links":{"self":[{"href":"https:\/\/www.salvatorianas.org.br\/blog\/wp-json\/wp\/v2\/posts\/19876"}],"collection":[{"href":"https:\/\/www.salvatorianas.org.br\/blog\/wp-json\/wp\/v2\/posts"}],"about":[{"href":"https:\/\/www.salvatorianas.org.br\/blog\/wp-json\/wp\/v2\/types\/post"}],"author":[{"embeddable":true,"href":"https:\/\/www.salvatorianas.org.br\/blog\/wp-json\/wp\/v2\/users\/2"}],"replies":[{"embeddable":true,"href":"https:\/\/www.salvatorianas.org.br\/blog\/wp-json\/wp\/v2\/comments?post=19876"}],"version-history":[{"count":1,"href":"https:\/\/www.salvatorianas.org.br\/blog\/wp-json\/wp\/v2\/posts\/19876\/revisions"}],"predecessor-version":[{"id":19878,"href":"https:\/\/www.salvatorianas.org.br\/blog\/wp-json\/wp\/v2\/posts\/19876\/revisions\/19878"}],"wp:featuredmedia":[{"embeddable":true,"href":"https:\/\/www.salvatorianas.org.br\/blog\/wp-json\/wp\/v2\/media\/19877"}],"wp:attachment":[{"href":"https:\/\/www.salvatorianas.org.br\/blog\/wp-json\/wp\/v2\/media?parent=19876"}],"wp:term":[{"taxonomy":"category","embeddable":true,"href":"https:\/\/www.salvatorianas.org.br\/blog\/wp-json\/wp\/v2\/categories?post=19876"},{"taxonomy":"post_tag","embeddable":true,"href":"https:\/\/www.salvatorianas.org.br\/blog\/wp-json\/wp\/v2\/tags?post=19876"}],"curies":[{"name":"wp","href":"https:\/\/api.w.org\/{rel}","templated":true}]}}