{"id":19872,"date":"2023-02-26T00:19:00","date_gmt":"2023-02-26T00:19:00","guid":{"rendered":"https:\/\/www.salvatorianas.org.br\/blog\/?p=19872"},"modified":"2023-02-25T11:25:45","modified_gmt":"2023-02-25T11:25:45","slug":"1o-domingo-da-quaresma","status":"publish","type":"post","link":"https:\/\/www.salvatorianas.org.br\/blog\/1o-domingo-da-quaresma\/","title":{"rendered":"1\u00ba Domingo da Quaresma"},"content":{"rendered":"\n<p><strong>Ora\u00e7\u00e3o do dia<\/strong><\/p>\n\n\n\n<p>Concedei-nos, \u00f3 Deus onipotente, que, ao longo desta Quaresma, possamos progredir no conhecimento de Jesus Cristo e corresponder a seu amor por uma vida santa. Por Nosso Senhor Jesus Cristo, Vosso Filho, na unidade do Esp\u00edrito Santo.<strong>Leitura (G\u00eanesis 2,7-9; 3,1-7)<\/strong><\/p>\n\n\n\n<p>Leitura do livro do G\u00eanesis.<\/p>\n\n\n\n<p>9 8 Disse tamb\u00e9m Deus a No\u00e9 e as seus filhos:<\/p>\n\n\n\n<p>9 \u201cVou fazer uma alian\u00e7a convosco e com vossa posteridade,<\/p>\n\n\n\n<p>10 assim como com todos os seres vivos que est\u00e3o convosco: as aves, os animais dom\u00e9sticos, todos os animais selvagens que est\u00e3o convosco, desde todos aqueles que sa\u00edram da arca at\u00e9 todo animal da terra.<\/p>\n\n\n\n<p>11 Fa\u00e7o esta alian\u00e7a convosco: nenhuma criatura ser\u00e1 destru\u00edda pelas \u00e1guas do dil\u00favio, e n\u00e3o haver\u00e1 mais dil\u00favio para devastar a terra.\u201d<\/p>\n\n\n\n<p>12 Deus disse: \u201cEis o sinal da alian\u00e7a que eu fa\u00e7o convosco e com todos os seres vivos que vos cercam, por todas as gera\u00e7\u00f5es futuras:<\/p>\n\n\n\n<p>13 Ponho o meu arco nas nuvens, para que ele seja o sinal da alian\u00e7a entre mim e a terra.<\/p>\n\n\n\n<p>14 Quando eu tiver coberto o c\u00e9u de nuvens por cima da terra, o meu arco aparecer\u00e1 nas nuvens,<\/p>\n\n\n\n<p>15 e me lembrarei da alian\u00e7a que fiz convosco e com todo ser vivo de toda esp\u00e9cie, e as \u00e1guas n\u00e3o causar\u00e3o mais dil\u00favio que extermine toda criatura&#8221;.<\/p>\n\n\n\n<p>Palavra do Senhor.<strong>Salmo Responsorial 50\/51<\/strong><\/p>\n\n\n\n<p><strong>Piedade, \u00f3 Senhor, tende piedade,<\/strong><\/p>\n\n\n\n<p><strong>pois pecamos contra v\u00f3s.<\/strong><\/p>\n\n\n\n<p>Tende piedade, \u00f3 meu Deus, miseric\u00f3rdia!<\/p>\n\n\n\n<p>Na imensid\u00e3o de vosso amor, purificai-me!<\/p>\n\n\n\n<p>Lavai-me todo inteiro do pecado<\/p>\n\n\n\n<p>e apagai completamente a minha culpa!<\/p>\n\n\n\n<p>Eu reconhe\u00e7o toda a minha iniquidade,<\/p>\n\n\n\n<p>o meu pecado est\u00e1 sempre \u00e0 minha frente.<\/p>\n\n\n\n<p>Foi contra v\u00f3s, s\u00f3 contra v\u00f3s, que eu pequei<\/p>\n\n\n\n<p>e pratiquei o que \u00e9 mau aos vossos olhos!<\/p>\n\n\n\n<p>Criai em mim um cora\u00e7\u00e3o que seja puro,<\/p>\n\n\n\n<p>dai-me de novo um esp\u00edrito decidido.<\/p>\n\n\n\n<p>\u00d3 Senhor, n\u00e3o me afasteis de vossa face<\/p>\n\n\n\n<p>nem retireis de mim o vosso Santo Esp\u00edrito!<\/p>\n\n\n\n<p>Dai-me de novo a alegria de ser salvo<\/p>\n\n\n\n<p>e confirmai-me com esp\u00edrito generoso!<\/p>\n\n\n\n<p>Abri meus l\u00e1bios, \u00f3 Senhor, para cantar,<\/p>\n\n\n\n<p>e minha boca anunciar\u00e1 vosso louvor!<strong>Leitura (Romanos 5,12-19 ou 12.17-19)<\/strong><\/p>\n\n\n\n<p>Leitura da carta de s\u00e3o Paulo aos Romanos.<\/p>\n\n\n\n<p>Irm\u00e3os, 5 12 como por um s\u00f3 homem entrou o pecado no mundo, e pelo pecado a morte, assim a morte passou a todo o g\u00eanero humano, porque todos pecaram&#8230;<\/p>\n\n\n\n<p>13 De fato, at\u00e9 a lei o mal estava no mundo. Mas o mal n\u00e3o \u00e9 imputado quando n\u00e3o h\u00e1 lei.<\/p>\n\n\n\n<p>14 No entanto, desde Ad\u00e3o at\u00e9 Mois\u00e9s reinou a morte, mesmo sobre aqueles que n\u00e3o pecaram \u00e0 imita\u00e7\u00e3o da transgress\u00e3o de Ad\u00e3o (o qual \u00e9 figura do que havia de vir).<\/p>\n\n\n\n<p>15 Mas, com o dom gratuito, n\u00e3o se d\u00e1 o mesmo que com a falta. Pois se a falta de um s\u00f3 causou a morte de todos os outros, com muito mais raz\u00e3o o dom de Deus e o benef\u00edcio da gra\u00e7a obtida por um s\u00f3 homem, Jesus Cristo, foram concedidos copiosamente a todos.<\/p>\n\n\n\n<p>16 Nem aconteceu com o dom o mesmo que com as consequ\u00eancias do pecado de um s\u00f3: a falta de um s\u00f3 teve por consequ\u00eancia um veredicto de condena\u00e7\u00e3o, ao passo que, depois de muitas ofensas, o dom da gra\u00e7a atrai um ju\u00edzo de justifica\u00e7\u00e3o.<\/p>\n\n\n\n<p>17 Se pelo pecado de um s\u00f3 homem reinou a morte (por esse \u00fanico homem), muito mais aqueles que receberam a abund\u00e2ncia da gra\u00e7a e o dom da justi\u00e7a reinar\u00e3o na vida por um s\u00f3, que \u00e9 Jesus Cristo!<\/p>\n\n\n\n<p>18 Portanto, como pelo pecado de um s\u00f3 a condena\u00e7\u00e3o se estendeu a todos os homens, assim por um \u00fanico ato de justi\u00e7a recebem todos os homens a justifica\u00e7\u00e3o que d\u00e1 a vida.<\/p>\n\n\n\n<p>19 Assim como pela desobedi\u00eancia de um s\u00f3 homem foram todos constitu\u00eddos pecadores, assim pela obedi\u00eancia de um s\u00f3 todos se tornar\u00e3o justos.<\/p>\n\n\n\n<p>Palavra do Senhor.<strong>Evangelho (Mateus 4,1-11)<\/strong><\/p>\n\n\n\n<p>Louvor e gl\u00f3ria a ti, Senhor, Cristo, palavra de Deus.<\/p>\n\n\n\n<p>O homem n\u00e3o vive somente de p\u00e3o, mas de toda a palavra da boca de Deus (Mt 4,4)<\/p>\n\n\n\n<p>Proclama\u00e7\u00e3o do Evangelho de Jesus Cristo segundo Mateus.<\/p>\n\n\n\n<p>Naquele tempo, 4 1 Jesus foi conduzido pelo Esp\u00edrito ao deserto para ser tentado pelo dem\u00f4nio.<\/p>\n\n\n\n<p>2 Jejuou quarenta dias e quarenta noites. Depois, teve fome.<\/p>\n\n\n\n<p>3 O tentador aproximou-se dele e lhe disse: &#8220;Se \u00e9s Filho de Deus, ordena que estas pedras se tornem p\u00e3es&#8221;.<\/p>\n\n\n\n<p>4 Jesus respondeu: &#8220;Est\u00e1 escrito: \u2018N\u00e3o s\u00f3 de p\u00e3o vive o homem, mas de toda palavra que procede da boca de Deus\u2019&#8221;.<\/p>\n\n\n\n<p>5 O dem\u00f4nio transportou-o \u00e0 Cidade Santa, colocou-o no ponto mais alto do templo e disse-lhe:<\/p>\n\n\n\n<p>6 &#8220;Se \u00e9s Filho de Deus, lan\u00e7a-te abaixo, pois est\u00e1 escrito: \u2018Ele deu a seus anjos ordens a teu respeito; proteger-te-\u00e3o com as m\u00e3os, com cuidado, para n\u00e3o machucares o teu p\u00e9 em alguma pedra\u2019&#8221;.<\/p>\n\n\n\n<p>7 Disse-lhe Jesus: &#8220;Tamb\u00e9m est\u00e1 escrito: \u2018N\u00e3o tentar\u00e1s o Senhor teu Deus\u2019&#8221;.<\/p>\n\n\n\n<p>8 O dem\u00f4nio transportou-o uma vez mais, a um monte muito alto, e lhe mostrou todos os reinos do mundo e a sua gl\u00f3ria, e disse-lhe:<\/p>\n\n\n\n<p>9 &#8220;Dar-te-ei tudo isto se, prostrando-te diante de mim, me adorares&#8221;.<\/p>\n\n\n\n<p>10 Respondeu-lhe Jesus: &#8220;Para tr\u00e1s, Satan\u00e1s, pois est\u00e1 escrito: \u2018Adorar\u00e1s o Senhor teu Deus, e s\u00f3 a ele servir\u00e1s\u2019&#8221;.<\/p>\n\n\n\n<p>11 Em seguida, o dem\u00f4nio o deixou, e os anjos aproximaram-se dele para servi-lo.<\/p>\n\n\n\n<p>Palavra da Salva\u00e7\u00e3o.<strong>Coment\u00e1rio ao Evangelho<\/strong><\/p>\n\n\n\n<p>A PROVA\u00c7\u00c3O DO FILHO DO HOMEM<\/p>\n\n\n\n<p>&nbsp;&nbsp;&nbsp;&nbsp;&nbsp;&nbsp;&nbsp;&nbsp;&nbsp;&nbsp;&nbsp;&nbsp;&nbsp;&nbsp; A cena das tenta\u00e7\u00f5es, inserida no in\u00edcio da vida p\u00fablica de Jesus, \u00e9 um claro ind\u00edcio de que o exerc\u00edcio de seu minist\u00e9rio seria pontilhado de provas e dificuldades. Na aritm\u00e9tica teol\u00f3gica da \u00e9poca, que consistia em atribuir valor simb\u00f3lico-teol\u00f3gico aos n\u00fameros, o n\u00famero tr\u00eas designava a constitui\u00e7\u00e3o do ser humano (esp\u00edrito &#8211; alma &#8211; corpo). A tr\u00edplice tenta\u00e7\u00e3o significava que Jesus, enquanto ser humano, seria submetido a cont\u00ednuas prova\u00e7\u00f5es, pelas quais teria chance de dar provas de sua absoluta fidelidade a Deus. De fato, at\u00e9 os instantes finais de sua caminhada terrena, Jesus viu-se tentado.<\/p>\n\n\n\n<p>&nbsp;&nbsp;&nbsp;&nbsp;&nbsp;&nbsp;&nbsp;&nbsp;&nbsp;&nbsp;&nbsp;&nbsp;&nbsp;&nbsp; O tentador insistia sempre no mesmo ponto: &#8220;Se voc\u00ea, de fato, \u00e9 Filho de Deus&#8221;, passando a fazer-lhe propostas extravagantes. Com isto, pretendia levar Jesus a exigir do Pai uma manifesta\u00e7\u00e3o desnecess\u00e1ria de sua provid\u00eancia, bem como lev\u00e1-lo a oferecer espet\u00e1culos formid\u00e1veis com os quais atrairia a aten\u00e7\u00e3o sobre si, granjeando a admira\u00e7\u00e3o das multid\u00f5es, mas tamb\u00e9m o risco de ser v\u00edtima do orgulho e da vaidade.<\/p>\n\n\n\n<p>&nbsp;&nbsp;&nbsp;&nbsp;&nbsp;&nbsp;&nbsp;&nbsp;&nbsp;&nbsp;&nbsp;&nbsp;&nbsp;&nbsp; As tenta\u00e7\u00f5es foram capciosas. Com uma interpreta\u00e7\u00e3o superficial, podiam parecer inocentes, sem maiores consequ\u00eancias. S\u00f3 uma leitura arguta, como a de Jesus, foi capaz de desmascar\u00e1-las e revelar as verdadeiras inten\u00e7\u00f5es do tentador.<\/p>\n\n\n\n<p>&nbsp;&nbsp;&nbsp;&nbsp;&nbsp;&nbsp;&nbsp;&nbsp;&nbsp;&nbsp;&nbsp;&nbsp;&nbsp;&nbsp; O fato de vencer as tenta\u00e7\u00f5es j\u00e1 foi um primeiro sinal da fidelidade de Jesus ao Pai. Por ser Filho de Deus, recusava-se a exigir do Pai manifesta\u00e7\u00f5es insensatas de amor.<\/p>\n\n\n\n<p>Ora\u00e7\u00e3o<\/p>\n\n\n\n<p>Pai, como Jesus, quero ser fiel a ti, sem jamais exigir manifesta\u00e7\u00f5es extraordin\u00e1rias de teu amor por mim. Basta-me estar ciente de ser teu filho.<\/p>\n","protected":false},"excerpt":{"rendered":"<p>Ora\u00e7\u00e3o do dia Concedei-nos, \u00f3 Deus onipotente, que, ao longo desta Quaresma, possamos progredir no conhecimento de Jesus Cristo e corresponder a seu amor por uma vida santa. Por Nosso Senhor Jesus Cristo,&#8230;<\/p>\n","protected":false},"author":2,"featured_media":19873,"comment_status":"open","ping_status":"open","sticky":false,"template":"","format":"standard","meta":[],"categories":[7],"tags":[],"_links":{"self":[{"href":"https:\/\/www.salvatorianas.org.br\/blog\/wp-json\/wp\/v2\/posts\/19872"}],"collection":[{"href":"https:\/\/www.salvatorianas.org.br\/blog\/wp-json\/wp\/v2\/posts"}],"about":[{"href":"https:\/\/www.salvatorianas.org.br\/blog\/wp-json\/wp\/v2\/types\/post"}],"author":[{"embeddable":true,"href":"https:\/\/www.salvatorianas.org.br\/blog\/wp-json\/wp\/v2\/users\/2"}],"replies":[{"embeddable":true,"href":"https:\/\/www.salvatorianas.org.br\/blog\/wp-json\/wp\/v2\/comments?post=19872"}],"version-history":[{"count":1,"href":"https:\/\/www.salvatorianas.org.br\/blog\/wp-json\/wp\/v2\/posts\/19872\/revisions"}],"predecessor-version":[{"id":19874,"href":"https:\/\/www.salvatorianas.org.br\/blog\/wp-json\/wp\/v2\/posts\/19872\/revisions\/19874"}],"wp:featuredmedia":[{"embeddable":true,"href":"https:\/\/www.salvatorianas.org.br\/blog\/wp-json\/wp\/v2\/media\/19873"}],"wp:attachment":[{"href":"https:\/\/www.salvatorianas.org.br\/blog\/wp-json\/wp\/v2\/media?parent=19872"}],"wp:term":[{"taxonomy":"category","embeddable":true,"href":"https:\/\/www.salvatorianas.org.br\/blog\/wp-json\/wp\/v2\/categories?post=19872"},{"taxonomy":"post_tag","embeddable":true,"href":"https:\/\/www.salvatorianas.org.br\/blog\/wp-json\/wp\/v2\/tags?post=19872"}],"curies":[{"name":"wp","href":"https:\/\/api.w.org\/{rel}","templated":true}]}}