{"id":19866,"date":"2023-02-25T11:09:00","date_gmt":"2023-02-25T11:09:00","guid":{"rendered":"https:\/\/www.salvatorianas.org.br\/blog\/?p=19866"},"modified":"2023-02-25T11:14:07","modified_gmt":"2023-02-25T11:14:07","slug":"sabado-depois-das-cinzas","status":"publish","type":"post","link":"https:\/\/www.salvatorianas.org.br\/blog\/sabado-depois-das-cinzas\/","title":{"rendered":"S\u00e1bado depois das Cinzas"},"content":{"rendered":"\n<p><strong>Ora\u00e7\u00e3o do dia<\/strong><\/p>\n\n\n\n<p>\u00d3 Deus eterno e todo-poderoso, olhai com bondade a nossa fraqueza e estendei, para proteger-nos, a vossa m\u00e3o poderosa. Por Nosso Senhor Jesus Cristo, Vosso Filho, na unidade do Esp\u00edrito Santo.<strong>Leitura (Isa\u00edas 58,9-14)<\/strong><\/p>\n\n\n\n<p>Leitura do livro do profeta Isa\u00edas.<\/p>\n\n\n\n<p>58 9 Ent\u00e3o \u00e0s tuas invoca\u00e7\u00f5es, o Senhor responder\u00e1, e a teus gritos dir\u00e1: Eis-me aqui! Se expulsares de tua casa toda a opress\u00e3o, os gestos mal\u00e9volos e as m\u00e1s conversa\u00e7\u00f5es;<\/p>\n\n\n\n<p>10 se deres do teu p\u00e3o ao faminto, se alimentares os pobres, tua luz levantar-se-\u00e1 na escurid\u00e3o, e tua noite resplandecer\u00e1 como o dia pleno.<\/p>\n\n\n\n<p>11 O Senhor te guiar\u00e1 constantemente, alimentar-te-\u00e1 no \u00e1rido deserto, renovar\u00e1 teu vigor. Ser\u00e1s como um jardim bem irrigado, como uma fonte de \u00e1guas inesgot\u00e1veis.<\/p>\n\n\n\n<p>12 Reerguer\u00e1s as ru\u00ednas antigas, reedificar\u00e1s sobre os alicerces seculares; chamar-te-\u00e3o o reparador de brechas, o restaurador das moradias em ru\u00ednas.<\/p>\n\n\n\n<p>13 Se te abstiveres de calcar aos p\u00e9s o s\u00e1bado, de cuidar de teus neg\u00f3cios no dia que me \u00e9 consagrado, se achares o s\u00e1bado um dia maravilhoso, se achares respeit\u00e1vel o dia consagrado ao Senhor, se tu o venerares n\u00e3o seguindo os teus caminhos, n\u00e3o te entregando \u00e0s tuas ocupa\u00e7\u00f5es e \u00e0s conversa\u00e7\u00f5es,<\/p>\n\n\n\n<p>14 ent\u00e3o encontrar\u00e1s tua felicidade no Senhor: eu te farei galgar as alturas da terra, e gozar a heran\u00e7a de Jac\u00f3, teu pai; porque a boca do Senhor falou.<\/p>\n\n\n\n<p>Palavra do Senhor.<strong>Salmo Responsorial 85\/86<\/strong><\/p>\n\n\n\n<p><strong>Ensinai-me os vossos caminhos e, na vossa verdade, andarei.<\/strong><\/p>\n\n\n\n<p>Inclinai, \u00f3 Senhor, vosso ouvido,<\/p>\n\n\n\n<p>escutai, pois sou pobre e infeliz!<\/p>\n\n\n\n<p>Protegei-me, que sou vosso amigo,<\/p>\n\n\n\n<p>e salvai vosso servo, meu Deus,<\/p>\n\n\n\n<p>que espera e confia em v\u00f3s!<\/p>\n\n\n\n<p>Piedade de mim, \u00f3 Senhor,<\/p>\n\n\n\n<p>porque clamo por v\u00f3s todo o dia!<\/p>\n\n\n\n<p>Animai e alegrai vosso servo,<\/p>\n\n\n\n<p>pois a v\u00f3s eu elevo a minha alma.<\/p>\n\n\n\n<p>\u00d3 Senhor, v\u00f3s sois bom e clemente,<\/p>\n\n\n\n<p>sois perd\u00e3o para quem vos invoca.<\/p>\n\n\n\n<p>Escutai, \u00f3 Senhor, minha prece,<\/p>\n\n\n\n<p>o lamento da minha ora\u00e7\u00e3o!<strong>Evangelho (Lucas 5,27-32)<\/strong><\/p>\n\n\n\n<p>Gl\u00f3ria a v\u00f3s, Senhor Jesus, primog\u00eanito dentre os mortos!<\/p>\n\n\n\n<p>N\u00e3o quero a morte do pecador, diz o Senhor, mas que ele volte, se converta e tenha vida (Ez 33,11).<\/p>\n\n\n\n<p>Proclama\u00e7\u00e3o do Evangelho de Jesus Cristo segundo Lucas.<\/p>\n\n\n\n<p>5 27 Jesus viu sentado ao balc\u00e3o um coletor de impostos, por nome Levi, e disse-lhe: Segue-me.<\/p>\n\n\n\n<p>28 Deixando ele tudo, levantou-se e o seguiu.<\/p>\n\n\n\n<p>29 Levi deu-lhe um grande banquete em sua casa; v\u00e1rios desses fiscais e outras pessoas estavam sentados \u00e0 mesa com eles.<\/p>\n\n\n\n<p>30 Os fariseus e os seus escribas puseram-se a criticar e a perguntar aos disc\u00edpulos: Por que comeis e bebeis com os publicanos e pessoas de m\u00e1 vida?<\/p>\n\n\n\n<p>31 Respondeu-lhes Jesus: N\u00e3o s\u00e3o os homens de boa sa\u00fade que necessitam de m\u00e9dico, mas sim os enfermos.<\/p>\n\n\n\n<p>32 N\u00e3o vim chamar \u00e0 convers\u00e3o os justos, mas sim os pecadores.<\/p>\n\n\n\n<p>Palavra da Salva\u00e7\u00e3o.<strong>Coment\u00e1rio ao Evangelho<\/strong><\/p>\n\n\n\n<p>CONVIDADOS \u00c0 CONVERS\u00c3O<\/p>\n\n\n\n<p>A proximidade de Jesus com os cobradores de impostos e os pecadores era mal vista pelos fariseus e mestres da Lei. Por malevol\u00eancia, faziam ju\u00edzos apressados a respeito dele, de forma a lev\u00e1-lo a perder a credibilidade, tanto diante dos disc\u00edpulos quanto diante das multid\u00f5es que o procuravam. N\u00e3o existe melhor meio de &#8220;queimar&#8221; algu\u00e9m, do que levantar suspeitas sobre sua vida moral. No fundo, este era o ponto visado pelos advers\u00e1rios de Jesus: quem se mistura com os pecadores, assim pensavam, s\u00f3 pode ser do mesmo calibre deles.<\/p>\n\n\n\n<p>Entretanto, conviver com os pecadores e exclu\u00eddos fazia parte da pedagogia de Jesus, a fim de lev\u00e1-los a converter-se ao Reino. A solidariedade com os pecadores n\u00e3o se estendia aos pecados que cometiam. Era preciso tamb\u00e9m alert\u00e1-los para que banissem de suas vidas tudo quanto os afastava de Deus.<\/p>\n\n\n\n<p>Jesus acreditava, com todas as for\u00e7as de seu cora\u00e7\u00e3o, na possibilidade de convers\u00e3o do cora\u00e7\u00e3o humano. Por isso, empregava todos os meios dispon\u00edveis para atrair os pecadores para Deus, mesmo correndo o risco de ser v\u00edtima da maledic\u00eancia de seus advers\u00e1rios. Menosprezando as cr\u00edticas alheias, importava mostrar aos pecadores a possibilidade de uma vida fundada na miseric\u00f3rdia e na justi\u00e7a. O caminho escolhido por Jesus foi o da solidariedade, que revela como cada um de n\u00f3s \u00e9 tratado por Deus.<\/p>\n\n\n\n<p>Ora\u00e7\u00e3o<\/p>\n\n\n\n<p>Pai, estou certo de que, mesmo sendo pecador, sou amado por ti, e posso contar com a tua solidariedade, que me descortina a miseric\u00f3rdia e a justi\u00e7a como jeito novo de ser.<\/p>\n","protected":false},"excerpt":{"rendered":"<p>Ora\u00e7\u00e3o do dia \u00d3 Deus eterno e todo-poderoso, olhai com bondade a nossa fraqueza e estendei, para proteger-nos, a vossa m\u00e3o poderosa. Por Nosso Senhor Jesus Cristo, Vosso Filho, na unidade do Esp\u00edrito&#8230;<\/p>\n","protected":false},"author":2,"featured_media":19867,"comment_status":"open","ping_status":"open","sticky":false,"template":"","format":"standard","meta":[],"categories":[7],"tags":[],"_links":{"self":[{"href":"https:\/\/www.salvatorianas.org.br\/blog\/wp-json\/wp\/v2\/posts\/19866"}],"collection":[{"href":"https:\/\/www.salvatorianas.org.br\/blog\/wp-json\/wp\/v2\/posts"}],"about":[{"href":"https:\/\/www.salvatorianas.org.br\/blog\/wp-json\/wp\/v2\/types\/post"}],"author":[{"embeddable":true,"href":"https:\/\/www.salvatorianas.org.br\/blog\/wp-json\/wp\/v2\/users\/2"}],"replies":[{"embeddable":true,"href":"https:\/\/www.salvatorianas.org.br\/blog\/wp-json\/wp\/v2\/comments?post=19866"}],"version-history":[{"count":1,"href":"https:\/\/www.salvatorianas.org.br\/blog\/wp-json\/wp\/v2\/posts\/19866\/revisions"}],"predecessor-version":[{"id":19868,"href":"https:\/\/www.salvatorianas.org.br\/blog\/wp-json\/wp\/v2\/posts\/19866\/revisions\/19868"}],"wp:featuredmedia":[{"embeddable":true,"href":"https:\/\/www.salvatorianas.org.br\/blog\/wp-json\/wp\/v2\/media\/19867"}],"wp:attachment":[{"href":"https:\/\/www.salvatorianas.org.br\/blog\/wp-json\/wp\/v2\/media?parent=19866"}],"wp:term":[{"taxonomy":"category","embeddable":true,"href":"https:\/\/www.salvatorianas.org.br\/blog\/wp-json\/wp\/v2\/categories?post=19866"},{"taxonomy":"post_tag","embeddable":true,"href":"https:\/\/www.salvatorianas.org.br\/blog\/wp-json\/wp\/v2\/tags?post=19866"}],"curies":[{"name":"wp","href":"https:\/\/api.w.org\/{rel}","templated":true}]}}