{"id":19863,"date":"2023-02-25T10:43:15","date_gmt":"2023-02-25T10:43:15","guid":{"rendered":"https:\/\/www.salvatorianas.org.br\/blog\/?p=19863"},"modified":"2023-02-25T10:43:16","modified_gmt":"2023-02-25T10:43:16","slug":"celebracao-da-abertura-da-comunidade-salvatoriana-interprovincial-maria-mae-da-amazonia","status":"publish","type":"post","link":"https:\/\/www.salvatorianas.org.br\/blog\/celebracao-da-abertura-da-comunidade-salvatoriana-interprovincial-maria-mae-da-amazonia\/","title":{"rendered":"Celebra\u00e7\u00e3o da abertura da Comunidade Salvatoriana interprovincial: Maria M\u00e3e da Amazonia"},"content":{"rendered":"\n<p>Celebra\u00e7\u00e3o Eucar\u00edstica \u00e0s 8 horas na Comunidade Santo Ant\u00f4nio, Par\u00f3quia Imaculada Concei\u00e7\u00e3o, Diocese de Humait\u00e1\/AM<\/p>\n\n\n\n<p>Abertura da Comunidade Salvatoriana Interprovincial: <strong>Maria M\u00e3e da Amaz\u00f4nia, <\/strong>composta pelas Irm\u00e3s:<\/p>\n\n\n\n<p>Eny Xavier<\/p>\n\n\n\n<p>Kalene Leite Alves<\/p>\n\n\n\n<p>Van\u00facia Souza da Silva<\/p>\n\n\n\n<p>Alegremo-nos em Deus nosso Salvador!<\/p>\n\n\n\n<p><\/p>\n","protected":false},"excerpt":{"rendered":"<p>Celebra\u00e7\u00e3o Eucar\u00edstica \u00e0s 8 horas na Comunidade Santo Ant\u00f4nio, Par\u00f3quia Imaculada Concei\u00e7\u00e3o, Diocese de Humait\u00e1\/AM Abertura da Comunidade Salvatoriana Interprovincial: Maria M\u00e3e da Amaz\u00f4nia, composta pelas Irm\u00e3s: Eny Xavier Kalene Leite Alves Van\u00facia&#8230;<\/p>\n","protected":false},"author":2,"featured_media":19864,"comment_status":"open","ping_status":"open","sticky":false,"template":"","format":"standard","meta":[],"categories":[1],"tags":[],"_links":{"self":[{"href":"https:\/\/www.salvatorianas.org.br\/blog\/wp-json\/wp\/v2\/posts\/19863"}],"collection":[{"href":"https:\/\/www.salvatorianas.org.br\/blog\/wp-json\/wp\/v2\/posts"}],"about":[{"href":"https:\/\/www.salvatorianas.org.br\/blog\/wp-json\/wp\/v2\/types\/post"}],"author":[{"embeddable":true,"href":"https:\/\/www.salvatorianas.org.br\/blog\/wp-json\/wp\/v2\/users\/2"}],"replies":[{"embeddable":true,"href":"https:\/\/www.salvatorianas.org.br\/blog\/wp-json\/wp\/v2\/comments?post=19863"}],"version-history":[{"count":1,"href":"https:\/\/www.salvatorianas.org.br\/blog\/wp-json\/wp\/v2\/posts\/19863\/revisions"}],"predecessor-version":[{"id":19865,"href":"https:\/\/www.salvatorianas.org.br\/blog\/wp-json\/wp\/v2\/posts\/19863\/revisions\/19865"}],"wp:featuredmedia":[{"embeddable":true,"href":"https:\/\/www.salvatorianas.org.br\/blog\/wp-json\/wp\/v2\/media\/19864"}],"wp:attachment":[{"href":"https:\/\/www.salvatorianas.org.br\/blog\/wp-json\/wp\/v2\/media?parent=19863"}],"wp:term":[{"taxonomy":"category","embeddable":true,"href":"https:\/\/www.salvatorianas.org.br\/blog\/wp-json\/wp\/v2\/categories?post=19863"},{"taxonomy":"post_tag","embeddable":true,"href":"https:\/\/www.salvatorianas.org.br\/blog\/wp-json\/wp\/v2\/tags?post=19863"}],"curies":[{"name":"wp","href":"https:\/\/api.w.org\/{rel}","templated":true}]}}