{"id":19855,"date":"2023-02-24T22:03:58","date_gmt":"2023-02-24T22:03:58","guid":{"rendered":"https:\/\/www.salvatorianas.org.br\/blog\/?p=19855"},"modified":"2023-02-24T22:03:59","modified_gmt":"2023-02-24T22:03:59","slug":"sexta-feira-depois-das-cinzas","status":"publish","type":"post","link":"https:\/\/www.salvatorianas.org.br\/blog\/sexta-feira-depois-das-cinzas\/","title":{"rendered":"Sexta-feira depois das Cinzas"},"content":{"rendered":"\n<p><strong>Ora\u00e7\u00e3o do dia<\/strong><\/p>\n\n\n\n<p>\u00d3 Deus, assisti com vossa bondade a penit\u00eancia que iniciamos, para que vivamos interiormente as pr\u00e1ticas externas da Quaresma. Por Nosso Senhor Jesus Cristo, Vosso Filho, na unidade do Esp\u00edrito Santo.<strong>Leitura (Isa\u00edas 58,1-9)<\/strong><\/p>\n\n\n\n<p>Leitura do livro do profeta Isa\u00edas.<\/p>\n\n\n\n<p>58 1 Clama em alta voz, sem constrangimento; faze soar a tua voz como a corneta. Denuncia a meu povo suas faltas, e \u00e0 casa de Jac\u00f3 seus pecados.<\/p>\n\n\n\n<p>2 Sem d\u00favida eles me procuram dia ap\u00f3s dia, desejam conhecer o comportamento que me agrada, como uma na\u00e7\u00e3o que houvesse sempre praticado a justi\u00e7a, sem abandonar a lei de seu Deus. Informam-se junto a mim sobre as exig\u00eancias da justi\u00e7a, desejam a presen\u00e7a de Deus.<\/p>\n\n\n\n<p>3 De que serve jejuar, se com isso n\u00e3o vos importais? E mortificar-nos, se nisso n\u00e3o prestais aten\u00e7\u00e3o? \u00c9 que no dia de vosso jejum, s\u00f3 cuidais de vossos neg\u00f3cios, e oprimis todos os vossos oper\u00e1rios.<\/p>\n\n\n\n<p>4 Passais vosso jejum em disputas e alterca\u00e7\u00f5es, ferindo com o punho o pobre. N\u00e3o \u00e9 jejuando assim que fareis chegar l\u00e1 em cima vossa voz.<\/p>\n\n\n\n<p>5 O jejum que me agrada porventura consiste em o homem mortificar-se por um dia? Curvar a cabe\u00e7a como um junco, deitar sobre o saco e a cinza? Podeis chamar isso um jejum, um dia agrad\u00e1vel ao Senhor?<\/p>\n\n\n\n<p>6 Sabeis qual \u00e9 o jejum que eu aprecio? &#8211; diz o Senhor Deus: \u00c9 romper as cadeias injustas, desatar as cordas do jugo, mandar embora livres os oprimidos, e quebrar toda esp\u00e9cie de jugo.<\/p>\n\n\n\n<p>7 \u00c9 repartir seu alimento com o esfaimado, dar abrigo aos infelizes sem asilo, vestir os maltrapilhos, em lugar de desviar-se de seu semelhante.<\/p>\n\n\n\n<p>8 Ent\u00e3o tua luz surgir\u00e1 como a aurora, e tuas feridas n\u00e3o tardar\u00e3o a cicatrizar-se; tua justi\u00e7a caminhar\u00e1 diante de ti, e a gl\u00f3ria do Senhor seguir\u00e1 na tua retaguarda.<\/p>\n\n\n\n<p>9 Ent\u00e3o \u00e0s tuas invoca\u00e7\u00f5es, o Senhor responder\u00e1, e a teus gritos dir\u00e1: Eis-me aqui! Se expulsares de tua casa toda a opress\u00e3o, os gestos mal\u00e9volos e as m\u00e1s conversa\u00e7\u00f5es;<\/p>\n\n\n\n<p>Palavra do Senhor.<strong>Salmo Responsorial 50\/51<\/strong><\/p>\n\n\n\n<p><strong>\u00d3 Senhor, n\u00e3o desprezeis um cora\u00e7\u00e3o arrependid<\/strong>o!<\/p>\n\n\n\n<p>Tende piedade, \u00f3 meu Deus, miseric\u00f3rdia!<\/p>\n\n\n\n<p>Na imensid\u00e3o de vosso amor, purificai-me!<\/p>\n\n\n\n<p>Lavai-me todo inteiro do pecado<\/p>\n\n\n\n<p>e apagai completamente a minha culpa!<\/p>\n\n\n\n<p>Eu reconhe\u00e7o toda a minha iniquidade,<\/p>\n\n\n\n<p>o meu pecado est\u00e1 sempre \u00e0 minha frente.<\/p>\n\n\n\n<p>Foi contra v\u00f3s, s\u00f3 contra v\u00f3s, que eu pequei<\/p>\n\n\n\n<p>e pratiquei o que \u00e9 mau aos vossos olhos!<\/p>\n\n\n\n<p>Pois n\u00e3o s\u00e3o de vosso agrado os sacrif\u00edcios,<\/p>\n\n\n\n<p>e, se oferto um holocausto, o rejeitais.<\/p>\n\n\n\n<p>Meu sacrif\u00edcio \u00e9 minha alma penitente,<\/p>\n\n\n\n<p>n\u00e3o desprezeis um cora\u00e7\u00e3o arrependido!<strong>Evangelho (Mateus 9,14-15)<\/strong><\/p>\n\n\n\n<p>Salve, Cristo, luz da vida, companheiro na partilha!<\/p>\n\n\n\n<p>Buscai o bem, n\u00e3o o mal, pois assim vivereis; ent\u00e3o o Senhor, nosso Deus, convosco estar\u00e1! (Am 5,14)<\/p>\n\n\n\n<p>Proclama\u00e7\u00e3o do Evangelho de Jesus Cristo segundo Mateus.<\/p>\n\n\n\n<p>9 14 Ent\u00e3o os disc\u00edpulos de Jo\u00e3o, dirigindo-se a Jesus, perguntaram: &#8220;Por que jejuamos n\u00f3s e os fariseus, e os teus disc\u00edpulos n\u00e3o?&#8221;<\/p>\n\n\n\n<p>15 Jesus respondeu: Podem os amigos do esposo afligir-se enquanto o esposo est\u00e1 com eles? Dias vir\u00e3o em que lhes ser\u00e1 tirado o esposo. Ent\u00e3o eles jejuar\u00e3o.<\/p>\n\n\n\n<p>Palavra da Salva\u00e7\u00e3o.<strong>Coment\u00e1rio ao Evangelho<\/strong><\/p>\n\n\n\n<p>CADA COISA A SEU TEMPO<\/p>\n\n\n\n<p>A atitude de Jesus em rela\u00e7\u00e3o aos seus disc\u00edpulos deixava confundidas certas pessoas. O Mestre orientava-os de forma inusitada; seus ensinamentos n\u00e3o coincidiam com as estritas normas religiosas da \u00e9poca. Ele era suficientemente sensato para n\u00e3o se deixar escravizar por determinadas tradi\u00e7\u00f5es, nem sempre observadas de maneira conveniente.<\/p>\n\n\n\n<p>O fato de Jesus n\u00e3o exigir dos disc\u00edpulos a pr\u00e1tica do jejum gerava suspeitas em seus opositores. Estes n\u00e3o podiam entender como um rabi passasse por cima de uma tradi\u00e7\u00e3o t\u00e3o vener\u00e1vel, e n\u00e3o exigisse dos seus a pr\u00e1tica frequente do jejum.<\/p>\n\n\n\n<p>A vis\u00e3o de Jesus projetava o jejum para al\u00e9m da pura ascese pessoal. Ele o relacionava com a presen\u00e7a do Messias na hist\u00f3ria humana. Durante o tempo da vida terrestre do Messias-esposo, n\u00e3o convinha jejuar, para que se patenteasse a alegria de sua presen\u00e7a. Ao se concluir sua miss\u00e3o terrena e Jesus voltar para o Pai, ent\u00e3o, ser\u00e1 tempo de jejuar auspiciando sua nova vinda.<\/p>\n\n\n\n<p>A pr\u00e1tica crist\u00e3 do jejum \u00e9 uma forma de manter-se sempre atento, \u00e0 espera do Messias que vem. A intemperan\u00e7a no comer e no beber pode levar o crist\u00e3o a olvidar-se do caminho tra\u00e7ado pelo Senhor, e a buscar uma alegria ef\u00eamera. S\u00f3 vale a pena festejar, quando se tem certeza da presen\u00e7a de Jesus.<\/p>\n\n\n\n<p>Ora\u00e7\u00e3o<\/p>\n\n\n\n<p>Esp\u00edrito de sabedoria, ensina-me a compreender que a pr\u00e1tica do jejum \u00e9 um meio de preparar-me para a chegada do Messias que vem.<\/p>\n","protected":false},"excerpt":{"rendered":"<p>Ora\u00e7\u00e3o do dia \u00d3 Deus, assisti com vossa bondade a penit\u00eancia que iniciamos, para que vivamos interiormente as pr\u00e1ticas externas da Quaresma. Por Nosso Senhor Jesus Cristo, Vosso Filho, na unidade do Esp\u00edrito&#8230;<\/p>\n","protected":false},"author":2,"featured_media":19856,"comment_status":"open","ping_status":"open","sticky":false,"template":"","format":"standard","meta":[],"categories":[7],"tags":[],"_links":{"self":[{"href":"https:\/\/www.salvatorianas.org.br\/blog\/wp-json\/wp\/v2\/posts\/19855"}],"collection":[{"href":"https:\/\/www.salvatorianas.org.br\/blog\/wp-json\/wp\/v2\/posts"}],"about":[{"href":"https:\/\/www.salvatorianas.org.br\/blog\/wp-json\/wp\/v2\/types\/post"}],"author":[{"embeddable":true,"href":"https:\/\/www.salvatorianas.org.br\/blog\/wp-json\/wp\/v2\/users\/2"}],"replies":[{"embeddable":true,"href":"https:\/\/www.salvatorianas.org.br\/blog\/wp-json\/wp\/v2\/comments?post=19855"}],"version-history":[{"count":1,"href":"https:\/\/www.salvatorianas.org.br\/blog\/wp-json\/wp\/v2\/posts\/19855\/revisions"}],"predecessor-version":[{"id":19857,"href":"https:\/\/www.salvatorianas.org.br\/blog\/wp-json\/wp\/v2\/posts\/19855\/revisions\/19857"}],"wp:featuredmedia":[{"embeddable":true,"href":"https:\/\/www.salvatorianas.org.br\/blog\/wp-json\/wp\/v2\/media\/19856"}],"wp:attachment":[{"href":"https:\/\/www.salvatorianas.org.br\/blog\/wp-json\/wp\/v2\/media?parent=19855"}],"wp:term":[{"taxonomy":"category","embeddable":true,"href":"https:\/\/www.salvatorianas.org.br\/blog\/wp-json\/wp\/v2\/categories?post=19855"},{"taxonomy":"post_tag","embeddable":true,"href":"https:\/\/www.salvatorianas.org.br\/blog\/wp-json\/wp\/v2\/tags?post=19855"}],"curies":[{"name":"wp","href":"https:\/\/api.w.org\/{rel}","templated":true}]}}