{"id":19852,"date":"2023-02-22T11:44:27","date_gmt":"2023-02-22T11:44:27","guid":{"rendered":"https:\/\/www.salvatorianas.org.br\/blog\/?p=19852"},"modified":"2023-02-22T11:44:28","modified_gmt":"2023-02-22T11:44:28","slug":"quarta-feira-de-cinzas","status":"publish","type":"post","link":"https:\/\/www.salvatorianas.org.br\/blog\/quarta-feira-de-cinzas\/","title":{"rendered":"Quarta-feira de Cinzas"},"content":{"rendered":"\n<h3 class=\"wp-block-heading\">Ora\u00e7\u00e3o do dia<\/h3>\n\n\n\n<p>Concedei-nos, \u00f3 Deus, todo-poderoso, iniciar com este dia de jejum o tempo da Quaresma, para que a penit\u00eancia nos fortale\u00e7a no combate contra o esp\u00edrito do mal. Por nosso Senhor Jesus Cristo, vosso Filho, na unidade do Esp\u00edrito Santo.<\/p>\n\n\n\n<h3 class=\"wp-block-heading\">Leitura &#8211;&nbsp;Joel 2,12-18<\/h3>\n\n\n\n<p>Leitura da profecia de Joel.<\/p>\n\n\n\n<p>12\u201cAgora, diz o Senhor, voltai para mim com todo o vosso cora\u00e7\u00e3o, com jejuns, l\u00e1grimas e gemidos; 13rasgai o cora\u00e7\u00e3o, e n\u00e3o as vestes, e voltai para o Senhor, vosso Deus; ele \u00e9 benigno e compassivo, paciente e cheio de miseric\u00f3rdia, inclinado a perdoar o castigo.\u201d 14Quem sabe se ele se volta para v\u00f3s e vos perdoa, e deixa atr\u00e1s de si a b\u00ean\u00e7\u00e3o, obla\u00e7\u00e3o e liba\u00e7\u00e3o para o Senhor, vosso Deus? 15Tocai trombeta em Si\u00e3o, prescrevei o jejum sagrado, convocai a assembleia; 16congregai o povo, realizai cerim\u00f4nias de culto, reuni anci\u00e3os, ajuntai crian\u00e7as e lactentes; deixe o esposo seu aposento, e a esposa seu leito. 17Chorem, postos entre o vest\u00edbulo e o altar, os ministros sagrados do Senhor e digam: \u201cPerdoa, Senhor, a teu povo e n\u00e3o deixes que esta tua heran\u00e7a sofra inf\u00e2mia e que as na\u00e7\u00f5es a dominem\u201d. Por que se haveria de dizer entre os povos: \u201cOnde est\u00e1 o Deus deles?\u201d 18Ent\u00e3o, o Senhor encheu-se de zelo por sua terra e perdoou ao seu povo.<\/p>\n\n\n\n<p>Palavra do Senhor.<\/p>\n\n\n\n<h3 class=\"wp-block-heading\">Salmo Responsorial &#8211;&nbsp;50(51)<\/h3>\n\n\n\n<p><strong>Miseric\u00f3rdia, \u00f3 Senhor, pois pecamos.<\/strong><\/p>\n\n\n\n<p>Tende piedade, \u00f3 meu Deus, miseric\u00f3rdia!<\/p>\n\n\n\n<p>Na imensid\u00e3o de vosso amor, purificai-me!<\/p>\n\n\n\n<p>Lavai-me todo inteiro do pecado<\/p>\n\n\n\n<p>&nbsp;e apagai completamente a minha culpa!<\/p>\n\n\n\n<p>Eu reconhe\u00e7o toda a minha iniquidade,<\/p>\n\n\n\n<p>o meu pecado est\u00e1 sempre \u00e0 minha frente.<\/p>\n\n\n\n<p>Foi contra v\u00f3s, s\u00f3 contra v\u00f3s, que eu pequei,<\/p>\n\n\n\n<p>pratiquei o que \u00e9 mau aos vossos olhos!<\/p>\n\n\n\n<p>Criai em mim um cora\u00e7\u00e3o que seja puro,<\/p>\n\n\n\n<p>dai-me de novo um esp\u00edrito decidido.<\/p>\n\n\n\n<p>\u00d3 Senhor, n\u00e3o me afasteis de vossa face<\/p>\n\n\n\n<p>nem retireis de mim o vosso Santo Esp\u00edrito!<\/p>\n\n\n\n<p>Dai-me de novo a alegria de ser salvo<\/p>\n\n\n\n<p>e confirmai-me com esp\u00edrito generoso!<\/p>\n\n\n\n<p>Abri meus l\u00e1bios, \u00f3 Senhor, para cantar,<\/p>\n\n\n\n<p>e minha boca anunciar\u00e1 vosso louvor!<\/p>\n\n\n\n<h3 class=\"wp-block-heading\">Leitura &#8211;&nbsp;2 Cor\u00edntios 5,20-6,2<\/h3>\n\n\n\n<p>Leitura da segunda carta de S\u00e3o Paulo aos Cor\u00edntios.<\/p>\n\n\n\n<p>Irm\u00e3os, 20somos embaixadores de Cristo, e \u00e9 Deus mesmo que exorta atrav\u00e9s de n\u00f3s. Em nome de Cristo, n\u00f3s vos suplicamos: deixai-vos reconciliar com Deus. 21Aquele que n\u00e3o cometeu nenhum pecado, Deus o fez pecado por n\u00f3s, para que nele n\u00f3s nos tornemos justi\u00e7a de Deus. 6,1Como colaboradores de Cristo, n\u00f3s vos exortamos a n\u00e3o receberdes em v\u00e3o a gra\u00e7a de Deus, 2pois ele diz: \u201cNo momento favor\u00e1vel eu te ouvi, e no dia da salva\u00e7\u00e3o eu te socorri\u201d. \u00c9 agora o momento favor\u00e1vel, \u00e9 agora o dia da salva\u00e7\u00e3o.<\/p>\n\n\n\n<p>Palavra do Senhor.<\/p>\n\n\n\n<h3 class=\"wp-block-heading\">Evangelho &#8211;&nbsp;Mateus 6,1-6.16-18<\/h3>\n\n\n\n<p><strong>Jesus Cristo, sois bendito, sois o Ungido de Deus Pai!<\/strong><\/p>\n\n\n\n<p><strong>Oxal\u00e1 ouv\u00edsseis hoje a sua voz: N\u00e3o fecheis os cora\u00e7\u00f5es como em Meriba! (Sl 94,8).<\/strong><\/p>\n\n\n\n<p>Proclama\u00e7\u00e3o do Evangelho de Jesus Cristo segundo Mateus.<\/p>\n\n\n\n<p>Naquele tempo, disse Jesus aos seus disc\u00edpulos: 1\u201cFicai atentos para n\u00e3o praticar a vossa justi\u00e7a na frente dos homens s\u00f3 para serdes vistos por eles. Caso contr\u00e1rio, n\u00e3o recebereis a recompensa do vosso Pai que est\u00e1 nos c\u00e9us. 2Por isso, quando deres esmola, n\u00e3o toques a trombeta diante de ti, como fazem os hip\u00f3critas nas sinagogas e nas ruas, para serem elogiados pelos homens. Em verdade vos digo, eles j\u00e1 receberam a sua recompensa. 3Ao contr\u00e1rio, quando deres esmola, que a tua m\u00e3o esquerda n\u00e3o saiba o que faz a tua m\u00e3o direita, 4de modo que a tua esmola fique oculta. E o teu Pai, que v\u00ea o que est\u00e1 oculto, te dar\u00e1 a recompensa. 5Quando orardes, n\u00e3o sejais como os hip\u00f3critas, que gostam de rezar em p\u00e9, nas sinagogas e nas esquinas das pra\u00e7as, para serem vistos pelos homens. Em verdade vos digo, eles j\u00e1 receberam a sua recompensa. 6Ao contr\u00e1rio, quando tu orares, entra no teu quarto, fecha a porta e reza ao teu Pai, que est\u00e1 oculto. E o teu Pai, que v\u00ea o que est\u00e1 escondido, te dar\u00e1 a recompensa. 16Quando jejuardes, n\u00e3o fiqueis com o rosto triste como os hip\u00f3critas. Eles desfiguram o rosto para que os homens vejam que est\u00e3o jejuando. Em verdade vos digo, eles j\u00e1 receberam a sua recompensa. 17Tu, por\u00e9m, quando jejuares, perfuma a cabe\u00e7a e lava o rosto, 18para que os homens n\u00e3o vejam que tu est\u00e1s jejuando, mas somente teu Pai, que est\u00e1 oculto. E o teu Pai, que v\u00ea o que est\u00e1 escondido, te dar\u00e1 a recompensa\u201d.<\/p>\n\n\n\n<p>Palavra da salva\u00e7\u00e3o.<\/p>\n\n\n\n<h3 class=\"wp-block-heading\">Coment\u00e1rio ao Evangelho<\/h3>\n\n\n\n<p>OBRAS DE PIEDADE<\/p>\n","protected":false},"excerpt":{"rendered":"<p>Ora\u00e7\u00e3o do dia Concedei-nos, \u00f3 Deus, todo-poderoso, iniciar com este dia de jejum o tempo da Quaresma, para que a penit\u00eancia nos fortale\u00e7a no combate contra o esp\u00edrito do mal. Por nosso Senhor&#8230;<\/p>\n","protected":false},"author":2,"featured_media":19853,"comment_status":"open","ping_status":"open","sticky":false,"template":"","format":"standard","meta":[],"categories":[7],"tags":[],"_links":{"self":[{"href":"https:\/\/www.salvatorianas.org.br\/blog\/wp-json\/wp\/v2\/posts\/19852"}],"collection":[{"href":"https:\/\/www.salvatorianas.org.br\/blog\/wp-json\/wp\/v2\/posts"}],"about":[{"href":"https:\/\/www.salvatorianas.org.br\/blog\/wp-json\/wp\/v2\/types\/post"}],"author":[{"embeddable":true,"href":"https:\/\/www.salvatorianas.org.br\/blog\/wp-json\/wp\/v2\/users\/2"}],"replies":[{"embeddable":true,"href":"https:\/\/www.salvatorianas.org.br\/blog\/wp-json\/wp\/v2\/comments?post=19852"}],"version-history":[{"count":1,"href":"https:\/\/www.salvatorianas.org.br\/blog\/wp-json\/wp\/v2\/posts\/19852\/revisions"}],"predecessor-version":[{"id":19854,"href":"https:\/\/www.salvatorianas.org.br\/blog\/wp-json\/wp\/v2\/posts\/19852\/revisions\/19854"}],"wp:featuredmedia":[{"embeddable":true,"href":"https:\/\/www.salvatorianas.org.br\/blog\/wp-json\/wp\/v2\/media\/19853"}],"wp:attachment":[{"href":"https:\/\/www.salvatorianas.org.br\/blog\/wp-json\/wp\/v2\/media?parent=19852"}],"wp:term":[{"taxonomy":"category","embeddable":true,"href":"https:\/\/www.salvatorianas.org.br\/blog\/wp-json\/wp\/v2\/categories?post=19852"},{"taxonomy":"post_tag","embeddable":true,"href":"https:\/\/www.salvatorianas.org.br\/blog\/wp-json\/wp\/v2\/tags?post=19852"}],"curies":[{"name":"wp","href":"https:\/\/api.w.org\/{rel}","templated":true}]}}