{"id":19849,"date":"2023-02-20T15:23:48","date_gmt":"2023-02-20T15:23:48","guid":{"rendered":"https:\/\/www.salvatorianas.org.br\/blog\/?p=19849"},"modified":"2023-02-20T15:23:48","modified_gmt":"2023-02-20T15:23:48","slug":"7a-semana-do-tempo-comum-segunda-feira","status":"publish","type":"post","link":"https:\/\/www.salvatorianas.org.br\/blog\/7a-semana-do-tempo-comum-segunda-feira\/","title":{"rendered":"7\u00aa Semana do Tempo Comum | Segunda-feira"},"content":{"rendered":"\n<h3 class=\"wp-block-heading\">Ora\u00e7\u00e3o do dia<\/h3>\n\n\n\n<p>Concedei, \u00f3 Deus todo-poderoso, que, procurando conhecer sempre o que \u00e9 reto, realizemos vossa vontade em nossas palavras e a\u00e7\u00f5es. Por Nosso Senhor Jesus Cristo, Vosso Filho, na unidade do Esp\u00edrito Santo.<\/p>\n\n\n\n<h3 class=\"wp-block-heading\">Leitura &#8211;&nbsp;Eclesi\u00e1stico 1,1-10<\/h3>\n\n\n\n<p>1 1 Toda a sabedoria vem do Senhor Deus, ela sempre esteve com ele. Ela existe antes de todos os s\u00e9culos.<\/p>\n\n\n\n<p>2 Quem pode contar os gr\u00e3os de areia do mar, as gotas de chuva, os dias do tempo? Quem pode medir a altura do c\u00e9u, a extens\u00e3o da terra, a profundidade do abismo?<\/p>\n\n\n\n<p>3 Quem pode penetrar a sabedoria divina, anterior a tudo?<\/p>\n\n\n\n<p>4 A sabedoria foi criada antes de todas as coisas, a intelig\u00eancia prudente existe antes dos s\u00e9culos!<\/p>\n\n\n\n<p>5 O verbo de Deus nos c\u00e9us \u00e9 fonte de sabedoria, seus caminhos s\u00e3o os mandamentos eternos.<\/p>\n\n\n\n<p>6 A quem foi revelada a raiz da sabedoria? Quem pode discernir os seus artif\u00edcios?<\/p>\n\n\n\n<p>7 A quem foi mostrada e revelada a ci\u00eancia da sabedoria? Quem pode compreender a multiplicidade de seus caminhos?<\/p>\n\n\n\n<p>8 Somente o Alt\u00edssimo, criador onipotente, rei poderoso e infinitamente tem\u00edvel, Deus dominador, sentado no seu trono;<\/p>\n\n\n\n<p>9 foi ele quem a criou no Esp\u00edrito Santo, quem a viu, numerada e medida;<\/p>\n\n\n\n<p>10 ele a espargiu em todas as suas obras, sobre toda a carne, \u00e0 medida que a repartiu, e deu-a \u00e0queles que a amavam.<\/p>\n\n\n\n<p>Palavra do Senhor.<\/p>\n\n\n\n<h3 class=\"wp-block-heading\">Salmo Responsorial &#8211;<\/h3>\n\n\n\n<h3 class=\"wp-block-heading\">Leitura &#8211;&nbsp;92\/93<\/h3>\n\n\n\n<p><strong>Reina o Senhor, revestiu-se de esplendor!<\/strong><\/p>\n\n\n\n<p>Deus \u00e9 rei e se vestiu de majestade,<\/p>\n\n\n\n<p>revestiu-se de poder e de esplendor!<\/p>\n\n\n\n<p>V\u00f3s firmastes o universo inabal\u00e1vel,<\/p>\n\n\n\n<p>v\u00f3s firmastes vosso trono desde a origem,<\/p>\n\n\n\n<p>desde sempre, \u00f3 Senhor, v\u00f3s existis!<\/p>\n\n\n\n<p>Verdadeiros s\u00e3o os vossos testemunhos,<\/p>\n\n\n\n<p>refulge a santidade em vossa casa,<\/p>\n\n\n\n<p>pelos s\u00e9culos dos s\u00e9culos, Senhor!<\/p>\n\n\n\n<h3 class=\"wp-block-heading\">Evangelho &#8211;&nbsp;Marcos 9,14-29<\/h3>\n\n\n\n<p>Aleluia, aleluia, aleluia.<\/p>\n\n\n\n<p>Jesus Cristo salvador destruiu o mal e a morte; fez brilhar, pelo Evangelho, a luz e a vida imperec\u00edveis (2Tm 1,10).<\/p>\n\n\n\n<p>Proclama\u00e7\u00e3o do Evangelho de Jesus Cristo segundo Marcos.<\/p>\n\n\n\n<p>Naquele tempo, 9 14 Jesus aproximando-se dos disc\u00edpulos, viu ao redor deles grande multid\u00e3o, e os escribas a discutir com eles.<\/p>\n\n\n\n<p>15 Todo aquele povo, vendo de surpresa Jesus, acorreu a ele para saud\u00e1-lo.<\/p>\n\n\n\n<p>16 Ele lhes perguntou: &#8220;Que estais discutindo com eles?&#8221;<\/p>\n\n\n\n<p>17 Respondeu um homem dentre a multid\u00e3o: &#8220;Mestre, eu te trouxe meu filho, que tem um esp\u00edrito mudo.<\/p>\n\n\n\n<p>18 Este, onde quer que o apanhe, lan\u00e7a-o por terra e ele espuma, range os dentes e fica endurecido. Roguei a teus disc\u00edpulos que o expelissem, mas n\u00e3o o puderam&#8221;.<\/p>\n\n\n\n<p>19 Respondeu-lhes Jesus: &#8220;\u00d3 gera\u00e7\u00e3o incr\u00e9dula, at\u00e9 quando estarei convosco? At\u00e9 quando vos hei de aturar? Trazei-mo c\u00e1!&#8221;<\/p>\n\n\n\n<p>20 Eles lho trouxeram. Assim que o menino avistou Jesus, o esp\u00edrito o agitou fortemente. Caiu por terra e revolvia-se espumando.<\/p>\n\n\n\n<p>21 Jesus perguntou ao pai: &#8220;H\u00e1 quanto tempo lhe acontece isto?&#8221; &#8220;Desde a inf\u00e2ncia&#8221;, respondeu-lhe.<\/p>\n\n\n\n<p>22 &#8220;E o tem lan\u00e7ado muitas vezes ao fogo e \u00e0 \u00e1gua, para o matar. Se tu, por\u00e9m, podes alguma coisa, ajuda-nos, compadece-te de n\u00f3s!&#8221;<\/p>\n\n\n\n<p>23 Disse-lhe Jesus: &#8220;Se podes alguma coisa!&#8230; Tudo \u00e9 poss\u00edvel ao que cr\u00ea&#8221;.<\/p>\n\n\n\n<p>24 Imediatamente exclamou o pai do menino: &#8220;Creio! Vem em socorro \u00e0 minha falta de f\u00e9!&#8221;<\/p>\n\n\n\n<p>25 Vendo Jesus que o povo aflu\u00eda, intimou o esp\u00edrito imundo e disse-lhe: &#8220;Esp\u00edrito mudo e surdo, eu te ordeno: sai deste menino e n\u00e3o tornes a entrar nele&#8221;.<\/p>\n\n\n\n<p>26 E, gritando e maltratando-o extremamente, saiu. O menino ficou como morto, de modo que muitos diziam: &#8220;Morreu&#8221;<\/p>\n\n\n\n<p>27 Jesus, por\u00e9m, tomando-o pela m\u00e3o, ergueu-o e ele levantou-se.<\/p>\n\n\n\n<p>28 Depois de entrar em casa, os seus disc\u00edpulos perguntaram-lhe em particular: &#8220;Por que n\u00e3o pudemos n\u00f3s expeli-lo?&#8221;<\/p>\n\n\n\n<p>29 Ele disse-lhes: &#8220;Esta esp\u00e9cie de dem\u00f4nios n\u00e3o se pode expulsar sen\u00e3o pela ora\u00e7\u00e3o&#8221;.<\/p>\n\n\n\n<p>Palavra da Salva\u00e7\u00e3o.<\/p>\n\n\n\n<h3 class=\"wp-block-heading\">Coment\u00e1rio ao Evangelho<\/h3>\n\n\n\n<p>AUMENTA A MINHA F\u00c9!<\/p>\n\n\n\n<p>&nbsp;&nbsp;&nbsp;&nbsp;&nbsp;&nbsp;&nbsp;&nbsp;&nbsp;&nbsp;&nbsp;&nbsp;&nbsp;&nbsp; Os disc\u00edpulos de Jesus, no exerc\u00edcio da miss\u00e3o, viram-se \u00e0s voltas com situa\u00e7\u00f5es delicadas onde estava em jogo sua credibilidade. Quem recorria a Jesus movido pela f\u00e9, era sempre atendido. O mesmo n\u00e3o acontecia com os disc\u00edpulos. Houve casos em que estiveram impossibilitados de aliviar o sofrimento de quem buscava socorro junto deles.<\/p>\n\n\n\n<p>&nbsp;&nbsp;&nbsp;&nbsp;&nbsp;&nbsp;&nbsp;&nbsp;&nbsp;&nbsp;&nbsp;&nbsp;&nbsp;&nbsp; O exerc\u00edcio da miss\u00e3o recebida de Jesus requeria muita f\u00e9. O an\u00fancio da novidade do Reino exigia dos disc\u00edpulos convic\u00e7\u00e3o visceral de ser aquele o caminho de acesso a Deus. A realiza\u00e7\u00e3o de gestos prodigiosos, a exemplo de Jesus, s\u00f3 se daria num contexto de uma certeza inabal\u00e1vel no poder recebido do Senhor para realizar milagres. A suporta\u00e7\u00e3o das consequ\u00eancias da miss\u00e3o tornava-se efetiva somente por parte de quem estava absolutamente convencido de estar servindo ao verdadeiro Senhor. Caso contr\u00e1rio, todo o projeto de miss\u00e3o iria de \u00e1gua abaixo.<\/p>\n\n\n\n<p>&nbsp;&nbsp;&nbsp;&nbsp;&nbsp;&nbsp;&nbsp;&nbsp;&nbsp;&nbsp;&nbsp;&nbsp;&nbsp;&nbsp; Diante de exig\u00eancias t\u00e3o radicais, em certos momentos os disc\u00edpulos fraquejavam e se tornavam impotentes para realizar o milagre solicitado. A declara\u00e7\u00e3o sincera do pai da crian\u00e7a doente valia tamb\u00e9m para eles. Senhor, eu creio! Mas vem ajudar minha falta de f\u00e9!&nbsp; ficaria igualmente bem na boca dos disc\u00edpulos. Quando a f\u00e9 \u00e9 pequena a miss\u00e3o fica comprometida. Jesus n\u00e3o se omite, quando solicitado, para refor\u00e7ar a f\u00e9 de seus disc\u00edpulos.<\/p>\n","protected":false},"excerpt":{"rendered":"<p>Ora\u00e7\u00e3o do dia Concedei, \u00f3 Deus todo-poderoso, que, procurando conhecer sempre o que \u00e9 reto, realizemos vossa vontade em nossas palavras e a\u00e7\u00f5es. Por Nosso Senhor Jesus Cristo, Vosso Filho, na unidade do&#8230;<\/p>\n","protected":false},"author":2,"featured_media":19850,"comment_status":"open","ping_status":"open","sticky":false,"template":"","format":"standard","meta":[],"categories":[7],"tags":[],"_links":{"self":[{"href":"https:\/\/www.salvatorianas.org.br\/blog\/wp-json\/wp\/v2\/posts\/19849"}],"collection":[{"href":"https:\/\/www.salvatorianas.org.br\/blog\/wp-json\/wp\/v2\/posts"}],"about":[{"href":"https:\/\/www.salvatorianas.org.br\/blog\/wp-json\/wp\/v2\/types\/post"}],"author":[{"embeddable":true,"href":"https:\/\/www.salvatorianas.org.br\/blog\/wp-json\/wp\/v2\/users\/2"}],"replies":[{"embeddable":true,"href":"https:\/\/www.salvatorianas.org.br\/blog\/wp-json\/wp\/v2\/comments?post=19849"}],"version-history":[{"count":1,"href":"https:\/\/www.salvatorianas.org.br\/blog\/wp-json\/wp\/v2\/posts\/19849\/revisions"}],"predecessor-version":[{"id":19851,"href":"https:\/\/www.salvatorianas.org.br\/blog\/wp-json\/wp\/v2\/posts\/19849\/revisions\/19851"}],"wp:featuredmedia":[{"embeddable":true,"href":"https:\/\/www.salvatorianas.org.br\/blog\/wp-json\/wp\/v2\/media\/19850"}],"wp:attachment":[{"href":"https:\/\/www.salvatorianas.org.br\/blog\/wp-json\/wp\/v2\/media?parent=19849"}],"wp:term":[{"taxonomy":"category","embeddable":true,"href":"https:\/\/www.salvatorianas.org.br\/blog\/wp-json\/wp\/v2\/categories?post=19849"},{"taxonomy":"post_tag","embeddable":true,"href":"https:\/\/www.salvatorianas.org.br\/blog\/wp-json\/wp\/v2\/tags?post=19849"}],"curies":[{"name":"wp","href":"https:\/\/api.w.org\/{rel}","templated":true}]}}