{"id":19845,"date":"2023-02-17T13:41:00","date_gmt":"2023-02-17T13:41:00","guid":{"rendered":"https:\/\/www.salvatorianas.org.br\/blog\/?p=19845"},"modified":"2023-02-17T13:41:01","modified_gmt":"2023-02-17T13:41:01","slug":"6a-semana-do-tempo-comum-sexta-feira","status":"publish","type":"post","link":"https:\/\/www.salvatorianas.org.br\/blog\/6a-semana-do-tempo-comum-sexta-feira\/","title":{"rendered":"6\u00aa Semana do Tempo Comum | Sexta-feira"},"content":{"rendered":"\n<h3 class=\"wp-block-heading\">Ora\u00e7\u00e3o do dia<\/h3>\n\n\n\n<p>\u00d3 Deus, que prometestes permanecer nos cora\u00e7\u00f5es sinceros e retos, dai-nos, por vossa gra\u00e7a, viver de tal modo, que possais habitar em n\u00f3s. Por Nosso Senhor Jesus Cristo, Vosso Filho, na unidade do Esp\u00edrito Santo.<\/p>\n\n\n\n<h3 class=\"wp-block-heading\">Leitura &#8211;&nbsp;G\u00eanesis 11,1-9<\/h3>\n\n\n\n<p>Leitura do livro do G\u00eanesis<\/p>\n\n\n\n<p>11 1 Toda a terra tinha uma s\u00f3 l\u00edngua, e servia-se das mesmas palavras. 2 Alguns homens, partindo para o oriente, encontraram na terra de Senaar uma plan\u00edcie onde se estabeleceram. 3 E disseram uns aos outros: \u201cVamos, fa\u00e7amos tijolos e cozamo-los no fogo.\u201d Serviram-se de tijolos em vez de pedras, e de betume em lugar de argamassa. 4 Depois disseram: \u201cVamos, fa\u00e7amos para n\u00f3s uma cidade e uma torre cujo cimo atinja os c\u00e9us. Tornemos assim c\u00e9lebre o nosso nome, para que n\u00e3o sejamos dispersos pela face de toda a terra.\u201d<\/p>\n\n\n\n<p>5 Mas o senhor desceu para ver a cidade e a torre que constru\u00edram os filhos dos homens. 6 \u201cEis que s\u00e3o um s\u00f3 povo, disse ele, e falam uma s\u00f3 l\u00edngua: se come\u00e7am assim, nada futuramente os impedir\u00e1 de executarem todos os seus empreendimentos. 7 Vamos: des\u00e7amos para lhes confundir a linguagem, de sorte que j\u00e1 n\u00e3o se compreendam um ao outro.\u201d 8 Foi dali que o Senhor os dispersou daquele lugar pela face de toda a terra, e cessaram a constru\u00e7\u00e3o da cidade. 9 Por isso deram-lhe o nome de Babel, porque ali o Senhor confundiu a linguagem de todos os habitantes da terra, e dali os dispersou sobre a face de toda a terra.<\/p>\n\n\n\n<p>Palavra do Senhor.<\/p>\n\n\n\n<h3 class=\"wp-block-heading\">Salmo Responsorial &#8211;&nbsp;32\/33<\/h3>\n\n\n\n<p><strong>Feliz o povo que o Senhor escolheu por sua heran\u00e7a!<\/strong><\/p>\n\n\n\n<p>O Senhor desfaz os planos das na\u00e7\u00f5es<\/p>\n\n\n\n<p>e os projetos que os povos se prop\u00f5em.<\/p>\n\n\n\n<p>Mas os des\u00edgnios do Senhor s\u00e3o para sempre,<\/p>\n\n\n\n<p>e os pensamentos que ele traz no cora\u00e7\u00e3o,<\/p>\n\n\n\n<p>de gera\u00e7\u00e3o em gera\u00e7\u00e3o, v\u00e3o perdurar.<\/p>\n\n\n\n<p>Feliz o povo cujo Deus \u00e9 o Senhor<\/p>\n\n\n\n<p>e a na\u00e7\u00e3o que escolheu por sua heran\u00e7a!<\/p>\n\n\n\n<p>Dos altos c\u00e9us o Senhor olha e observa;<\/p>\n\n\n\n<p>ele se inclina para olhar todos os homens.<\/p>\n\n\n\n<p>Ele contempla do lugar onde reside<\/p>\n\n\n\n<p>e v\u00ea todos os que habitam sobre a terra.<\/p>\n\n\n\n<p>Ele formou o cora\u00e7\u00e3o de cada um<\/p>\n\n\n\n<p>e por todos os seus atos se interessa.<\/p>\n\n\n\n<h3 class=\"wp-block-heading\">Leitura &#8211;<\/h3>\n\n\n\n<h3 class=\"wp-block-heading\">Evangelho &#8211;&nbsp;Marcos 8,34-9,1<\/h3>\n\n\n\n<p>Aleluia, aleluia, aleluia.<\/p>\n\n\n\n<p>Eu vos chamo meus amigos, pois vos dei a conhecer o que o Pai me revelou (Jo 15,15).<\/p>\n\n\n\n<p>Proclama\u00e7\u00e3o do Evangelho de Jesus Cristo segundo Marcos.<\/p>\n\n\n\n<p>Naquele tempo, 8 34 Jesus, convocando a multid\u00e3o juntamente com os seus disc\u00edpulos, disse-lhes: &#8220;Se algu\u00e9m me quer seguir, renuncie-se a si mesmo, tome a sua cruz e siga-me.<\/p>\n\n\n\n<p>35 Porque o que quiser salvar a sua vida, perd\u00ea-la-\u00e1; mas o que perder a sua vida por amor de mim e do Evangelho, salv\u00e1-la-\u00e1.<\/p>\n\n\n\n<p>36 Pois que aproveitar\u00e1 ao homem ganhar o mundo inteiro, se vier a perder a sua vida?<\/p>\n\n\n\n<p>37 Ou que dar\u00e1 o homem em troca da sua vida?<\/p>\n\n\n\n<p>38 Porque, se nesta gera\u00e7\u00e3o ad\u00faltera e pecadora algu\u00e9m se envergonhar de mim e das minhas palavras, tamb\u00e9m o Filho do homem se envergonhar\u00e1 dele, quando vier na gl\u00f3ria de seu Pai com os seus santos anjos&#8221;.<\/p>\n\n\n\n<p>9 1 E dizia-lhes: &#8220;Em verdade vos digo: dos que aqui se acham, alguns h\u00e1 que n\u00e3o experimentar\u00e3o a morte, enquanto n\u00e3o virem chegar o Reino de Deus com poder&#8221;.<\/p>\n\n\n\n<p>Palavra da Salva\u00e7\u00e3o.<\/p>\n\n\n\n<h3 class=\"wp-block-heading\">Coment\u00e1rio ao Evangelho<\/h3>\n\n\n\n<p>O CAMINHO DA CRUZ<\/p>\n\n\n\n<p>&nbsp;&nbsp;&nbsp;&nbsp;&nbsp;&nbsp;&nbsp;&nbsp;&nbsp;&nbsp;&nbsp;&nbsp;&nbsp;&nbsp;&nbsp; O discipulado comporta tr\u00eas atitudes radicais. Tudo come\u00e7a com a ren\u00fancia de si mesmo. \u00c9 preciso abrir m\u00e3o dos projetos pessoais e submet\u00ea-los \u00e0s exig\u00eancias do Reino. Romper com o pr\u00f3prio ego\u00edsmo, que faz o indiv\u00edduo girar em torno de si mesmo, e colocar o pr\u00f3ximo e suas car\u00eancias no centro de suas preocupa\u00e7\u00f5es. Deixar de lado os preconceitos e formas de pensar que n\u00e3o est\u00e3o de acordo com o projeto do Reino. Positivamente, a ren\u00fancia do disc\u00edpulo sup\u00f5e aceitar a liberdade pr\u00f3pria do Reino, que lhe descortina um horizonte infinito de possibilidades de amar e fazer o bem.<\/p>\n\n\n\n<p>&nbsp;&nbsp;&nbsp;&nbsp;&nbsp;&nbsp;&nbsp;&nbsp;&nbsp;&nbsp;&nbsp;&nbsp;&nbsp;&nbsp;&nbsp; O passo seguinte consiste em tomar a sua cruz. Ou seja, ser capaz de enfrentar as consequ\u00eancias de sua op\u00e7\u00e3o, sem se intimidar ou deixar arrefecer o entusiasmo inicial. A cruz do disc\u00edpulo \u00e9 a cruz do testemunho verdadeiro de sua f\u00e9 que, ao defrontar-se com a iniquidade, provoca rea\u00e7\u00f5es de hostilidade, cujo \u00e1pice \u00e9 a morte cruel e violenta. \u00c9 tamb\u00e9m a cruz do desprezo, rejei\u00e7\u00e3o, zombaria e exclus\u00e3o, por causa da fidelidade ao Reino e pela coragem de n\u00e3o pactuar com as solicita\u00e7\u00f5es do mal.<\/p>\n\n\n\n<p>&nbsp;&nbsp;&nbsp;&nbsp;&nbsp;&nbsp;&nbsp;&nbsp;&nbsp;&nbsp;&nbsp;&nbsp;&nbsp;&nbsp;&nbsp; Por fim, o disc\u00edpulo est\u00e1 em condi\u00e7\u00f5es de aceitar o convite siga-me. E fazer do caminho de Jesus seu pr\u00f3prio caminho e do projeto de Jesus seu pr\u00f3prio projeto. Quem perde a pr\u00f3pria vida, acaba encontrando a verdadeira vida, a que Jesus tem para oferecer.<\/p>\n","protected":false},"excerpt":{"rendered":"<p>Ora\u00e7\u00e3o do dia \u00d3 Deus, que prometestes permanecer nos cora\u00e7\u00f5es sinceros e retos, dai-nos, por vossa gra\u00e7a, viver de tal modo, que possais habitar em n\u00f3s. Por Nosso Senhor Jesus Cristo, Vosso Filho,&#8230;<\/p>\n","protected":false},"author":2,"featured_media":19846,"comment_status":"open","ping_status":"open","sticky":false,"template":"","format":"standard","meta":[],"categories":[7],"tags":[],"_links":{"self":[{"href":"https:\/\/www.salvatorianas.org.br\/blog\/wp-json\/wp\/v2\/posts\/19845"}],"collection":[{"href":"https:\/\/www.salvatorianas.org.br\/blog\/wp-json\/wp\/v2\/posts"}],"about":[{"href":"https:\/\/www.salvatorianas.org.br\/blog\/wp-json\/wp\/v2\/types\/post"}],"author":[{"embeddable":true,"href":"https:\/\/www.salvatorianas.org.br\/blog\/wp-json\/wp\/v2\/users\/2"}],"replies":[{"embeddable":true,"href":"https:\/\/www.salvatorianas.org.br\/blog\/wp-json\/wp\/v2\/comments?post=19845"}],"version-history":[{"count":1,"href":"https:\/\/www.salvatorianas.org.br\/blog\/wp-json\/wp\/v2\/posts\/19845\/revisions"}],"predecessor-version":[{"id":19847,"href":"https:\/\/www.salvatorianas.org.br\/blog\/wp-json\/wp\/v2\/posts\/19845\/revisions\/19847"}],"wp:featuredmedia":[{"embeddable":true,"href":"https:\/\/www.salvatorianas.org.br\/blog\/wp-json\/wp\/v2\/media\/19846"}],"wp:attachment":[{"href":"https:\/\/www.salvatorianas.org.br\/blog\/wp-json\/wp\/v2\/media?parent=19845"}],"wp:term":[{"taxonomy":"category","embeddable":true,"href":"https:\/\/www.salvatorianas.org.br\/blog\/wp-json\/wp\/v2\/categories?post=19845"},{"taxonomy":"post_tag","embeddable":true,"href":"https:\/\/www.salvatorianas.org.br\/blog\/wp-json\/wp\/v2\/tags?post=19845"}],"curies":[{"name":"wp","href":"https:\/\/api.w.org\/{rel}","templated":true}]}}