{"id":19842,"date":"2023-02-16T11:50:36","date_gmt":"2023-02-16T11:50:36","guid":{"rendered":"https:\/\/www.salvatorianas.org.br\/blog\/?p=19842"},"modified":"2023-02-16T11:50:37","modified_gmt":"2023-02-16T11:50:37","slug":"6a-semana-do-tempo-comum-quinta-feira","status":"publish","type":"post","link":"https:\/\/www.salvatorianas.org.br\/blog\/6a-semana-do-tempo-comum-quinta-feira\/","title":{"rendered":"6\u00aa Semana do Tempo Comum | Quinta-feira"},"content":{"rendered":"\n<h3 class=\"wp-block-heading\">Ora\u00e7\u00e3o do dia<\/h3>\n\n\n\n<p>\u00d3 Deus, que prometestes permanecer nos cora\u00e7\u00f5es sinceros e retos, dai-nos, por vossa gra\u00e7a, viver de tal modo, que possais habitar em n\u00f3s. Por Nosso Senhor Jesus Cristo, Vosso Filho, na unidade do Esp\u00edrito Santo.<\/p>\n\n\n\n<h3 class=\"wp-block-heading\">Leitura &#8211;&nbsp;G\u00eanesis 9,1-13<\/h3>\n\n\n\n<p>Leitura do livro do G\u00eanesis<\/p>\n\n\n\n<p>9 1 Deus aben\u00e7oou No\u00e9 e seus filhos: \u201cSede fecundos, disse-lhes ele, multiplicai-vos e enchei a terra. 2 V\u00f3s sereis objeto de temor e de espanto para todo animal da terra, toda ave do c\u00e9u, tudo o que se arrasta sobre o solo e todos os peixes do mar: eles vos s\u00e3o entregues em m\u00e3o. 3 Tudo o que se move e vive vos servir\u00e1 de alimento; eu vos dou tudo isto, como vos dei a erva verde. 4 Somente n\u00e3o comereis carne com a sua alma, com seu sangue. 5 Eu pedirei conta de vosso sangue, por causa de vossas almas, a todo animal; e ao homem (que matar) o seu irm\u00e3o, pedirei conta da alma do homem.<\/p>\n\n\n\n<p>6 Todo aquele que derramar o sangue humano ter\u00e1 seu pr\u00f3prio sangue derramado pelo homem, porque Deus fez o homem \u00e0 sua imagem.<\/p>\n\n\n\n<p>7 Sede, pois, fecundos e multiplicai-vos, e espalhai-vos sobre a terra abundantemente.\u201d<\/p>\n\n\n\n<p>8 Disse tamb\u00e9m Deus a No\u00e9 e as seus filhos: 9 \u201cVou fazer uma alian\u00e7a convosco e com vossa posteridade, 10 assim como com todos os seres vivos que est\u00e3o convosco: as aves, os animais dom\u00e9sticos, todos os animais selvagens que est\u00e3o convosco, desde todos aqueles que sa\u00edram da arca at\u00e9 todo animal da terra. 11 Fa\u00e7o esta alian\u00e7a convosco: nenhuma criatura ser\u00e1 destru\u00edda pelas \u00e1guas do dil\u00favio, e n\u00e3o haver\u00e1 mais dil\u00favio para devastar a terra.\u201d<\/p>\n\n\n\n<p>12 Deus disse: \u201cEis o sinal da alian\u00e7a que eu fa\u00e7o convosco e com todos os seres vivos que vos cercam, por todas as gera\u00e7\u00f5es futuras: 13 Ponho o meu arco nas nuvens, para que ele seja o sinal da alian\u00e7a entre mim e a terra&#8221;.<\/p>\n\n\n\n<p>Palavra do Senhor.<\/p>\n\n\n\n<h3 class=\"wp-block-heading\">Salmo Responsorial &#8211;&nbsp;101\/102<\/h3>\n\n\n\n<p><strong>O Senhor olhou a terra do alto c\u00e9u.<\/strong><\/p>\n\n\n\n<p>As na\u00e7\u00f5es respeitar\u00e3o o vosso nome,<\/p>\n\n\n\n<p>e os reis de toda a terra, a vossa gl\u00f3ria;<\/p>\n\n\n\n<p>quando o Senhor reconstruir Jerusal\u00e9m<\/p>\n\n\n\n<p>e aparecer com gloriosa majestade,<\/p>\n\n\n\n<p>ele ouvir\u00e1 a ora\u00e7\u00e3o dos oprimidos<\/p>\n\n\n\n<p>e n\u00e3o desprezar\u00e1 a sua prece.<\/p>\n\n\n\n<p>Para as futuras gera\u00e7\u00f5es se escreva isto,<\/p>\n\n\n\n<p>e um povo novo a ser criado louve a Deus.<\/p>\n\n\n\n<p>Ele inclinou-se de seu templo nas alturas,<\/p>\n\n\n\n<p>e o Senhor olhou a terra do alto c\u00e9u,<\/p>\n\n\n\n<p>para os gemidos dos cativos escutar<\/p>\n\n\n\n<p>e da morte libertar os condenados.<\/p>\n\n\n\n<p>Assim tamb\u00e9m a gera\u00e7\u00e3o dos vossos servos<\/p>\n\n\n\n<p>ter\u00e1 casa e viver\u00e1 em seguran\u00e7a,<\/p>\n\n\n\n<p>e ante v\u00f3s se firmar\u00e1 sua descend\u00eancia.<\/p>\n\n\n\n<p>Para que cantem o seu nome em Si\u00e3o<\/p>\n\n\n\n<p>e louve ao Senhor Jerusal\u00e9m,<\/p>\n\n\n\n<p>quando os povos e as na\u00e7\u00f5es se reunirem<\/p>\n\n\n\n<p>e todos os imp\u00e9rios o servirem.<\/p>\n\n\n\n<h3 class=\"wp-block-heading\">Leitura &#8211;<\/h3>\n\n\n\n<h3 class=\"wp-block-heading\">Evangelho &#8211;&nbsp;Marcos 8,27-33<\/h3>\n\n\n\n<p>Aleluia, aleluia, aleluia.<\/p>\n\n\n\n<p>Senhor, tuas palavras s\u00e3o esp\u00edrito, s\u00e3o vida; s\u00f3 tu tens palavras de vida eterna! (Jo 6,63.68)<\/p>\n\n\n\n<p>Proclama\u00e7\u00e3o do Evangelho de Jesus Cristo segundo Marcos.<\/p>\n\n\n\n<p>8 27 Jesus saiu com os seus disc\u00edpulos para as aldeias de Cesareia de Filipe, e pelo caminho perguntou-lhes: \u201cQuem dizem os homens que eu sou?\u201d<\/p>\n\n\n\n<p>28 Responderam-lhe os disc\u00edpulos: \u201cJo\u00e3o Batista; outros, Elias; outros, um dos profetas\u201d.<\/p>\n\n\n\n<p>29 Ent\u00e3o perguntou-lhes Jesus: \u201cE v\u00f3s, quem dizeis que eu sou?\u201d Respondeu Pedro: \u201cTu \u00e9s o Cristo\u201d.<\/p>\n\n\n\n<p>30 E ordenou-lhes severamente que a ningu\u00e9m dissessem nada a respeito dele.<\/p>\n\n\n\n<p>31 E come\u00e7ou a ensinar-lhes que era necess\u00e1rio que o Filho do homem padecesse muito, fosse rejeitado pelos anci\u00e3os, pelos sumos sacerdotes e pelos escribas, e fosse morto, mas ressuscitasse depois de tr\u00eas dias.<\/p>\n\n\n\n<p>32 E falava-lhes abertamente dessas coisas. Pedro, tomando-o \u00e0 parte, come\u00e7ou a repreend\u00ea-lo.<\/p>\n\n\n\n<p>33 Mas, voltando-se ele, olhou para os seus disc\u00edpulos e repreendeu a Pedro: \u201cAfasta-te de mim, Satan\u00e1s, porque teus sentimentos n\u00e3o s\u00e3o os de Deus, mas os dos homens\u201d.<\/p>\n\n\n\n<p>Palavra da Salva\u00e7\u00e3o.<\/p>\n\n\n\n<h3 class=\"wp-block-heading\">Coment\u00e1rio ao Evangelho<\/h3>\n\n\n\n<p>TU \u00c9S O MESSIAS<\/p>\n\n\n\n<p>A pessoa de Jesus n\u00e3o se enquadrava nas categorias da \u00e9poca e era interpretada de formas variadas. Seu modo de ser austero e a maneira incisiva de sua prega\u00e7\u00e3o levavam alguns a confundi-lo com Jo\u00e3o Batista ou com Elias. Pensava-se que Jesus fosse uma esp\u00e9cie de revivesc\u00eancia destas figuras. A postura de Jesus era tamb\u00e9m identificada com as dos profetas do passado, cujas vidas pareciam servir-lhe de inspira\u00e7\u00e3o.<\/p>\n\n\n\n<p>&nbsp;&nbsp;&nbsp;&nbsp;&nbsp;&nbsp;&nbsp;&nbsp;&nbsp;&nbsp;&nbsp;&nbsp;&nbsp;&nbsp;&nbsp; Jesus quis saber a opini\u00e3o dos disc\u00edpulos a seu respeito, por n\u00e3o estar seguro da exatid\u00e3o do modo como o consideravam. A resposta foi dada por Pedro, em nome do grupo, de maneira correta e convenceu Jesus. Ele, de fato, era o Messias.<\/p>\n\n\n\n<p>&nbsp;&nbsp;&nbsp;&nbsp;&nbsp;&nbsp;&nbsp;&nbsp;&nbsp;&nbsp;&nbsp;&nbsp;&nbsp;&nbsp;&nbsp; Entretanto, Jesus se sentiu na obriga\u00e7\u00e3o de oferecer aos disc\u00edpulos pistas para a correta compreens\u00e3o de sua condi\u00e7\u00e3o messi\u00e2nica. Seu messianismo o faria confrontar-se com a rejei\u00e7\u00e3o por parte das autoridades e com a morte violenta. Mas, isto n\u00e3o seria tudo. Ele estava tamb\u00e9m destinado \u00e0 ressurrei\u00e7\u00e3o. O Messias Jesus enfrentaria a cruz.<\/p>\n\n\n\n<p>&nbsp;&nbsp;&nbsp;&nbsp;&nbsp;&nbsp;&nbsp;&nbsp;&nbsp;&nbsp;&nbsp;&nbsp;&nbsp;&nbsp;&nbsp; Os disc\u00edpulos tiveram que fazer um esfor\u00e7o gigantesco para introduzir o sofrimento na sua concep\u00e7\u00e3o messi\u00e2nica. As expectativas em voga giravam em torno de um futuro Messias revestido de gl\u00f3ria e poder. Jamais se esperava um Messias sofredor, como Jesus se proclamava ser. Os disc\u00edpulos viram-se, pois, na obriga\u00e7\u00e3o de refazer seus esquemas.<\/p>\n","protected":false},"excerpt":{"rendered":"<p>Ora\u00e7\u00e3o do dia \u00d3 Deus, que prometestes permanecer nos cora\u00e7\u00f5es sinceros e retos, dai-nos, por vossa gra\u00e7a, viver de tal modo, que possais habitar em n\u00f3s. Por Nosso Senhor Jesus Cristo, Vosso Filho,&#8230;<\/p>\n","protected":false},"author":2,"featured_media":19843,"comment_status":"open","ping_status":"open","sticky":false,"template":"","format":"standard","meta":[],"categories":[7],"tags":[],"_links":{"self":[{"href":"https:\/\/www.salvatorianas.org.br\/blog\/wp-json\/wp\/v2\/posts\/19842"}],"collection":[{"href":"https:\/\/www.salvatorianas.org.br\/blog\/wp-json\/wp\/v2\/posts"}],"about":[{"href":"https:\/\/www.salvatorianas.org.br\/blog\/wp-json\/wp\/v2\/types\/post"}],"author":[{"embeddable":true,"href":"https:\/\/www.salvatorianas.org.br\/blog\/wp-json\/wp\/v2\/users\/2"}],"replies":[{"embeddable":true,"href":"https:\/\/www.salvatorianas.org.br\/blog\/wp-json\/wp\/v2\/comments?post=19842"}],"version-history":[{"count":1,"href":"https:\/\/www.salvatorianas.org.br\/blog\/wp-json\/wp\/v2\/posts\/19842\/revisions"}],"predecessor-version":[{"id":19844,"href":"https:\/\/www.salvatorianas.org.br\/blog\/wp-json\/wp\/v2\/posts\/19842\/revisions\/19844"}],"wp:featuredmedia":[{"embeddable":true,"href":"https:\/\/www.salvatorianas.org.br\/blog\/wp-json\/wp\/v2\/media\/19843"}],"wp:attachment":[{"href":"https:\/\/www.salvatorianas.org.br\/blog\/wp-json\/wp\/v2\/media?parent=19842"}],"wp:term":[{"taxonomy":"category","embeddable":true,"href":"https:\/\/www.salvatorianas.org.br\/blog\/wp-json\/wp\/v2\/categories?post=19842"},{"taxonomy":"post_tag","embeddable":true,"href":"https:\/\/www.salvatorianas.org.br\/blog\/wp-json\/wp\/v2\/tags?post=19842"}],"curies":[{"name":"wp","href":"https:\/\/api.w.org\/{rel}","templated":true}]}}