{"id":19839,"date":"2023-02-15T01:25:00","date_gmt":"2023-02-15T01:25:00","guid":{"rendered":"https:\/\/www.salvatorianas.org.br\/blog\/?p=19839"},"modified":"2023-02-14T14:26:23","modified_gmt":"2023-02-14T14:26:23","slug":"6a-semana-do-tempo-comum-quarta-feira","status":"publish","type":"post","link":"https:\/\/www.salvatorianas.org.br\/blog\/6a-semana-do-tempo-comum-quarta-feira\/","title":{"rendered":"6\u00aa Semana do Tempo Comum | Quarta-feira"},"content":{"rendered":"\n<h3 class=\"wp-block-heading\">Ora\u00e7\u00e3o do dia<\/h3>\n\n\n\n<p>\u00d3 Deus, que prometestes permanecer nos cora\u00e7\u00f5es sinceros e retos, dai-nos, por vossa gra\u00e7a, viver de tal modo, que possais habitar em n\u00f3s. Por Nosso Senhor Jesus Cristo, Vosso Filho, na unidade do Esp\u00edrito Santo.<\/p>\n\n\n\n<h3 class=\"wp-block-heading\">Leitura &#8211;&nbsp;G\u00eanesis 8,6-13.20-22<\/h3>\n\n\n\n<p>Leitura do livro do G\u00eanesis<\/p>\n\n\n\n<p>8 6 No fim de quarenta dias, abriu No\u00e9 a janela que tinha feito na arca 7 e deixou sair um corvo, o qual saindo, voava de um lado para outro, at\u00e9 que aparecesse a terra seca. 8 Soltou tamb\u00e9m uma pomba, para ver se as \u00e1guas teriam j\u00e1 diminu\u00eddo na face da terra. 9 A pomba, por\u00e9m, n\u00e3o encontrando onde pousar, voltou para junto dele na arca, porque havia ainda \u00e1gua na face da terra. No\u00e9 estendeu a m\u00e3o, e tendo-a tomado, recolheu-a na arca. 10 Esperou mais sete dias, e soltou de novo a pomba fora da arca. 11 E eis que pela tarde ela voltou, trazendo no bico uma folha verde de oliveira. Assim No\u00e9 compreendeu que as \u00e1guas tinham baixado sobre a terra. 12 Esperou ainda sete dias, e soltou a pomba que desta vez n\u00e3o mais voltou.<\/p>\n\n\n\n<p>13 No ano seiscentos e um, no primeiro m\u00eas, no primeiro dia do m\u00eas, as \u00e1guas se tinham secado sobre a terra. No\u00e9 descobriu o teto da arca, olhou e viu que a superf\u00edcie do solo estava seca.<\/p>\n\n\n\n<p>20 E No\u00e9 levantou um altar ao Senhor: tomou de todos os animais puros e de todas as aves puras, e ofereceu-os em holocausto ao Senhor sobre o altar. 21 O Senhor respirou um agrad\u00e1vel odor, e disse em seu cora\u00e7\u00e3o: \u201cDoravante, n\u00e3o mais amaldi\u00e7oarei a terra por causa do homem porque os pensamentos do seu cora\u00e7\u00e3o s\u00e3o maus desde a sua juventude, e n\u00e3o ferirei mais todos os seres vivos, como o fiz. 22 Enquanto durar a terra, n\u00e3o mais cessar\u00e3o a sementeira e a colheita, o frio e o calor, o ver\u00e3o e o inverno, o dia e a noite.\u201d<\/p>\n\n\n\n<p>Palavra do Senhor.<\/p>\n\n\n\n<h3 class=\"wp-block-heading\">Salmo Responsorial &#8211;&nbsp;115\/116B<\/h3>\n\n\n\n<p><strong>Oferto ao Senhor um sacrif\u00edcio de louvor.\u202f<\/strong><\/p>\n\n\n\n<p>Que poderei retribuir ao Senhor Deus<\/p>\n\n\n\n<p>por tudo aquilo que ele fez em meu favor?<\/p>\n\n\n\n<p>Elevo o c\u00e1lice da minha salva\u00e7\u00e3o,<\/p>\n\n\n\n<p>invocando o nome santo do Senhor.<\/p>\n\n\n\n<p>Vou cumprir minhas promessas ao Senhor<\/p>\n\n\n\n<p>na presen\u00e7a de seu povo reunido.<\/p>\n\n\n\n<p>\u00c9 sentida por demais pelo Senhor<\/p>\n\n\n\n<p>a morte de seus santos, seus amigos.<\/p>\n\n\n\n<p>Vou cumprir minhas promessas ao Senhor<\/p>\n\n\n\n<p>na presen\u00e7a de seu povo reunido;<\/p>\n\n\n\n<p>nos \u00e1trios da casa do Senhor,<\/p>\n\n\n\n<p>em teu meio, \u00f3 cidade de Si\u00e3o!<\/p>\n\n\n\n<h3 class=\"wp-block-heading\">Leitura &#8211;<\/h3>\n\n\n\n<h3 class=\"wp-block-heading\">Evangelho &#8211;&nbsp;Marcos 8,22-26<\/h3>\n\n\n\n<p>Aleluia, aleluia, aleluia.&nbsp;<\/p>\n\n\n\n<p>Que o Pai do Senhor Jesus Cristo vos d\u00ea do saber o Esp\u00edrito; para que conhe\u00e7ais a esperan\u00e7a, reservada para v\u00f3s como heran\u00e7a! (Ef 1,17s)&nbsp;<\/p>\n\n\n\n<p>Proclama\u00e7\u00e3o do Evangelho de Jesus Cristo segundo Marcos.&nbsp;<\/p>\n\n\n\n<p>Naquele tempo, 8 22 Jesus e seus disc\u00edpulos chegando a Betsaida, trouxeram-lhe um cego e suplicaram-lhe que o tocasse.&nbsp;<\/p>\n\n\n\n<p>23 Jesus tomou o cego pela m\u00e3o e levou-o para fora da aldeia. P\u00f4s-lhe saliva nos olhos e, impondo-lhe as m\u00e3os, perguntou-lhe: &#8220;V\u00eas alguma coisa?&#8221;&nbsp;<\/p>\n\n\n\n<p>24 O cego levantou os olhos e respondeu: &#8220;Vejo os homens como \u00e1rvores que andam&#8221;.&nbsp;<\/p>\n\n\n\n<p>25 Em seguida, Jesus lhe imp\u00f4s as m\u00e3os nos olhos e ele come\u00e7ou a ver e ficou curado, de modo que via distintamente de longe.<\/p>\n\n\n\n<p>26 E mandou-o para casa, dizendo-lhe: &#8220;N\u00e3o entres nem mesmo na aldeia&#8221;.<\/p>\n\n\n\n<p>Palavra da Salva\u00e7\u00e3o.<\/p>\n\n\n\n<h3 class=\"wp-block-heading\">Coment\u00e1rio ao Evangelho<\/h3>\n\n\n\n<p>A VIS\u00c3O RECOBRADA<\/p>\n\n\n\n<p>A cura do cego teve uma fun\u00e7\u00e3o simb\u00f3lica na forma\u00e7\u00e3o dos disc\u00edpulos. Jesus estava para lhes revelar coisas important\u00edssimas, que exigiam grande lucidez para serem compreendidas e assimiladas. A cegueira espiritual poderia lev\u00e1-los a n\u00e3o compreender as palavras do Mestre, ou ent\u00e3o a deturp\u00e1-las. A experi\u00eancia do cego correspondia \u00e0 experi\u00eancia que os disc\u00edpulos deveriam tamb\u00e9m fazer.<\/p>\n\n\n\n<p>Jesus acolheu a s\u00faplica dos que conduziam o cego, pedindo-lhe para toc\u00e1-lo. O cego foi conduzido para um lugar afastado. E, ao cabo de um verdadeiro ritual, Jesus lhe restituiu a vis\u00e3o, passando o homem a ver todas as coisas, mesmo de longe, bem e claramente. &nbsp;&nbsp;&nbsp;&nbsp; &nbsp;<\/p>\n\n\n\n<p>Aos disc\u00edpulos faltava esta vis\u00e3o perfeita, sendo ainda incapazes de captar a exata imposta\u00e7\u00e3o do convite de Jesus para segui-lo. Sua compreens\u00e3o de messianismo n\u00e3o se adequava \u00e0quela de Jesus. Eles esperavam que Jesus se manifestasse como messias rei, cheio de gl\u00f3ria e poder. E, nem de longe, podiam imaginar o quanto o projeto de Jesus se distanciava deste modelo messi\u00e2nico.&nbsp;<\/p>\n\n\n\n<p>Os olhos dos disc\u00edpulos deveriam ser abertos por Jesus assim como o foram os olhos do cego. Continuar a caminhar como cegos seria uma imprud\u00eancia. Suas vidas corriam o risco de terminar numa frustrante decep\u00e7\u00e3o.<\/p>\n","protected":false},"excerpt":{"rendered":"<p>Ora\u00e7\u00e3o do dia \u00d3 Deus, que prometestes permanecer nos cora\u00e7\u00f5es sinceros e retos, dai-nos, por vossa gra\u00e7a, viver de tal modo, que possais habitar em n\u00f3s. Por Nosso Senhor Jesus Cristo, Vosso Filho,&#8230;<\/p>\n","protected":false},"author":2,"featured_media":19840,"comment_status":"open","ping_status":"open","sticky":false,"template":"","format":"standard","meta":[],"categories":[7],"tags":[],"_links":{"self":[{"href":"https:\/\/www.salvatorianas.org.br\/blog\/wp-json\/wp\/v2\/posts\/19839"}],"collection":[{"href":"https:\/\/www.salvatorianas.org.br\/blog\/wp-json\/wp\/v2\/posts"}],"about":[{"href":"https:\/\/www.salvatorianas.org.br\/blog\/wp-json\/wp\/v2\/types\/post"}],"author":[{"embeddable":true,"href":"https:\/\/www.salvatorianas.org.br\/blog\/wp-json\/wp\/v2\/users\/2"}],"replies":[{"embeddable":true,"href":"https:\/\/www.salvatorianas.org.br\/blog\/wp-json\/wp\/v2\/comments?post=19839"}],"version-history":[{"count":1,"href":"https:\/\/www.salvatorianas.org.br\/blog\/wp-json\/wp\/v2\/posts\/19839\/revisions"}],"predecessor-version":[{"id":19841,"href":"https:\/\/www.salvatorianas.org.br\/blog\/wp-json\/wp\/v2\/posts\/19839\/revisions\/19841"}],"wp:featuredmedia":[{"embeddable":true,"href":"https:\/\/www.salvatorianas.org.br\/blog\/wp-json\/wp\/v2\/media\/19840"}],"wp:attachment":[{"href":"https:\/\/www.salvatorianas.org.br\/blog\/wp-json\/wp\/v2\/media?parent=19839"}],"wp:term":[{"taxonomy":"category","embeddable":true,"href":"https:\/\/www.salvatorianas.org.br\/blog\/wp-json\/wp\/v2\/categories?post=19839"},{"taxonomy":"post_tag","embeddable":true,"href":"https:\/\/www.salvatorianas.org.br\/blog\/wp-json\/wp\/v2\/tags?post=19839"}],"curies":[{"name":"wp","href":"https:\/\/api.w.org\/{rel}","templated":true}]}}