{"id":19836,"date":"2023-02-14T13:45:14","date_gmt":"2023-02-14T13:45:14","guid":{"rendered":"https:\/\/www.salvatorianas.org.br\/blog\/?p=19836"},"modified":"2023-02-14T13:45:18","modified_gmt":"2023-02-14T13:45:18","slug":"sao-cirilo-monge-e-sao-metodio-bispo-memoria-terca-feira","status":"publish","type":"post","link":"https:\/\/www.salvatorianas.org.br\/blog\/sao-cirilo-monge-e-sao-metodio-bispo-memoria-terca-feira\/","title":{"rendered":"S\u00e3o Cirilo, Monge e S\u00e3o Met\u00f3dio, Bispo &#8211; Mem\u00f3ria | Ter\u00e7a-feira"},"content":{"rendered":"\n<h3 class=\"wp-block-heading\">Ora\u00e7\u00e3o do dia<\/h3>\n\n\n\n<p>\u00d3 Deus, pelos dois irm\u00e3os Cirilo e Met\u00f3dio, levastes a luz do Evangelho aos povos eslavos; dai-nos acolher no cora\u00e7\u00e3o a vossa palavra e fazei de n\u00f3s um povo unido na verdadeira f\u00e9 e no fiel testemunho do Evangelho. Por Nosso Senhor Jesus Cristo, Vosso Filho, na unidade do Esp\u00edrito Santo.<\/p>\n\n\n\n<h3 class=\"wp-block-heading\">Leitura &#8211;&nbsp;G\u00eanesis 6,5-8;7,1-5.10<\/h3>\n\n\n\n<p>Leitura do livro do G\u00eanesis<\/p>\n\n\n\n<p>6 5 O Senhor viu que a maldade dos homens era grande na terra, e que todos os pensamentos de seu cora\u00e7\u00e3o estavam continuamente voltados para o mal. 6 O Senhor arrependeu-se de ter criado o homem na terra, e teve o cora\u00e7\u00e3o ferido de \u00edntima dor. 7 E disse: \u201cExterminarei da superf\u00edcie da terra o homem que criei, e com ele os animais, os r\u00e9pteis e as aves dos c\u00e9us, porque eu me arrependo de os haver criado.\u201d<\/p>\n\n\n\n<p>8 No\u00e9, entretanto, encontrou gra\u00e7a aos olhos do Senhor.<\/p>\n\n\n\n<p>7 1 O Senhor disse a No\u00e9: \u201cEntra na arca, tu e toda a tua casa, porque te reconheci justo diante dos meus olhos, entre os de tua gera\u00e7\u00e3o. 2 De todos os animais puros tomar\u00e1s sete casais, machos e f\u00eameas, e de todos animais impuros tomar\u00e1s um casal, macho e f\u00eamea; 3 das aves do c\u00e9u igualmente sete casais, machos e f\u00eameas, para que se conserve viva a ra\u00e7a sobre a face de toda a terra. 4 dentro de sete dias farei chover sobre a terra durante quarenta dias e quarenta noites, e exterminarei da superf\u00edcie da terra todos os seres que eu fiz.\u201d 5 No\u00e9 fez tudo o que o Senhor lhe tinha ordenado.<\/p>\n\n\n\n<p>10 Passados os sete dias, as \u00e1guas do dil\u00favio precipitaram-se sobre a terra.<\/p>\n\n\n\n<p>Palavra do Senhor.<\/p>\n\n\n\n<h3 class=\"wp-block-heading\">Salmo Responsorial &#8211;&nbsp;28\/29<\/h3>\n\n\n\n<p><strong>Que o Senhor aben\u00e7oe, com a paz, o seu povo!<\/strong><\/p>\n\n\n\n<p>Filhos de Deus, tributai ao Senhor,&nbsp;<\/p>\n\n\n\n<p>tributai-lhe a gl\u00f3ria e o poder!<\/p>\n\n\n\n<p>Dai-lhe a gl\u00f3ria devida ao seu nome;<\/p>\n\n\n\n<p>adorai-o com santo ornamento.<\/p>\n\n\n\n<p>Eis a voz do Senhor sobre as \u00e1guas,<\/p>\n\n\n\n<p>sua voz sobre as \u00e1guas imensas!&nbsp;<\/p>\n\n\n\n<p>Eis a voz do Senhor com poder!<\/p>\n\n\n\n<p>Eis a voz do Senhor majestosa.<\/p>\n\n\n\n<p>Sua voz no trov\u00e3o reboando!<\/p>\n\n\n\n<p>No seu templo os fi\u00e9is bradam: \u201cGl\u00f3ria!\u201d&nbsp;<\/p>\n\n\n\n<p>\u00c9 o Senhor que domina os dil\u00favios,<\/p>\n\n\n\n<p>o Senhor reinar\u00e1 para sempre!<\/p>\n\n\n\n<h3 class=\"wp-block-heading\">Leitura &#8211;<\/h3>\n\n\n\n<h3 class=\"wp-block-heading\">Evangelho &#8211;&nbsp;Marcos 8,14-21<\/h3>\n\n\n\n<p>Aleluia, aleluia, aleluia.&nbsp;<\/p>\n\n\n\n<p>Quem me ama, realmente, guardar\u00e1 minha palavra e meu Pai o amar\u00e1, e a ele n\u00f3s viremos (Jo 14,2).&nbsp;<\/p>\n\n\n\n<p>Proclama\u00e7\u00e3o do Evangelho de Jesus Cristo segundo Marcos.&nbsp;<\/p>\n\n\n\n<p>8 14 Aconteceu que os disc\u00edpulos de Jesus haviam esquecido de levar p\u00e3es consigo. Na barca havia um \u00fanico p\u00e3o.&nbsp;<\/p>\n\n\n\n<p>15 Jesus advertiu-os: \u201cAbri os olhos e acautelai-vos do fermento dos fariseus e do fermento de Herodes!\u201d&nbsp;<\/p>\n\n\n\n<p>16 E eles comentavam entre si que era por n\u00e3o terem p\u00e3o.&nbsp;<\/p>\n\n\n\n<p>17 Jesus percebeu-o e disse-lhes: \u201cPor que discutis por n\u00e3o terdes p\u00e3o? Ainda n\u00e3o tendes refletido nem compreendido? Tendes, pois, o cora\u00e7\u00e3o insens\u00edvel?&nbsp;<\/p>\n\n\n\n<p>18 Tendo olhos, n\u00e3o vedes? E tendo ouvidos, n\u00e3o ouvis? N\u00e3o vos lembrais mais?&nbsp;<\/p>\n\n\n\n<p>19 Ao partir eu os cinco p\u00e3es entre os cinco mil, quantos cestos recolhestes cheios de peda\u00e7os?\u201d Responderam-lhe: \u201cDoze\u201d.&nbsp;<\/p>\n\n\n\n<p>20 E quando eu parti os sete p\u00e3es entre os quatro mil homens, quantos cestos de peda\u00e7os levantastes? \u201cSete\u201d, responderam-lhe.&nbsp;<\/p>\n\n\n\n<p>21 Jesus disse-lhes: \u201cComo \u00e9 que ainda n\u00e3o entendeis?\u201d&nbsp;<\/p>\n\n\n\n<p>Palavra da Salva\u00e7\u00e3o.<\/p>\n\n\n\n<h3 class=\"wp-block-heading\">Coment\u00e1rio ao Evangelho<\/h3>\n\n\n\n<p>CUIDADO COM A HIPOCRISIA<\/p>\n\n\n\n<p>Jesus procurava precaver seus disc\u00edpulos contra certas posturas farisaicas, indignas de um disc\u00edpulo do Reino. Algumas correntes do farisa\u00edsmo haviam tomado rumos com os quais Jesus n\u00e3o estava de acordo. Eles eram v\u00edtimas do vedetismo, fazendo suas a\u00e7\u00f5es para terem o reconhecimento popular. Padeciam tamb\u00e9m da hipocrisia. Seu exterior n\u00e3o correspondia ao interior. Por isso, eram falsos quando davam demonstra\u00e7\u00e3o de piedade. Eles tinham um apego exagerado \u00e0s Escrituras, que eram interpretadas a seu bel prazer, mesmo falseando seu sentido e fazendo interpreta\u00e7\u00f5es contr\u00e1rias ao sentido da Lei. Os fariseus nutriam profundo desprezo por quem n\u00e3o era &#8220;perfeito&#8221; como eles. E acabavam formando um grupo herm\u00e9tico de pretensos puros e santos. Os disc\u00edpulos de Jesus n\u00e3o estavam imunes de serem contaminados por este mau esp\u00edrito, o fermento dos fariseus. Era preciso estar atento.<\/p>\n\n\n\n<p>Outra mentalidade contra a qual era preciso cuidar-se foi designada como o fermento de Herodes. Esse rei foi conhecido por sua megalomania, cruel viol\u00eancia, impiedade, tirania e arrog\u00e2ncia. Todas estas s\u00e3o atitudes indignas dos disc\u00edpulos do Reino, embora possam se deixar arrastar por elas.&nbsp;<\/p>\n\n\n\n<p>A conduta do disc\u00edpulo \u00e9 permeada pelo fermento de Jesus. \u00c9 na contempla\u00e7\u00e3o do Mestre que os disc\u00edpulos saber\u00e3o como ser fi\u00e9is \u00e0 sua f\u00e9.<\/p>\n","protected":false},"excerpt":{"rendered":"<p>Ora\u00e7\u00e3o do dia \u00d3 Deus, pelos dois irm\u00e3os Cirilo e Met\u00f3dio, levastes a luz do Evangelho aos povos eslavos; dai-nos acolher no cora\u00e7\u00e3o a vossa palavra e fazei de n\u00f3s um povo unido&#8230;<\/p>\n","protected":false},"author":2,"featured_media":19837,"comment_status":"open","ping_status":"open","sticky":false,"template":"","format":"standard","meta":[],"categories":[7],"tags":[],"_links":{"self":[{"href":"https:\/\/www.salvatorianas.org.br\/blog\/wp-json\/wp\/v2\/posts\/19836"}],"collection":[{"href":"https:\/\/www.salvatorianas.org.br\/blog\/wp-json\/wp\/v2\/posts"}],"about":[{"href":"https:\/\/www.salvatorianas.org.br\/blog\/wp-json\/wp\/v2\/types\/post"}],"author":[{"embeddable":true,"href":"https:\/\/www.salvatorianas.org.br\/blog\/wp-json\/wp\/v2\/users\/2"}],"replies":[{"embeddable":true,"href":"https:\/\/www.salvatorianas.org.br\/blog\/wp-json\/wp\/v2\/comments?post=19836"}],"version-history":[{"count":1,"href":"https:\/\/www.salvatorianas.org.br\/blog\/wp-json\/wp\/v2\/posts\/19836\/revisions"}],"predecessor-version":[{"id":19838,"href":"https:\/\/www.salvatorianas.org.br\/blog\/wp-json\/wp\/v2\/posts\/19836\/revisions\/19838"}],"wp:featuredmedia":[{"embeddable":true,"href":"https:\/\/www.salvatorianas.org.br\/blog\/wp-json\/wp\/v2\/media\/19837"}],"wp:attachment":[{"href":"https:\/\/www.salvatorianas.org.br\/blog\/wp-json\/wp\/v2\/media?parent=19836"}],"wp:term":[{"taxonomy":"category","embeddable":true,"href":"https:\/\/www.salvatorianas.org.br\/blog\/wp-json\/wp\/v2\/categories?post=19836"},{"taxonomy":"post_tag","embeddable":true,"href":"https:\/\/www.salvatorianas.org.br\/blog\/wp-json\/wp\/v2\/tags?post=19836"}],"curies":[{"name":"wp","href":"https:\/\/api.w.org\/{rel}","templated":true}]}}