{"id":19833,"date":"2023-02-13T17:09:47","date_gmt":"2023-02-13T17:09:47","guid":{"rendered":"https:\/\/www.salvatorianas.org.br\/blog\/?p=19833"},"modified":"2023-02-13T17:09:48","modified_gmt":"2023-02-13T17:09:48","slug":"6a-semana-do-tempo-comum-segunda-feira","status":"publish","type":"post","link":"https:\/\/www.salvatorianas.org.br\/blog\/6a-semana-do-tempo-comum-segunda-feira\/","title":{"rendered":"6\u00aa Semana do Tempo Comum | Segunda-feira"},"content":{"rendered":"\n<p>Evangelho &#8211;\u00a0Marcos 8,11-13<\/p>\n\n\n\n<h3 class=\"wp-block-heading\">Ora\u00e7\u00e3o do dia<\/h3>\n\n\n\n<p>\u00d3 Deus, que prometestes permanecer nos cora\u00e7\u00f5es sinceros e retos, dai-nos, por vossa gra\u00e7a, viver de tal modo, que possais habitar em n\u00f3s. Por Nosso Senhor Jesus Cristo, Vosso Filho, na unidade do Esp\u00edrito Santo.<\/p>\n\n\n\n<h3 class=\"wp-block-heading\">Leitura &#8211;&nbsp;G\u00eanesis 4,1-15.25<\/h3>\n\n\n\n<p>Leitura do livro do G\u00eanesis<\/p>\n\n\n\n<p>4 1 Ad\u00e3o conheceu Eva, sua mulher, e ela concebeu e deu \u00e0 luz Caim, e disse: \u201cPossu\u00ed um homem com a ajuda do Senhor.\u201d 2 E deu em seguida \u00e0 luz Abel, irm\u00e3o de Caim. Abel tornou-se pastor e Caim lavrador.<\/p>\n\n\n\n<p>3 Passado algum tempo, ofereceu Caim frutos da terra em obla\u00e7\u00e3o ao Senhor. 4 Abel, de seu lado, ofereceu dos primog\u00eanitos do seu rebanho e das gorduras dele; e o Senhor olhou com agrado para Abel e para sua obla\u00e7\u00e3o, 5 mas n\u00e3o olhou para Caim, nem para os seus dons. Caim ficou extremamente irritado com isso, e o seu semblante tornou-se abatido. 6 O Senhor disse-lhe: \u201cPor que est\u00e1s irado? E por que est\u00e1 abatido o teu semblante? 7 Se praticares o bem, sem d\u00favida alguma poder\u00e1s reabilitar-te. Mas se precederes mal, o pecado estar\u00e1 \u00e0 tua porta, espreitando-te; mas, tu dever\u00e1s domin\u00e1-lo.\u201d 8 Caim disse ent\u00e3o a Abel, seu irm\u00e3o: \u201cVamos ao campo.\u201d Logo que chegaram ao campo, Caim atirou-se sobre seu irm\u00e3o e matou-o. 9 O senhor disse a Caim: \u201cOnde est\u00e1 seu irm\u00e3o Abel?&#8221; \u2013 Caim respondeu: \u201cN\u00e3o sei! Sou porventura eu o guarda do meu irm\u00e3o?\u201d 10 O Senhor disse-lhe: \u201cQue fizeste! Eis que a voz do sangue do teu irm\u00e3o clama por mim desde a terra.<\/p>\n\n\n\n<p>11 De ora em diante, ser\u00e1s maldito e expulso da terra, que abriu sua boca para beber de tua m\u00e3o o sangue do teu irm\u00e3o. 12 Quando a cultivares, ela te negar\u00e1 os seus frutos. E tu ser\u00e1s peregrino e errante sobre a terra.\u201d 13 Caim disse ao Senhor: \u201cMeu castigo \u00e9 grande demais para que eu o possa suportar. 14 Eis que me expulsais agora deste lugar, e eu devo ocultar-me longe de vossa face, tornando-me um peregrino errante sobre a terra. O primeiro que me encontrar, matar-me-\u00e1.\u201d 15 E o Senhor respondeu-lhe: \u201cN\u00e3o! Mas aquele que matar Caim ser\u00e1 punido sete vezes.\u201d O Senhor p\u00f4s em Caim um sinal, para que, se algu\u00e9m o encontrasse, n\u00e3o o matasse.<\/p>\n\n\n\n<p>25 Ad\u00e3o conheceu outra vez sua mulher, e esta deu \u00e0 luz um filho, ao qual p\u00f4s o nome de Set, dizendo: \u201cDeus deu-me uma posteridade para substituir Abel, que Caim matou.\u201d<\/p>\n\n\n\n<p>Palavra do Senhor.<\/p>\n\n\n\n<h3 class=\"wp-block-heading\">Salmo Responsorial &#8211;&nbsp;49\/50<\/h3>\n\n\n\n<p><strong>Imola a Deus um sacrif\u00edcio de louvor!<\/strong><\/p>\n\n\n\n<p>Falou o Senhor Deus, chamou a terra,<\/p>\n\n\n\n<p>do sol nascente ao sol poente a convocou.<\/p>\n\n\n\n<p>Eu n\u00e3o venho censurar teus sacrif\u00edcios,<\/p>\n\n\n\n<p>pois sempre est\u00e3o perante mim teus holocaustos.<\/p>\n\n\n\n<p>\u201cComo ousas repetir os meus preceitos<\/p>\n\n\n\n<p>e trazer minha alian\u00e7a em tua boca?<\/p>\n\n\n\n<p>Tu que odiaste minhas leis e meus conselhos<\/p>\n\n\n\n<p>e deste as costas \u00e0s palavras dos meus l\u00e1bios!<\/p>\n\n\n\n<p>Assentado, difamavas teu irm\u00e3o<\/p>\n\n\n\n<p>e ao filho de tua m\u00e3e injuriavas.<\/p>\n\n\n\n<p>Diante disso que fizeste, eu calarei?<\/p>\n\n\n\n<p>Acaso pensas que eu sou igual a ti?<\/p>\n\n\n\n<p>\u00c9 disso que te acuso e repreendo<\/p>\n\n\n\n<p>e manifesto essas coisas aos teus olhos\u201d<\/p>\n\n\n\n<h3 class=\"wp-block-heading\">Leitura &#8211;<\/h3>\n\n\n\n<h3 class=\"wp-block-heading\">Evangelho &#8211;&nbsp;Marcos 8,11-13<\/h3>\n\n\n\n<p>Aleluia, aleluia, aleluia.&nbsp;<\/p>\n\n\n\n<p>Sou o caminho, a verdade e a vida, ningu\u00e9m vem ao Pai, sen\u00e3o por mim (J\u00f4 14,6).&nbsp;<\/p>\n\n\n\n<p>Proclama\u00e7\u00e3o do Evangelho de Jesus Cristo segundo Marcos.&nbsp;<\/p>\n\n\n\n<p>8 11 Vieram os fariseus e puseram-se a disputar com Jesus e pediram-lhe um sinal do c\u00e9u, para p\u00f4-lo \u00e0 prova.&nbsp;<\/p>\n\n\n\n<p>12 Jesus, por\u00e9m, suspirando no seu cora\u00e7\u00e3o, disse: \u201cPor que pede esta gera\u00e7\u00e3o um sinal? Em verdade vos digo: jamais lhe ser\u00e1 dado um sinal\u201d.&nbsp;<\/p>\n\n\n\n<p>13 Deixou-os e seguiu de barca para a outra margem.&nbsp;<\/p>\n\n\n\n<p>Palavra da Salva\u00e7\u00e3o.<\/p>\n\n\n\n<h3 class=\"wp-block-heading\">Coment\u00e1rio ao Evangelho<\/h3>\n\n\n\n<p>O PEDIDO RECUSADO<\/p>\n\n\n\n<p>Jesus recusou-se terminantemente a fazer exibi\u00e7\u00e3o de seu poder taumat\u00fargico, para satisfazer a curiosidade alheia ou para provar, a quem se recusava aceit\u00e1-lo, sua condi\u00e7\u00e3o messi\u00e2nica. Os fariseus tentaram, sem sucesso, arrancar um milagre de Jesus nestas condi\u00e7\u00f5es. Jesus n\u00e3o caiu nesta armadilha.<\/p>\n\n\n\n<p>S\u00e3o v\u00e1rios os motivos da recusa de Jesus. Os milagres n\u00e3o t\u00eam, por si mesmos, o poder de convencer ningu\u00e9m e lev\u00e1-lo \u00e0 f\u00e9. Fazer um milagre diante dos fariseus seria perda de tempo e poderia ter o efeito de faz\u00ea-los odiar Jesus ainda mais. Os milagres pressup\u00f5em a f\u00e9 e os fariseus representavam uma categoria de pessoas refrat\u00e1rias a Jesus e incapazes de perceber o verdadeiro significado de seu gesto. Os milagres t\u00eam como objetivo levar a salva\u00e7\u00e3o do Reino a quem \u00e9 privado de sua sa\u00fade ou tem a vida amea\u00e7ada. Esse n\u00e3o era o caso dos fariseus que n\u00e3o estavam dispostos a abrir m\u00e3o de seus preconceitos contra Jesus.&nbsp;<\/p>\n\n\n\n<p>Recusando atender o pedido dos fariseus, Jesus manifestou uma atitude de firmeza diante da tenta\u00e7\u00e3o de um messianismo espetacular e exibicionista que mant\u00e9m as pessoas cativas de seu ego\u00edsmo, sem sensibiliz\u00e1-las para o amor e a miseric\u00f3rdia. Igualmente, a tenta\u00e7\u00e3o de um messianismo humanamente gratificante, pelo sucesso e pelos aplausos. Jesus estava certo de que isto n\u00e3o correspondia ao querer do Pai.<\/p>\n","protected":false},"excerpt":{"rendered":"<p>Evangelho &#8211;\u00a0Marcos 8,11-13 Ora\u00e7\u00e3o do dia \u00d3 Deus, que prometestes permanecer nos cora\u00e7\u00f5es sinceros e retos, dai-nos, por vossa gra\u00e7a, viver de tal modo, que possais habitar em n\u00f3s. Por Nosso Senhor Jesus&#8230;<\/p>\n","protected":false},"author":2,"featured_media":19834,"comment_status":"open","ping_status":"open","sticky":false,"template":"","format":"standard","meta":[],"categories":[7],"tags":[],"_links":{"self":[{"href":"https:\/\/www.salvatorianas.org.br\/blog\/wp-json\/wp\/v2\/posts\/19833"}],"collection":[{"href":"https:\/\/www.salvatorianas.org.br\/blog\/wp-json\/wp\/v2\/posts"}],"about":[{"href":"https:\/\/www.salvatorianas.org.br\/blog\/wp-json\/wp\/v2\/types\/post"}],"author":[{"embeddable":true,"href":"https:\/\/www.salvatorianas.org.br\/blog\/wp-json\/wp\/v2\/users\/2"}],"replies":[{"embeddable":true,"href":"https:\/\/www.salvatorianas.org.br\/blog\/wp-json\/wp\/v2\/comments?post=19833"}],"version-history":[{"count":1,"href":"https:\/\/www.salvatorianas.org.br\/blog\/wp-json\/wp\/v2\/posts\/19833\/revisions"}],"predecessor-version":[{"id":19835,"href":"https:\/\/www.salvatorianas.org.br\/blog\/wp-json\/wp\/v2\/posts\/19833\/revisions\/19835"}],"wp:featuredmedia":[{"embeddable":true,"href":"https:\/\/www.salvatorianas.org.br\/blog\/wp-json\/wp\/v2\/media\/19834"}],"wp:attachment":[{"href":"https:\/\/www.salvatorianas.org.br\/blog\/wp-json\/wp\/v2\/media?parent=19833"}],"wp:term":[{"taxonomy":"category","embeddable":true,"href":"https:\/\/www.salvatorianas.org.br\/blog\/wp-json\/wp\/v2\/categories?post=19833"},{"taxonomy":"post_tag","embeddable":true,"href":"https:\/\/www.salvatorianas.org.br\/blog\/wp-json\/wp\/v2\/tags?post=19833"}],"curies":[{"name":"wp","href":"https:\/\/api.w.org\/{rel}","templated":true}]}}