{"id":19824,"date":"2023-02-10T16:47:18","date_gmt":"2023-02-10T16:47:18","guid":{"rendered":"https:\/\/www.salvatorianas.org.br\/blog\/?p=19824"},"modified":"2023-02-10T16:47:19","modified_gmt":"2023-02-10T16:47:19","slug":"santa-escolastica-virgem-memoria-sexta-feira","status":"publish","type":"post","link":"https:\/\/www.salvatorianas.org.br\/blog\/santa-escolastica-virgem-memoria-sexta-feira\/","title":{"rendered":"Santa Escol\u00e1stica, virgem &#8211; Mem\u00f3ria | Sexta-feira"},"content":{"rendered":"\n<h3 class=\"wp-block-heading\">Ora\u00e7\u00e3o do dia<\/h3>\n\n\n\n<p>Celebrando a festa de santa Escol\u00e1stica, n\u00f3s vos pedimos, \u00f3 Deus, a gra\u00e7a de imit\u00e1-la, servindo-vos com caridade perfeita e alegrando-nos com os sinais do vosso amor. Por Nosso Senhor Jesus Cristo, Vosso Filho, na unidade do Esp\u00edrito Santo.<\/p>\n\n\n\n<h3 class=\"wp-block-heading\">Leitura &#8211;&nbsp;G\u00eanesis 3,1-8<\/h3>\n\n\n\n<p>Leitura do livro do G\u00eanesis.<\/p>\n\n\n\n<p>3 1 A serpente era o mais astuto de todos os animais dos campos que o Senhor Deus tinha formado. Ela disse a mulher:&nbsp; &#8220;\u00c9 verdade que Deus vos proibiu comer do fruto de toda \u00e1rvore do jardim?\u201d 2 A mulher respondeu-lhe: &#8220;Podemos comer do fruto das \u00e1rvores do jardim. 3 Mas do fruto da \u00e1rvore que est\u00e1 no meio do jardim, Deus disse: V\u00f3s n\u00e3o comereis dele, nem o tocareis, para que n\u00e3o morrais.\u201d 4 \u201cOh, n\u00e3o! \u2013 tornou a serpente \u2013 v\u00f3s n\u00e3o morrereis! 5 Mas Deus bem sabe que, no dia em que dele comerdes, vossos olhos se abrir\u00e3o, e sereis como deuses, conhecedores do bem e do mal.\u201d<\/p>\n\n\n\n<p>6 A mulher, vendo que o fruto da \u00e1rvore era bom para comer, de agrad\u00e1vel aspecto e mui apropriado para abrir a intelig\u00eancia, tomou dele, comeu, e o apresentou tamb\u00e9m ao seu marido, que comeu igualmente. 7 Ent\u00e3o os seus olhos abriram-se; e, vendo que estavam nus, tomaram folhas de figueira, ligaram-nas e fizeram cinturas para si.<\/p>\n\n\n\n<p>8 E eis que ouviram o barulho (dos passos) do Senhor Deus que passeava no jardim, \u00e0 hora da brisa da tarde. O homem e sua mulher esconderam-se da face do Senhor Deus, no meio das \u00e1rvores do jardim.<\/p>\n\n\n\n<p>Palavra do Senhor.<\/p>\n\n\n\n<h3 class=\"wp-block-heading\">Salmo Responsorial &#8211;&nbsp;31\/32<\/h3>\n\n\n\n<p><strong>Feliz aquele cuja falta \u00e9 perdoada!<\/strong><\/p>\n\n\n\n<p>Feliz o homem que foi perdoado<\/p>\n\n\n\n<p>e cuja falta j\u00e1 foi encoberta!<\/p>\n\n\n\n<p>Feliz o homem a quem o Senhor<\/p>\n\n\n\n<p>n\u00e3o olha mais como sendo culpado<\/p>\n\n\n\n<p>e em cuja alma n\u00e3o h\u00e1 falsidade!<\/p>\n\n\n\n<p>Eu confessei, afinal, meu pecado<\/p>\n\n\n\n<p>e minha falta vos fiz conhecer.<\/p>\n\n\n\n<p>Disse: \u201cEu irei confessar meu pecado!\u201d<\/p>\n\n\n\n<p>E perdoastes, Senhor, minha falta.<\/p>\n\n\n\n<p>Todo fiel pode, assim, invocar-vos<\/p>\n\n\n\n<p>durante o tempo da ang\u00fastia e afli\u00e7\u00e3o,<\/p>\n\n\n\n<p>porque, ainda que irrompam as \u00e1guas,<\/p>\n\n\n\n<p>n\u00e3o poder\u00e3o atingi-lo jamais.<\/p>\n\n\n\n<p>Sois para mim prote\u00e7\u00e3o e ref\u00fagio;<\/p>\n\n\n\n<p>na minha ang\u00fastia me haveis de salvar<\/p>\n\n\n\n<p>e envolvereis a minha alma no gozo<\/p>\n\n\n\n<p>da salva\u00e7\u00e3o que me vem s\u00f3 de v\u00f3s.<\/p>\n\n\n\n<h3 class=\"wp-block-heading\">Leitura &#8211;<\/h3>\n\n\n\n<h3 class=\"wp-block-heading\">Evangelho &#8211;&nbsp;Marcos 7,31-37<\/h3>\n\n\n\n<p>Aleluia, aleluia, aleluia.<\/p>\n\n\n\n<p>Abri-nos, \u00f3 Senhor, o cora\u00e7\u00e3o para ouvirmos a palavra de Jesus! (At 16,14).<\/p>\n\n\n\n<p>Proclama\u00e7\u00e3o do Evangelho de Jesus Cristo segundo Marcos.<\/p>\n\n\n\n<p>7 31 Ele deixou de novo as fronteiras de Tiro e foi por Sid\u00f4nia ao mar da Galileia, no meio do territ\u00f3rio da Dec\u00e1pole.<\/p>\n\n\n\n<p>32 Ora, apresentaram-lhe um surdo-mudo, rogando-lhe que lhe impusesse a m\u00e3o.<\/p>\n\n\n\n<p>33 Jesus tomou-o \u00e0 parte dentre o povo, p\u00f4s-lhe os dedos nos ouvidos e tocou-lhe a l\u00edngua com saliva.<\/p>\n\n\n\n<p>34 E levantou os olhos ao c\u00e9u, deu um suspiro e disse-lhe: &#8220;\u00c9fata!&#8221;, que quer dizer &#8220;abre-te!&#8221;<\/p>\n\n\n\n<p>35 No mesmo instante os ouvidos se lhe abriram, a pris\u00e3o da l\u00edngua se lhe desfez e ele falava perfeitamente.<\/p>\n\n\n\n<p>36 Proibiu-lhes que o dissessem a algu\u00e9m. Mas quanto mais lhes proibia, tanto mais o publicavam.<\/p>\n\n\n\n<p>37 E tanto mais se admiravam, dizendo: &#8220;Ele fez bem todas as coisas. Fez ouvir os surdos e falar os mudos&#8221;.<\/p>\n\n\n\n<p>Palavra da Salva\u00e7\u00e3o.<\/p>\n\n\n\n<h3 class=\"wp-block-heading\">Coment\u00e1rio ao Evangelho<\/h3>\n\n\n\n<p>ELE FEZ TUDO BEM<\/p>\n\n\n\n<p>Jesus &#8220;fazia bem todas as coisas&#8221;. Isto revela o empenho que colocava no exerc\u00edcio de sua miss\u00e3o. Ele n\u00e3o fazia as coisas pela metade, n\u00e3o concedia benef\u00edcios parcelados e condicionados, nem se contentava com a\u00e7\u00f5es malfeitas. Pelo contr\u00e1rio, seus gestos poderosos traziam a marca da plenitude.<\/p>\n\n\n\n<p>No caso do surdo-mudo, a plenitude do gesto de Jesus deve ser entendida para al\u00e9m da cura f\u00edsica. O fato de abrir-lhe os ouvidos, possibilitando-lhe ouvir perfeitamente, e da liberta\u00e7\u00e3o da mudez, de modo a poder falar sem dificuldade, j\u00e1 \u00e9, por si, formid\u00e1vel. Contudo, isto ainda seria insuficiente para que a a\u00e7\u00e3o de Jesus fosse declarada bem-feita. Era necess\u00e1rio possibilitar ao surdo-mudo um &#8220;abrir-se&#8221; ainda mais radical: desfazer-lhe as outras pris\u00f5es, e num n\u00edvel tal de profundidade, de forma a coloc\u00e1-lo em plena sintonia com Deus e com os seus semelhantes.<\/p>\n\n\n\n<p>Sem esta passagem da cura f\u00edsica \u00e0 cura espiritual, a primeira n\u00e3o teria muita import\u00e2ncia. Vale a pena algu\u00e9m ser curado da surdez e da mudez para levar uma vida ego\u00edsta, sem solidarizar-se com os necessitados? Tem sentido ser privilegiado com um gesto de miseric\u00f3rdia de Jesus, e recusar-se a ser misericordioso com o pr\u00f3ximo?<\/p>\n\n\n\n<p>S\u00f3 uma cura radical possibilitaria \u00e0quele homem ser misericordioso com os demais. E era isto que interessava a Jesus.<\/p>\n","protected":false},"excerpt":{"rendered":"<p>Ora\u00e7\u00e3o do dia Celebrando a festa de santa Escol\u00e1stica, n\u00f3s vos pedimos, \u00f3 Deus, a gra\u00e7a de imit\u00e1-la, servindo-vos com caridade perfeita e alegrando-nos com os sinais do vosso amor. Por Nosso Senhor&#8230;<\/p>\n","protected":false},"author":2,"featured_media":19825,"comment_status":"open","ping_status":"open","sticky":false,"template":"","format":"standard","meta":[],"categories":[7],"tags":[],"_links":{"self":[{"href":"https:\/\/www.salvatorianas.org.br\/blog\/wp-json\/wp\/v2\/posts\/19824"}],"collection":[{"href":"https:\/\/www.salvatorianas.org.br\/blog\/wp-json\/wp\/v2\/posts"}],"about":[{"href":"https:\/\/www.salvatorianas.org.br\/blog\/wp-json\/wp\/v2\/types\/post"}],"author":[{"embeddable":true,"href":"https:\/\/www.salvatorianas.org.br\/blog\/wp-json\/wp\/v2\/users\/2"}],"replies":[{"embeddable":true,"href":"https:\/\/www.salvatorianas.org.br\/blog\/wp-json\/wp\/v2\/comments?post=19824"}],"version-history":[{"count":2,"href":"https:\/\/www.salvatorianas.org.br\/blog\/wp-json\/wp\/v2\/posts\/19824\/revisions"}],"predecessor-version":[{"id":19827,"href":"https:\/\/www.salvatorianas.org.br\/blog\/wp-json\/wp\/v2\/posts\/19824\/revisions\/19827"}],"wp:featuredmedia":[{"embeddable":true,"href":"https:\/\/www.salvatorianas.org.br\/blog\/wp-json\/wp\/v2\/media\/19825"}],"wp:attachment":[{"href":"https:\/\/www.salvatorianas.org.br\/blog\/wp-json\/wp\/v2\/media?parent=19824"}],"wp:term":[{"taxonomy":"category","embeddable":true,"href":"https:\/\/www.salvatorianas.org.br\/blog\/wp-json\/wp\/v2\/categories?post=19824"},{"taxonomy":"post_tag","embeddable":true,"href":"https:\/\/www.salvatorianas.org.br\/blog\/wp-json\/wp\/v2\/tags?post=19824"}],"curies":[{"name":"wp","href":"https:\/\/api.w.org\/{rel}","templated":true}]}}