{"id":19817,"date":"2023-02-08T10:12:17","date_gmt":"2023-02-08T10:12:17","guid":{"rendered":"https:\/\/www.salvatorianas.org.br\/blog\/?p=19817"},"modified":"2023-02-08T10:12:20","modified_gmt":"2023-02-08T10:12:20","slug":"5a-semana-do-tempo-comum-quarta-feira","status":"publish","type":"post","link":"https:\/\/www.salvatorianas.org.br\/blog\/5a-semana-do-tempo-comum-quarta-feira\/","title":{"rendered":"5\u00aa Semana do Tempo Comum | Quarta-feira"},"content":{"rendered":"\n<h3 class=\"wp-block-heading\">Ora\u00e7\u00e3o do dia<\/h3>\n\n\n\n<p>Velai, \u00f3 Deus, sobre a vossa fam\u00edlia com incans\u00e1vel amor; e, como s\u00f3 confiamos na vossa gra\u00e7a, guardai-nos sob a vossa prote\u00e7\u00e3o. Por Nosso Senhor Jesus Cristo, Vosso Filho, na unidade do Esp\u00edrito Santo.<\/p>\n\n\n\n<h3 class=\"wp-block-heading\">Leitura &#8211;&nbsp;G\u00eanesis 2,4-9.15-17<\/h3>\n\n\n\n<p>Leitura do livro do G\u00eanesis.<\/p>\n\n\n\n<p>2 4 No tempo em que o Senhor Deus fez a terra e os c\u00e9us, 5 n\u00e3o existia ainda sobre a terra nenhum arbusto nos campos, e nenhuma erva havia ainda brotado nos campos, porque o Senhor Deus n\u00e3o tinha feito chover sobre a terra, nem havia homem que a cultivasse; 6 mas subia da terra um vapor que regava toda a sua superf\u00edcie.<\/p>\n\n\n\n<p>7 O Senhor Deus formou, pois, o homem do barro da terra, e inspirou-lhe nas narinas um sopro de vida e o homem se tornou um ser vivente.<\/p>\n\n\n\n<p>8 Ora, o Senhor Deus tinha plantado um jardim no \u00c9den, do lado do oriente, e colocou nele o homem que havia criado. 9 O Senhor Deus fez brotar da terra toda sorte de \u00e1rvores, de aspecto agrad\u00e1vel, e de frutos bons para comer; e a \u00e1rvore da vida no meio do jardim, e a \u00e1rvore da ci\u00eancia do bem e do mal.<\/p>\n\n\n\n<p>15 O Senhor Deus tomou o homem e colocou-o no jardim do \u00c9den para cultiv\u00e1-lo e guard\u00e1-lo.<\/p>\n\n\n\n<p>16 Deu-lhe este preceito: \u201cPodes comer do fruto de todas as \u00e1rvores do jardim; 17 mas n\u00e3o comas do fruto da \u00e1rvore da ci\u00eancia do bem e do mal; porque no dia em que dele comeres, morrer\u00e1s indubitavelmente.\u201d<\/p>\n\n\n\n<p>Palavra do Senhor.<\/p>\n\n\n\n<h3 class=\"wp-block-heading\">Salmo Responsorial &#8211;&nbsp;103\/104<\/h3>\n\n\n\n<p><strong>Bendize, \u00f3 minha alma, ao Senhor!<\/strong><\/p>\n\n\n\n<p>Bendize, \u00f3 minha alma, ao Senhor!<\/p>\n\n\n\n<p>\u00d3 meu Deus e meu Senhor, como sois grande!<\/p>\n\n\n\n<p>De majestade e esplendor vos revestir<\/p>\n\n\n\n<p>e de luz vos envolveis como num manto.<\/p>\n\n\n\n<p>Todos eles, \u00f3 Senhor, de v\u00f3s esperam<\/p>\n\n\n\n<p>que a se tempo v\u00f3s lhes deis o alimento;<\/p>\n\n\n\n<p>v\u00f3s lhes dais o que comer e eles recolhem,<\/p>\n\n\n\n<p>v\u00f3s abris a vossa m\u00e3o e eles se fartam.<\/p>\n\n\n\n<p>Se tirais o seu respiro, eles perecem<\/p>\n\n\n\n<p>e voltam para o p\u00f3 de onde vieram;<\/p>\n\n\n\n<p>enviais o vosso esp\u00edrito e renascem,<\/p>\n\n\n\n<p>e da terra toda a face renovais.<\/p>\n\n\n\n<h3 class=\"wp-block-heading\">Leitura &#8211;<\/h3>\n\n\n\n<h3 class=\"wp-block-heading\">Evangelho &#8211;&nbsp;Marcos 7,14-23<\/h3>\n\n\n\n<p>Aleluia, aleluia, aleluia.<\/p>\n\n\n\n<p>Vossa palavra \u00e9 a verdade; santificai-nos na verdade! (Jo 17,17).<\/p>\n\n\n\n<p>Proclama\u00e7\u00e3o do Evangelho de Jesus Cristo segundo Marcos.<\/p>\n\n\n\n<p>Naquele tempo, 7 14 tendo chamado de novo a turba, dizia-lhes: &#8220;Ouvi-me todos, e entendei.<\/p>\n\n\n\n<p>15 Nada h\u00e1 fora do homem que, entrando nele, o possa manchar; mas o que sai do homem, isso \u00e9 que mancha o homem.<\/p>\n\n\n\n<p>16 Quem tem ouvidos para ouvir ou\u00e7a&#8221;.<\/p>\n\n\n\n<p>17 Quando deixou o povo e entrou em casa, os seus disc\u00edpulos perguntaram-lhe acerca da par\u00e1bola.<\/p>\n\n\n\n<p>18 Respondeu-lhes: &#8220;Sois tamb\u00e9m v\u00f3s assim ignorantes? N\u00e3o compreendeis que tudo o que de fora entra no homem n\u00e3o o pode tornar impuro,<\/p>\n\n\n\n<p>19 porque n\u00e3o lhe entra no cora\u00e7\u00e3o, mas vai ao ventre e dali segue sua lei natural?&#8221; Assim ele declarava puros todos os alimentos. E acrescentava:<\/p>\n\n\n\n<p>20 &#8220;Ora, o que sai do homem, isso \u00e9 que mancha o homem.<\/p>\n\n\n\n<p>21 Porque \u00e9 do interior do cora\u00e7\u00e3o dos homens que procedem os maus pensamentos: devassid\u00f5es, roubos, assassinatos,<\/p>\n\n\n\n<p>22 adult\u00e9rios, cobi\u00e7as, perversidades, fraudes, desonestidade, inveja, difama\u00e7\u00e3o, orgulho e insensatez.<\/p>\n\n\n\n<p>23 Todos estes v\u00edcios procedem de dentro e tornam impuro o homem&#8221;.<\/p>\n\n\n\n<p>Palavra da Salva\u00e7\u00e3o.<\/p>\n\n\n\n<h3 class=\"wp-block-heading\">Coment\u00e1rio ao Evangelho<\/h3>\n\n\n\n<p>DE ONDE VEM A IMPUREZA?<\/p>\n\n\n\n<p>Jesus buscou recuperar a interioridade e a profundidade da pr\u00e1tica da f\u00e9, contrapondo-se \u00e0 exterioridade e superficialidade dos escribas e fariseus. Exortava seus disc\u00edpulos a perceberem que a verdadeira contamina\u00e7\u00e3o do ser humano n\u00e3o prov\u00e9m do seu exterior, e sim, do cora\u00e7\u00e3o. Assim, quem pretende apresentar-se puro diante de Deus, deve, antes, purificar o seu \u00edntimo de onde prov\u00e9m todo o mal.<\/p>\n\n\n\n<p>Esta purifica\u00e7\u00e3o n\u00e3o consiste num gesto exterior, como seria um banho ou uma lavagem de m\u00e3os. Ela acontece quando a pessoa, sintonizada com Deus, elimina tudo o que pode perturbar sua rela\u00e7\u00e3o com o pr\u00f3ximo. Quem \u00e9 puro, pensa bem de seu semelhante; respeita-lhe a vida, o corpo e a propriedade; \u00e9 misericordioso no trato com ele; n\u00e3o age com dolo ou mal\u00edcia. Estes s\u00e3o sinais inequ\u00edvocos de pureza interior.<\/p>\n\n\n\n<p>Se isto n\u00e3o acontece, por mais que o indiv\u00edduo se lave com \u00e1gua, estar\u00e1 cheio de impurezas e despreparado para realizar um culto agrad\u00e1vel a Deus. As coisas materiais s\u00e3o indiferentes; n\u00e3o t\u00eam um poder m\u00e1gico de contamina\u00e7\u00e3o.<\/p>\n\n\n\n<p>Portanto, os disc\u00edpulos n\u00e3o devem dar aten\u00e7\u00e3o \u00e0s insinua\u00e7\u00f5es dos fariseus. N\u00e3o vale a pena buscar a pureza pelo caminho indicado por eles.<\/p>\n","protected":false},"excerpt":{"rendered":"<p>Ora\u00e7\u00e3o do dia Velai, \u00f3 Deus, sobre a vossa fam\u00edlia com incans\u00e1vel amor; e, como s\u00f3 confiamos na vossa gra\u00e7a, guardai-nos sob a vossa prote\u00e7\u00e3o. Por Nosso Senhor Jesus Cristo, Vosso Filho, na&#8230;<\/p>\n","protected":false},"author":2,"featured_media":19818,"comment_status":"open","ping_status":"open","sticky":false,"template":"","format":"standard","meta":[],"categories":[7],"tags":[],"_links":{"self":[{"href":"https:\/\/www.salvatorianas.org.br\/blog\/wp-json\/wp\/v2\/posts\/19817"}],"collection":[{"href":"https:\/\/www.salvatorianas.org.br\/blog\/wp-json\/wp\/v2\/posts"}],"about":[{"href":"https:\/\/www.salvatorianas.org.br\/blog\/wp-json\/wp\/v2\/types\/post"}],"author":[{"embeddable":true,"href":"https:\/\/www.salvatorianas.org.br\/blog\/wp-json\/wp\/v2\/users\/2"}],"replies":[{"embeddable":true,"href":"https:\/\/www.salvatorianas.org.br\/blog\/wp-json\/wp\/v2\/comments?post=19817"}],"version-history":[{"count":1,"href":"https:\/\/www.salvatorianas.org.br\/blog\/wp-json\/wp\/v2\/posts\/19817\/revisions"}],"predecessor-version":[{"id":19819,"href":"https:\/\/www.salvatorianas.org.br\/blog\/wp-json\/wp\/v2\/posts\/19817\/revisions\/19819"}],"wp:featuredmedia":[{"embeddable":true,"href":"https:\/\/www.salvatorianas.org.br\/blog\/wp-json\/wp\/v2\/media\/19818"}],"wp:attachment":[{"href":"https:\/\/www.salvatorianas.org.br\/blog\/wp-json\/wp\/v2\/media?parent=19817"}],"wp:term":[{"taxonomy":"category","embeddable":true,"href":"https:\/\/www.salvatorianas.org.br\/blog\/wp-json\/wp\/v2\/categories?post=19817"},{"taxonomy":"post_tag","embeddable":true,"href":"https:\/\/www.salvatorianas.org.br\/blog\/wp-json\/wp\/v2\/tags?post=19817"}],"curies":[{"name":"wp","href":"https:\/\/api.w.org\/{rel}","templated":true}]}}